{"id":192038,"date":"2026-06-01T07:01:07","date_gmt":"2026-06-01T07:01:07","guid":{"rendered":"https:\/\/www.europesays.com\/lt\/192038\/"},"modified":"2026-06-01T07:01:07","modified_gmt":"2026-06-01T07:01:07","slug":"turkijoje-nuskendo-148-keleivius-plukdes-turistinis-laivas","status":"publish","type":"post","link":"https:\/\/www.europesays.com\/lt\/192038\/","title":{"rendered":"Turkijoje nuskendo 148 keleivius plukd\u0119s turistinis laivas"},"content":{"rendered":"<p>Pasak prane\u0161imo, incidentas \u012fvyko j\u016broje netoli Rojaus salos pusiasalio.<\/p>\n<p>\u012e laiv\u0105 besisunkiant\u012f vanden\u012f pasteb\u0117j\u0119s kapitonas dar m\u0117gino nukreipti \u201epirat\u0173 laiv\u0105\u201c kranto link, ta\u010diau j\u012f labai spar\u010diai \u0117m\u0117 semti.<\/p>\n<p>Skelbiama, kad \u012fgula nedelsdama \u0117m\u0117si veiksm\u0173 ir perk\u0117l\u0117 laive buvusius keleivius \u012f netoliese plaukiojusius kitus turistinius laivus.<\/p>\n<p>\u201eGelb\u0117jimo operacijoje taip pat dalyvavo pakran\u010di\u0173 apsaugos pareig\u016bnai. Visi laivo keleiviai buvo skubiai evakuoti, o netrukus po to laivas visi\u0161kai paniro \u012f vanden\u012f. Per incident\u0105 niekas nenukent\u0117jo\u201c, \u2013 teigiama prane\u0161ime.<\/p>\n<p>\u017dmon\u0117s \u0117m\u0117 \u0161okin\u0117ti \u012f vanden\u012f<\/p>\n<p>Kaip ra\u0161o \u201eThe New York Post\u201c, panikos apimti \u017emon\u0117s \u0117m\u0117 \u0161okin\u0117ti \u012f vanden\u012f.<\/p>\n<p>Viename i\u0161 socialiniuose tinkluose paskelbt\u0173 vaizdo \u012fra\u0161\u0173 u\u017efiksuotas \u012f vanden\u012f i\u0161 laivo \u0161okantis \u017emogus.<\/p>\n<p>Vietos vald\u017eios institucijos prad\u0117jo tyrim\u0105 d\u0117l nelaim\u0117s aplinkybi\u0173.<\/p>\n<p>Vadinamasis pirat\u0173 laivas Turkijoje \u2013 tai turistams skirtas pramoginis laivas, dekoruotas kaip senovinis pirat\u0173 burlaivis. Tokie laivai plukdo poilsiautojus pakrante, rengia vakar\u0117lius ir ekskursijas.<\/p>\n","protected":false},"excerpt":{"rendered":"Pasak prane\u0161imo, incidentas \u012fvyko j\u016broje netoli Rojaus salos pusiasalio. \u012e laiv\u0105 besisunkiant\u012f vanden\u012f pasteb\u0117j\u0119s kapitonas dar m\u0117gino nukreipti&hellip;\n","protected":false},"author":2,"featured_media":192039,"comment_status":"","ping_status":"","sticky":false,"template":"","format":"standard","meta":{"footnotes":"","_share_on_mastodon":"0"},"categories":[15],"tags":[25,30,31,34,35,24,3561,32,33,37,39,36,38,40,23,22,44,28,29,26,27,1853,74,75,76],"class_list":["post-192038","post","type-post","status-publish","format-standard","has-post-thumbnail","category-pasaulis","tag-antrastes","tag-breaking-news","tag-breakingnews","tag-featured-news","tag-featurednews","tag-headlines","tag-laivas","tag-latest-news","tag-latestnews","tag-lietuva","tag-lietuviu","tag-lithuania","tag-lithuanian","tag-lt","tag-naujienos","tag-news","tag-pasaulis","tag-populiariausios-naujienos","tag-populiariausiosnaujienos","tag-top-stories","tag-topstories","tag-turkija","tag-world","tag-world-news","tag-worldnews"],"share_on_mastodon":{"url":"https:\/\/pubeurope.com\/@lt\/116673569393278291","error":""},"_links":{"self":[{"href":"https:\/\/www.europesays.com\/lt\/wp-json\/wp\/v2\/posts\/192038","targetHints":{"allow":["GET"]}}],"collection":[{"href":"https:\/\/www.europesays.com\/lt\/wp-json\/wp\/v2\/posts"}],"about":[{"href":"https:\/\/www.europesays.com\/lt\/wp-json\/wp\/v2\/types\/post"}],"author":[{"embeddable":true,"href":"https:\/\/www.europesays.com\/lt\/wp-json\/wp\/v2\/users\/2"}],"replies":[{"embeddable":true,"href":"https:\/\/www.europesays.com\/lt\/wp-json\/wp\/v2\/comments?post=192038"}],"version-history":[{"count":0,"href":"https:\/\/www.europesays.com\/lt\/wp-json\/wp\/v2\/posts\/192038\/revisions"}],"wp:featuredmedia":[{"embeddable":true,"href":"https:\/\/www.europesays.com\/lt\/wp-json\/wp\/v2\/media\/192039"}],"wp:attachment":[{"href":"https:\/\/www.europesays.com\/lt\/wp-json\/wp\/v2\/media?parent=192038"}],"wp:term":[{"taxonomy":"category","embeddable":true,"href":"https:\/\/www.europesays.com\/lt\/wp-json\/wp\/v2\/categories?post=192038"},{"taxonomy":"post_tag","embeddable":true,"href":"https:\/\/www.europesays.com\/lt\/wp-json\/wp\/v2\/tags?post=192038"}],"curies":[{"name":"wp","href":"https:\/\/api.w.org\/{rel}","templated":true}]}}