{"id":192264,"date":"2026-06-01T11:56:09","date_gmt":"2026-06-01T11:56:09","guid":{"rendered":"https:\/\/www.europesays.com\/lt\/192264\/"},"modified":"2026-06-01T11:56:09","modified_gmt":"2026-06-01T11:56:09","slug":"galingas-sprogimas-nugriaudejo-maltos-fejerverku-gamykloje","status":"publish","type":"post","link":"https:\/\/www.europesays.com\/lt\/192264\/","title":{"rendered":"Galingas sprogimas nugriaud\u0117jo Maltos fejerverk\u0173 gamykloje"},"content":{"rendered":"<p>Sprogimas nugriaud\u0117jo \u201eLourdes\u201c fejerverk\u0173 gamykloje, \u012fsik\u016brusioje Triq il-Qadi gatv\u0117je. Nelaim\u0117s metu apgadinti aplinkiniai pastatai. <\/p>\n<p>Kaip prane\u0161\u0117 policija, gamyklos darbuotojai ir kaimynyst\u0117je gyvenantys \u017emon\u0117s buvo surasti ir \u012fsitikinta j\u0173 saugumu. Du 47 ir 67 met\u0173 am\u017eiaus vyrai, dirb\u0119 netoliese plytin\u010diuose \u016bkinink\u0173 laukuose, d\u0117l patirto \u0161oko ir nesunki\u0173 su\u017ealojim\u0173 buvo paguldyti \u012f ligonin\u0119.<\/p>\n<p>Sprogimas \u012fvyko apie 6.30 val. ryte vietos laiku, o d\u016bm\u0173 stulpas buvo matomas i\u0161 daugelio viet\u0173 Maltoje. Sprogimo sukelt\u0105 sm\u016bg\u012f pajuto salos centrin\u0117je ir \u0161iaurin\u0117je dalyse esantys gyventojai.<\/p>\n<p>Netoli Triq Is-Salini gatv\u0117s \u012fsik\u016brusiuose sve\u010di\u0173 namuose \u201eWhite Star\u201c sprogimo banga i\u0161mu\u0161\u0117 duris. Viename i\u0161 numeri\u0173 miegoj\u0119 sve\u010diai nukent\u0117jo, kai i\u0161du\u017eo stiklin\u0117s durys, o nuolau\u017eos pabiro ant j\u0173.<\/p>\n<p>\u017demdirbiams atstovaujanti vietin\u0117 nevyriausybin\u0117 organizacija \u201eMaYA Foundation\u201c pasid\u017eiaug\u0117, kad niekas ne\u017euvo ir nebuvo sunkiai su\u017eeistas, ta\u010diau prane\u0161\u0117 apie didel\u0119 \u017eal\u0105 \u016bkiuose.<\/p>\n<p>\u201ePastarosiomis valandomis \u201eMaYA\u201c susisiek\u0117 su aplinkini\u0173 rajon\u0173 \u016bkininkais ir gyvuli\u0173 augintojais, kurie prane\u0161\u0117 apie patirt\u0105 didel\u0119 \u017eal\u0105. Buvo apgadinti pastatai, \u017euvo gyvuliai, taip pat u\u017efiksuotas rimtas poveikis gyvuliams d\u0117l sprogim\u0173 sukeltos bangos ir patirto streso\u201c, \u2013 sakoma organizacijos prane\u0161ime.<\/p>\n","protected":false},"excerpt":{"rendered":"Sprogimas nugriaud\u0117jo \u201eLourdes\u201c fejerverk\u0173 gamykloje, \u012fsik\u016brusioje Triq il-Qadi gatv\u0117je. Nelaim\u0117s metu apgadinti aplinkiniai pastatai. Kaip prane\u0161\u0117 policija, gamyklos&hellip;\n","protected":false},"author":2,"featured_media":192265,"comment_status":"","ping_status":"","sticky":false,"template":"","format":"standard","meta":{"footnotes":"","_share_on_mastodon":"0"},"categories":[15],"tags":[25,30,31,34,35,24,32,33,37,39,36,38,40,10674,23,22,44,28,29,26,27,74,75,76],"class_list":["post-192264","post","type-post","status-publish","format-standard","has-post-thumbnail","category-pasaulis","tag-antrastes","tag-breaking-news","tag-breakingnews","tag-featured-news","tag-featurednews","tag-headlines","tag-latest-news","tag-latestnews","tag-lietuva","tag-lietuviu","tag-lithuania","tag-lithuanian","tag-lt","tag-malta","tag-naujienos","tag-news","tag-pasaulis","tag-populiariausios-naujienos","tag-populiariausiosnaujienos","tag-top-stories","tag-topstories","tag-world","tag-world-news","tag-worldnews"],"share_on_mastodon":{"url":"https:\/\/pubeurope.com\/@lt\/116674729623025986","error":""},"_links":{"self":[{"href":"https:\/\/www.europesays.com\/lt\/wp-json\/wp\/v2\/posts\/192264","targetHints":{"allow":["GET"]}}],"collection":[{"href":"https:\/\/www.europesays.com\/lt\/wp-json\/wp\/v2\/posts"}],"about":[{"href":"https:\/\/www.europesays.com\/lt\/wp-json\/wp\/v2\/types\/post"}],"author":[{"embeddable":true,"href":"https:\/\/www.europesays.com\/lt\/wp-json\/wp\/v2\/users\/2"}],"replies":[{"embeddable":true,"href":"https:\/\/www.europesays.com\/lt\/wp-json\/wp\/v2\/comments?post=192264"}],"version-history":[{"count":0,"href":"https:\/\/www.europesays.com\/lt\/wp-json\/wp\/v2\/posts\/192264\/revisions"}],"wp:featuredmedia":[{"embeddable":true,"href":"https:\/\/www.europesays.com\/lt\/wp-json\/wp\/v2\/media\/192265"}],"wp:attachment":[{"href":"https:\/\/www.europesays.com\/lt\/wp-json\/wp\/v2\/media?parent=192264"}],"wp:term":[{"taxonomy":"category","embeddable":true,"href":"https:\/\/www.europesays.com\/lt\/wp-json\/wp\/v2\/categories?post=192264"},{"taxonomy":"post_tag","embeddable":true,"href":"https:\/\/www.europesays.com\/lt\/wp-json\/wp\/v2\/tags?post=192264"}],"curies":[{"name":"wp","href":"https:\/\/api.w.org\/{rel}","templated":true}]}}