{"id":192409,"date":"2026-06-01T14:04:06","date_gmt":"2026-06-01T14:04:06","guid":{"rendered":"https:\/\/www.europesays.com\/lt\/192409\/"},"modified":"2026-06-01T14:04:06","modified_gmt":"2026-06-01T14:04:06","slug":"riestlita-kepykla-atleidzia-darbuotojus-delfi-verslas","status":"publish","type":"post","link":"https:\/\/www.europesays.com\/lt\/192409\/","title":{"rendered":"\u201eRiestlita\u201c kepykla atleid\u017eia darbuotojus &#8211; Delfi verslas"},"content":{"rendered":"<p>\u201eI\u0161 22 dirban\u010di\u0173j\u0173 \u012fsp\u0117ta 17 darbuotoj\u0173. Daugiausiai cecho darbininkai (9), prekybos agentai, vairuojantys automobil\u012f (3)\u201c, \u2013 \u201eDelfi\u201c komentuoja U\u017eimtumo tarnybos atstov\u0117 Milda Jankauskien\u0117.<\/p>\n<p>Pasak jos, atleidimo prie\u017eastys \u2013 Darbo kodekso 57 straipsnis, tai yra, darbo sutarties nutraukimas darbdavio iniciatyva nesant darbuotojo kalt\u0117s, \u201ed\u0117l \u012fmon\u0117s veiklos stabdymo\u201c.<\/p>\n<p>Atleidimai numatomi nuo bir\u017eelio 15 iki 30 dienos. <\/p>\n<p>Registr\u0173 centrui pateiktuose dokumentuose nurodoma, kad numatoma bendrov\u0117s reorganizacija, nuo jos atskiriant dal\u012f verslo. Jeigu sulauksime \u012fmon\u0117s komentaro, tekst\u0105 papildysime. <\/p>\n<p>\u201eSodra\u201c skelbia tok\u012f darbo u\u017emokes\u010dio ir darbuotoj\u0173 skai\u010diaus pokyt\u012f: <\/p>\n<p>Registr\u0173 centro duomenimis, \u201eRiestlita\u201c registruota 2003 metais, ta\u010diau bendrov\u0117s interneto svetain\u0117je ra\u0161oma, kad kepykla dirba nuo 1994 met\u0173. Bendrov\u0117 laiko save rinkos lydere, viena did\u017eiausi\u0173 stalo u\u017ekand\u017ei\u0173 gamintoj\u0173 \u0161alyje. <\/p>\n<p>\u201eRiestlita\u201c gamina keliolikos r\u016b\u0161i\u0173 meduolius, taip pat avi\u017einius sausainius, riestainius ir kit\u0105 produkcij\u0105.<\/p>\n<p>\u201e\u012emon\u0117s gaminama produkcija tiekiama Lietuvos, Europos S\u0105jungos rinkoms, m\u016bs\u0173 gaminiai pasiekia net JAV bei Jungtinius Arab\u0173 Emyratus\u201c, \u2013 teigia bendrov\u0117.<\/p>\n<p>Registr\u0173 centrui pateiktos bendrov\u0117s pastar\u0173j\u0173 met\u0173 finansin\u0117s ataskaitos: <\/p>\n","protected":false},"excerpt":{"rendered":"\u201eI\u0161 22 dirban\u010di\u0173j\u0173 \u012fsp\u0117ta 17 darbuotoj\u0173. Daugiausiai cecho darbininkai (9), prekybos agentai, vairuojantys automobil\u012f (3)\u201c, \u2013 \u201eDelfi\u201c komentuoja&hellip;\n","protected":false},"author":2,"featured_media":192410,"comment_status":"","ping_status":"","sticky":false,"template":"","format":"standard","meta":{"footnotes":"","_share_on_mastodon":"0"},"categories":[6],"tags":[25,30,31,34,35,24,21588,32,33,37,39,36,38,40,9595,23,22,28,29,26,27,824],"class_list":["post-192409","post","type-post","status-publish","format-standard","has-post-thumbnail","category-antrastes","tag-antrastes","tag-breaking-news","tag-breakingnews","tag-featured-news","tag-featurednews","tag-headlines","tag-kepykla","tag-latest-news","tag-latestnews","tag-lietuva","tag-lietuviu","tag-lithuania","tag-lithuanian","tag-lt","tag-mazeikiu-rajonas","tag-naujienos","tag-news","tag-populiariausios-naujienos","tag-populiariausiosnaujienos","tag-top-stories","tag-topstories","tag-uzimtumo-tarnyba"],"share_on_mastodon":{"url":"https:\/\/pubeurope.com\/@lt\/116675232809745380","error":""},"_links":{"self":[{"href":"https:\/\/www.europesays.com\/lt\/wp-json\/wp\/v2\/posts\/192409","targetHints":{"allow":["GET"]}}],"collection":[{"href":"https:\/\/www.europesays.com\/lt\/wp-json\/wp\/v2\/posts"}],"about":[{"href":"https:\/\/www.europesays.com\/lt\/wp-json\/wp\/v2\/types\/post"}],"author":[{"embeddable":true,"href":"https:\/\/www.europesays.com\/lt\/wp-json\/wp\/v2\/users\/2"}],"replies":[{"embeddable":true,"href":"https:\/\/www.europesays.com\/lt\/wp-json\/wp\/v2\/comments?post=192409"}],"version-history":[{"count":0,"href":"https:\/\/www.europesays.com\/lt\/wp-json\/wp\/v2\/posts\/192409\/revisions"}],"wp:featuredmedia":[{"embeddable":true,"href":"https:\/\/www.europesays.com\/lt\/wp-json\/wp\/v2\/media\/192410"}],"wp:attachment":[{"href":"https:\/\/www.europesays.com\/lt\/wp-json\/wp\/v2\/media?parent=192409"}],"wp:term":[{"taxonomy":"category","embeddable":true,"href":"https:\/\/www.europesays.com\/lt\/wp-json\/wp\/v2\/categories?post=192409"},{"taxonomy":"post_tag","embeddable":true,"href":"https:\/\/www.europesays.com\/lt\/wp-json\/wp\/v2\/tags?post=192409"}],"curies":[{"name":"wp","href":"https:\/\/api.w.org\/{rel}","templated":true}]}}