{"id":192427,"date":"2026-06-01T14:22:16","date_gmt":"2026-06-01T14:22:16","guid":{"rendered":"https:\/\/www.europesays.com\/lt\/192427\/"},"modified":"2026-06-01T14:22:16","modified_gmt":"2026-06-01T14:22:16","slug":"wolt-market-traukiasi-is-lietuvos-veiks-tik-maisto-pristatymo-platforma-respublika-lt","status":"publish","type":"post","link":"https:\/\/www.europesays.com\/lt\/192427\/","title":{"rendered":"\u201eWolt Market\u201c traukiasi i\u0161 Lietuvos: veiks tik maisto pristatymo platforma &#8211; Respublika.lt"},"content":{"rendered":"<p>    \u00d7<\/p>\n<p>    (1\/1) Platforma \u201eWolt Market\u201c planuoja u\u017edaryti savo fizines parduotuves Vilniuje ir Kaune. Bendrov\u0117s nuotr. <a href=\"https:\/\/www.respublika.lt\/uploads\/img\/catalog\/1\/photo_1_34445768.jpeg\" class=\"swiper-photo-download\" download=\"\" rel=\"nofollow noopener\" target=\"_blank\">Atsisi\u0173sti<\/a><\/p>\n<p><img loading=\"lazy\" decoding=\"async\" src=\"https:\/\/www.respublika.lt\/lt\/naujienos\/lietuva\/verslas\/wolt-market-traukiasi-is-lietuvos\/images\/ico_camera_white.gif\" class=\"camera\" width=\"22\" height=\"15\" alt=\"nuotr.\" style=\"position:relative; top:-2px; right:2px;\"\/> 1 nuotr.<\/p>\n<p>Platforma \u201eWolt Market\u201c planuoja u\u017edaryti savo fizines parduotuves Vilniuje ir Kaune. Bendrov\u0117s nuotr.<\/p>\n<p>\u201eWolt Market&#8221; planuoja u\u017edaryti fizines parduotuves Vilniuje ir Kaune, visgi maisto ir preki\u0173 pristatymo platforma \u201eWolt&#8221; bei mobilioji program\u0117l\u0117 toliau veiks \u012fprastai.<\/p>\n<p style=\"text-align: justify;\" class=\"desktop_banner\">\u00a0<\/p>\n<p>\u012emon\u0117s teigimu, sprendim\u0105 nul\u0117m\u0117 strateginiai investicij\u0173 vertinimai.<\/p>\n<p>\u201e2022 metais prad\u0117jome \u201eWolt Market&#8221; veikl\u0105 Lietuvoje siekdami \u0161alies gyventojams pasi\u016blyti kokybi\u0161ko maisto preki\u0173 apsipirkimo internetu patirt\u012f. Deja, investicij\u0173 lygis, reikalingas tvariam \u201eWolt Market&#8221; verslui Lietuvoje pl\u0117toti, neatitinka m\u016bs\u0173 ilgalaik\u0117s strategijos&#8221;, &#8211; prane\u0161ime cituojamas \u201eWolt Market&#8221; vadovas Baltijos \u0161alims ir Danijai Lasse Weber\u2018is.<\/p>\n<p>\u201eTai nebuvo lengvas \u017eingsnis. Did\u017eiuojam\u0117s savo komandos pastaraisiais metais nuveiktu darbu Lietuvoje&#8221;, &#8211; teigia jis.<\/p>\n<p>Platforma pa\u017eymi, kad pasitraukimas yra susij\u0119s tik su Lietuva, \u201eWolt Market&#8221; pl\u0117tra ir toliau planuojama kitose \u0161alyse.<\/p>\n<p>\u201eWolt&#8221; ir toliau planuoja investuoti kitose rinkose, kuriose veikia, tod\u0117l \u0161is \u017eingsnis neturi \u012ftakos \u201eWolt Market&#8221; veiklai kitose \u0161alyse&#8221;, &#8211; teigiama prane\u0161ime.<\/p>\n<p>Pa\u017eymima, kad \u0161iuo metu pradedamos konsultacij\u0173 proced\u016bros su esamais darbuotojais, kuriuos tiesiogiai paveiks \u0161is pokytis.<\/p>\n<p>Kada bus u\u017edaromos \u201eWolt Market&#8221; parduotuv\u0117s, kol kas neskelbiama.<\/p>\n<p>Naujausios \u017einios<\/p>\n<p><\/p>\n<p>        <a href=\"https:\/\/www.respublika.lt\/lt\/naujienos\/pasaulis\/nusikaltimai_ir_nelaimes\/per-sprogima-maltos-fejerverku-fabrike-buvo-suzeisti-du-zmones\/\" rel=\"nofollow noopener\" target=\"_blank\"><img decoding=\"async\" oncontextmenu=\"return false\" class=\"block_item_newest_photo\" src=\"https:\/\/www.respublika.lt\/lt\/naujienos\/lietuva\/verslas\/wolt-market-traukiasi-is-lietuvos\/uploads\/img\/catalog\/1\/photo_for_homepage_1_26804494.jpg\" alt=\"\" width=\"240\" height=\"154.45\"\/><\/a><\/p>\n<p>        <a href=\"https:\/\/www.respublika.lt\/lt\/naujienos\/lietuva\/verslas\/per-geguze-lietuvoje-iregistruota-per-52-tukst-nauju-lengvuju-automobiliu\/\" rel=\"nofollow noopener\" target=\"_blank\"><img decoding=\"async\" oncontextmenu=\"return false\" class=\"block_item_newest_photo\" src=\"https:\/\/www.respublika.lt\/lt\/naujienos\/lietuva\/verslas\/wolt-market-traukiasi-is-lietuvos\/uploads\/img\/catalog\/1\/photo_for_homepage_1_39267327.jpg\" alt=\"\" width=\"240\" height=\"154.45\"\/><\/a><\/p>\n<p>Patiko straipsnis? Leisk mums apie tai su\u017einoti. Nepamir\u0161k pasidalinti Facebook! <\/p>\n<p><img loading=\"lazy\" decoding=\"async\" class=\"p2_social_circle_icon\" src=\"https:\/\/www.respublika.lt\/images\/thumbs_up.svg\" width=\"21\" height=\"22\" alt=\"L\"\/><\/p>\n<p><img loading=\"lazy\" decoding=\"async\" class=\"p2_social_circle_icon\" src=\"https:\/\/www.respublika.lt\/images\/facebook.svg\" alt=\"F\" width=\"22\" height=\"22\" style=\"filter: invert(37%) sepia(55%) saturate(2351%) hue-rotate(187deg) brightness(102%) contrast(106%);\"\/><\/p>\n<p>&#13;<br \/>\n\tNesutinkate &#8211; diskutuokime!<br \/>&#13;<br \/>\n\tNepykite komentatoriai, bet komentarai su keiksma\u017eod\u017eiais bus \u0161alinami automati\u0161kai, be atsipra\u0161ymo.\n    <\/p>\n<p>&#13;<br \/>\n              Respublika.lt pasilieka teis\u0119 pa\u0161alinti nekult\u016bringus, keiksma\u017eod\u017eiais pagardintus, su tema nesusijusius, kito asmens vardu pasira\u0161ytus, \u012fstatymus pa\u017eeid\u017eian\u010dius, \u0161lam\u0161t\u0105 reklamuojan\u010dius ar nusikalsti kurstan\u010dius komentarus. Jei kurstysite smurt\u0105, rasin\u0119, tautin\u0119, religin\u0119 ar kitokio pob\u016bd\u017eio neapykant\u0105, \u017evirbliu i\u0161skrid\u0119 j\u016bs\u0173 \u017eod\u017eiai gr\u012f\u017edami gali virsti ton\u0105 sverian\u010diu jau\u010diu &#8211; specialiosioms Lietuvos tarnyboms pareikalavus suteiksime j\u016bs\u0173 duomenis.\n            <\/p>\n","protected":false},"excerpt":{"rendered":"\u00d7 (1\/1) Platforma \u201eWolt Market\u201c planuoja u\u017edaryti savo fizines parduotuves Vilniuje ir Kaune. Bendrov\u0117s nuotr. Atsisi\u0173sti 1 nuotr.&hellip;\n","protected":false},"author":2,"featured_media":192428,"comment_status":"","ping_status":"","sticky":false,"template":"","format":"standard","meta":{"footnotes":"","_share_on_mastodon":"0"},"categories":[6],"tags":[25,30,31,34,35,24,1061,32,33,37,39,36,38,40,2931,23,22,839,4710,28,29,15217,26,27,626,30039],"class_list":["post-192427","post","type-post","status-publish","format-standard","has-post-thumbnail","category-antrastes","tag-antrastes","tag-breaking-news","tag-breakingnews","tag-featured-news","tag-featurednews","tag-headlines","tag-kaunas","tag-latest-news","tag-latestnews","tag-lietuva","tag-lietuviu","tag-lithuania","tag-lithuanian","tag-lt","tag-maistas","tag-naujienos","tag-news","tag-parduotuves","tag-pasitraukimas","tag-populiariausios-naujienos","tag-populiariausiosnaujienos","tag-pristatymas","tag-top-stories","tag-topstories","tag-vilnius","tag-wolt-market"],"share_on_mastodon":{"url":"https:\/\/pubeurope.com\/@lt\/116675303583175746","error":""},"_links":{"self":[{"href":"https:\/\/www.europesays.com\/lt\/wp-json\/wp\/v2\/posts\/192427","targetHints":{"allow":["GET"]}}],"collection":[{"href":"https:\/\/www.europesays.com\/lt\/wp-json\/wp\/v2\/posts"}],"about":[{"href":"https:\/\/www.europesays.com\/lt\/wp-json\/wp\/v2\/types\/post"}],"author":[{"embeddable":true,"href":"https:\/\/www.europesays.com\/lt\/wp-json\/wp\/v2\/users\/2"}],"replies":[{"embeddable":true,"href":"https:\/\/www.europesays.com\/lt\/wp-json\/wp\/v2\/comments?post=192427"}],"version-history":[{"count":0,"href":"https:\/\/www.europesays.com\/lt\/wp-json\/wp\/v2\/posts\/192427\/revisions"}],"wp:featuredmedia":[{"embeddable":true,"href":"https:\/\/www.europesays.com\/lt\/wp-json\/wp\/v2\/media\/192428"}],"wp:attachment":[{"href":"https:\/\/www.europesays.com\/lt\/wp-json\/wp\/v2\/media?parent=192427"}],"wp:term":[{"taxonomy":"category","embeddable":true,"href":"https:\/\/www.europesays.com\/lt\/wp-json\/wp\/v2\/categories?post=192427"},{"taxonomy":"post_tag","embeddable":true,"href":"https:\/\/www.europesays.com\/lt\/wp-json\/wp\/v2\/tags?post=192427"}],"curies":[{"name":"wp","href":"https:\/\/api.w.org\/{rel}","templated":true}]}}