{"id":192660,"date":"2026-06-01T19:27:11","date_gmt":"2026-06-01T19:27:11","guid":{"rendered":"https:\/\/www.europesays.com\/lt\/192660\/"},"modified":"2026-06-01T19:27:11","modified_gmt":"2026-06-01T19:27:11","slug":"jonas-ivoska-kodel-bijoma-sakyti-tiesa-apie-konstitucija-respublika-lt","status":"publish","type":"post","link":"https:\/\/www.europesays.com\/lt\/192660\/","title":{"rendered":"Jonas IVO\u0160KA: Kod\u0117l bijoma sakyti ties\u0105 apie Konstitucij\u0105? &#8211; Respublika.lt"},"content":{"rendered":"<p><img loading=\"lazy\" decoding=\"async\" src=\"https:\/\/www.respublika.lt\/lt\/naujienos\/nuomones_ir_komentarai\/isklausyk-respublika\/jonas-ivoska-kodel-bijoma-sakyti-tiesa-apie-konstitucija\/images\/ico_camera_white.gif\" class=\"camera\" width=\"22\" height=\"15\" alt=\"nuotr.\" style=\"position:relative; top:-2px; right:2px;\"\/> 1 nuotr.<\/p>\n<p>Jonas Ivo\u0161ka. Stasio \u017dumbio nuotr.<\/p>\n<p>Jau kiekvienas, stebintis valstybini\u0173 institucij\u0173 veikl\u0105, supranta, kad  LR Konstitucija neatlieka reguliacinio vaidmens pagal jos norm\u0173 turin\u012f. Ta\u010diau retas kas susim\u0105sto, kod\u0117l pagrindinis \u012fstatymas neteko gali\u0173.<\/p>\n<p style=\"text-align: justify;\" class=\"desktop_banner\">\u00a0<\/p>\n<p>Dauguma komentatori\u0173, reaguojan\u010di\u0173 \u012f Konstitucijos kritik\u0105, tvirtina, kad Konstitucija gera, tik blogi jos nesilaikantys pareig\u016bnai, veikiantys institucij\u0173 vardu.<\/p>\n<p>Pasteb\u0117tina, kad pasikeitus asmeniui valstyb\u0117s tarnyboje,  aplaidus institucinis po\u017ei\u016bris \u012f konstitucines nuostatas nesikei\u010dia. I\u0161 to tenka daryti i\u0161vad\u0105, jog ka\u017ekas negerai pa\u010dioje Konstitucijoje, jeigu galima jos nepaisyti.<\/p>\n<p>Ta negerov\u0117 slypi tame, kad 1992 met\u0173 LR Konstitucijoje nebuvo \u012fvestas \u0161io tautos akto savigynos mechanizmas. Matyt, tuomet aklai tik\u0117ta, jog \u017emoni\u0173 s\u0105j\u016bdinis altruizmas ir teisingo valstybingumo siekis liks nekintantys.<\/p>\n<p>Deja, ir nekontroliuojamos prieigos prie vie\u0161\u0173j\u0173 i\u0161tekli\u0173 naudojimo ir atsakomyb\u0117s nebuvimas u\u017e i\u0161skirtin\u0119 naud\u0105 sau, valdant vie\u0161uosius i\u0161teklius, palaipsniui tapo vie\u0161ojo gyvenimo norma.<\/p>\n<p>Vien tai, kad ne\u017eymi partijoms priklausan\u010di\u0173 pilie\u010di\u0173 grupel\u0117 i\u0161dr\u012fso pasiglem\u017eti dal\u012f bendriesiems reikalams tvarkyti skirt\u0173 mokes\u010di\u0173 mok\u0117toj\u0173 l\u0117\u0161\u0173, \u012fstatymu \u012fforminant partij\u0173 finansavim\u0105, rodo gil\u0173 valstybi\u0161ko m\u0105stymo ir valstybingumo kult\u016bros nuosmuk\u012f m\u016bs\u0173 valstyb\u0117je.<\/p>\n<p>Per kelis de\u0161imtme\u010dius \u012fvyk\u0119 \u017eym\u016bs kult\u016briniai poky\u010diai visuomen\u0117je merkantilizmo kryptimi jau akivaizd\u017eiai nesiderina su konstitucin\u0117mis nuostatomis, formuluotomis euforinio idealizmo  metu.<\/p>\n<p>I\u0161 to seka savaimin\u0117 i\u0161vada: nereikia tik\u0117tis tauresni\u0173 \u017emoni\u0173 stebuklingo atsiradimo valstyb\u0117s tarnyboje, o konstituci\u0161kai keisti valstybinio bendrab\u016bvio taisykles pagal \u0161iandienin\u0117s pilietin\u0117s daugumos interesus.<\/p>\n<p>Tik nauj\u0173 tiesiogin\u0117s demokratijos form\u0173 \u012fvedimas ir veiksminga pilietin\u0117 kontrol\u0117 gali i\u0161saugoti taut\u0105 ir jos valstyb\u0119 nuo susinaikinimo.<\/p>\n<p>To savisaugos vaidmens esamos LR Konstitucijos nuostatos jau nebeatlieka.<\/p>\n<p>Tod\u0117l per\u0161asi i\u0161vada: Lietuva be konstitucin\u0117s reformos &#8211; Lietuva be ateities.<\/p>\n","protected":false},"excerpt":{"rendered":"1 nuotr. Jonas Ivo\u0161ka. Stasio \u017dumbio nuotr. Jau kiekvienas, stebintis valstybini\u0173 institucij\u0173 veikl\u0105, supranta, kad LR Konstitucija neatlieka&hellip;\n","protected":false},"author":2,"featured_media":192661,"comment_status":"","ping_status":"","sticky":false,"template":"","format":"standard","meta":{"footnotes":"","_share_on_mastodon":"0"},"categories":[13],"tags":[25,30,31,34,35,3515,24,133,1804,1167,32,33,37,39,36,38,40,23,22,30067,28,29,8764,30066,26,27],"class_list":["post-192660","post","type-post","status-publish","format-standard","has-post-thumbnail","category-lietuva","tag-antrastes","tag-breaking-news","tag-breakingnews","tag-featured-news","tag-featurednews","tag-finansavimas","tag-headlines","tag-istatymas","tag-ivoska","tag-konstitucija","tag-latest-news","tag-latestnews","tag-lietuva","tag-lietuviu","tag-lithuania","tag-lithuanian","tag-lt","tag-naujienos","tag-news","tag-nuosmukis","tag-populiariausios-naujienos","tag-populiariausiosnaujienos","tag-reforma","tag-savigyna","tag-top-stories","tag-topstories"],"share_on_mastodon":{"url":"https:\/\/pubeurope.com\/@lt\/116676503102162573","error":""},"_links":{"self":[{"href":"https:\/\/www.europesays.com\/lt\/wp-json\/wp\/v2\/posts\/192660","targetHints":{"allow":["GET"]}}],"collection":[{"href":"https:\/\/www.europesays.com\/lt\/wp-json\/wp\/v2\/posts"}],"about":[{"href":"https:\/\/www.europesays.com\/lt\/wp-json\/wp\/v2\/types\/post"}],"author":[{"embeddable":true,"href":"https:\/\/www.europesays.com\/lt\/wp-json\/wp\/v2\/users\/2"}],"replies":[{"embeddable":true,"href":"https:\/\/www.europesays.com\/lt\/wp-json\/wp\/v2\/comments?post=192660"}],"version-history":[{"count":0,"href":"https:\/\/www.europesays.com\/lt\/wp-json\/wp\/v2\/posts\/192660\/revisions"}],"wp:featuredmedia":[{"embeddable":true,"href":"https:\/\/www.europesays.com\/lt\/wp-json\/wp\/v2\/media\/192661"}],"wp:attachment":[{"href":"https:\/\/www.europesays.com\/lt\/wp-json\/wp\/v2\/media?parent=192660"}],"wp:term":[{"taxonomy":"category","embeddable":true,"href":"https:\/\/www.europesays.com\/lt\/wp-json\/wp\/v2\/categories?post=192660"},{"taxonomy":"post_tag","embeddable":true,"href":"https:\/\/www.europesays.com\/lt\/wp-json\/wp\/v2\/tags?post=192660"}],"curies":[{"name":"wp","href":"https:\/\/api.w.org\/{rel}","templated":true}]}}