{"id":192757,"date":"2026-06-01T23:01:48","date_gmt":"2026-06-01T23:01:48","guid":{"rendered":"https:\/\/www.europesays.com\/lt\/192757\/"},"modified":"2026-06-01T23:01:48","modified_gmt":"2026-06-01T23:01:48","slug":"po-rekordinio-juskaites-pasirodymo-publika-prajuokines-lietuves-pokstas-delfi","status":"publish","type":"post","link":"https:\/\/www.europesays.com\/lt\/192757\/","title":{"rendered":"Po rekordinio Ju\u0161kait\u0117s pasirodymo \u2013 publik\u0105 prajuokin\u0119s lietuv\u0117s pok\u0161tas &#8211; Delfi"},"content":{"rendered":"<ol>\n<li><a href=\"https:\/\/news.google.com\/rss\/articles\/CBMivwFBVV95cUxNVXZiSWpYdnMyQ090RlRobFluaXpKamwyOEdRS2tnUnpCZ3B3WHFoMnZfaFJUTjAtUUtET2dDQllPMXVkNk1mTHQ5Q2hZQVhoVWhtRkxGTEFmQi16ZXltYk5mVjZ6VVpGMGMwUTFYTjNHdmJ0aWFNeGI1SjVfTFA0dmpaQ0RvUHJucWhubVVpODBYN1RTMVdvRWN6a21oaWZNa3p3Y01pY2FJckhhU2l1YU1jVnppQUdJWEVvckFDOA?oc=5\" target=\"_blank\" rel=\"nofollow noopener\">Po rekordinio Ju\u0161kait\u0117s pasirodymo \u2013 publik\u0105 prajuokin\u0119s lietuv\u0117s pok\u0161tas<\/a>&nbsp;&nbsp;Delfi<\/li>\n<li><a href=\"https:\/\/news.google.com\/rss\/articles\/CBMipAFBVV95cUxPdnpzZ0FVaGtuaC16U21sZFlhMHotQ2o1TG1PcUNpVDVrS09yRTdWMUNTNG9CeHAwRlBhdzBCNndEelRCQ1VMeFdvMndwY2RiWGVWbklnY3VUdDE2U0prcUg1MHpoUXdSaG1tWWFsUkl2RWZsYlhwdHBfWV9ueDJKUmFibWFXMjJ6cS1kLWtJY1ZFRTBMWFY3MmhnSjZVN1hJRGx1ZA?oc=5\" target=\"_blank\" rel=\"nofollow noopener\">Su\u017eibusi Ju\u0161kait\u0117 prajuokino spaudos konferencijos dalyvius \/ Naujienos<\/a>&nbsp;&nbsp;BasketNews.lt<\/li>\n<li><a href=\"https:\/\/news.google.com\/rss\/articles\/CBMiggFBVV95cUxQSU92NUFjZGdfRnV4ZXNhejVjN1VuV1J1ZWpwSVBKRzVjdWxJTUpQaG1sTUVoQ2NaT3pIYWo3M1hieWQzd3BBUFFsVDJfNkxxSDl6WF9oUWYwSzM0OWxxQXNvLWlaT1RvRWwxd2tUZUhXTG1BdDR3RGVHNUlfUTMwRzJn?oc=5\" target=\"_blank\" rel=\"nofollow noopener\">L.Ju\u0161kait\u0117 trita\u0161kiais su\u017eibo WNBA<\/a>&nbsp;&nbsp;Krepsinis.net<\/li>\n<li><a href=\"https:\/\/news.google.com\/rss\/articles\/CBMimgFBVV95cUxOWVpYdkgtclhpM3VrWFBFMXZaTE5qRFk0TFFYVnhrZ2doSnJGVkg4bHgxbVl6SVh3S1lPZTdiWmVnbldYakFwOWxjaVhwWGRvX2pnc19lOUNseW5EdW1HWTQ2S19ZSGNLRzdVR1ZSWjVyQlp3ZGhaUGhubHlpYWxCTkoxUTRxenZXcEZVYnVSOE1sT1EtQXF0YlFB?oc=5\" target=\"_blank\" rel=\"nofollow noopener\">Ju\u0161kait\u0117 svariai prisid\u0117jo prie Toronto ekipos pergal\u0117s<\/a>&nbsp;&nbsp;Sportas.lt<\/li>\n<li><a href=\"https:\/\/news.google.com\/rss\/articles\/CBMipAFBVV95cUxQWktUSXVNMVczY0gyQ3h4eTVzR3hHTXhOWVAyd3BFbDVCV1R2NmlwVndPRUN2MnZuMGZpOTl3dGFtNWE0N2dSbEVNWXBNa0dZYk9wOUZZb3c3U3VxY0h1N3VxaDFyeEpOamJSOVV3RFZvRThTNjAzTTdCMUN0SExjRnE4RHh3S2VMVjNzNi04MkhiNk5KdFM1SWtiYV9NRnAyXzQ2bA?oc=5\" target=\"_blank\" rel=\"nofollow noopener\">Ju\u0161kait\u0117s komanda gr\u012f\u017eo \u012f pergali\u0173 keli\u0105 WNBA<\/a>&nbsp;&nbsp;15min.lt<\/li>\n<\/ol>\n","protected":false},"excerpt":{"rendered":"Po rekordinio Ju\u0161kait\u0117s pasirodymo \u2013 publik\u0105 prajuokin\u0119s lietuv\u0117s pok\u0161tas&nbsp;&nbsp;Delfi Su\u017eibusi Ju\u0161kait\u0117 prajuokino spaudos konferencijos dalyvius \/ Naujienos&nbsp;&nbsp;BasketNews.lt L.Ju\u0161kait\u0117&hellip;\n","protected":false},"author":2,"featured_media":192758,"comment_status":"","ping_status":"","sticky":false,"template":"","format":"standard","meta":{"footnotes":"","_share_on_mastodon":"0"},"categories":[19],"tags":[3300,37,39,5171,36,38,40,47,104,10857],"class_list":["post-192757","post","type-post","status-publish","format-standard","has-post-thumbnail","category-sportas","tag-laura-juskaite","tag-lietuva","tag-lietuviu","tag-lietuvos-moteru-krepsinio-rinktine","tag-lithuania","tag-lithuanian","tag-lt","tag-sportas","tag-sports","tag-wnba"],"share_on_mastodon":{"url":"https:\/\/pubeurope.com\/@lt\/116677344372767348","error":""},"_links":{"self":[{"href":"https:\/\/www.europesays.com\/lt\/wp-json\/wp\/v2\/posts\/192757","targetHints":{"allow":["GET"]}}],"collection":[{"href":"https:\/\/www.europesays.com\/lt\/wp-json\/wp\/v2\/posts"}],"about":[{"href":"https:\/\/www.europesays.com\/lt\/wp-json\/wp\/v2\/types\/post"}],"author":[{"embeddable":true,"href":"https:\/\/www.europesays.com\/lt\/wp-json\/wp\/v2\/users\/2"}],"replies":[{"embeddable":true,"href":"https:\/\/www.europesays.com\/lt\/wp-json\/wp\/v2\/comments?post=192757"}],"version-history":[{"count":0,"href":"https:\/\/www.europesays.com\/lt\/wp-json\/wp\/v2\/posts\/192757\/revisions"}],"wp:featuredmedia":[{"embeddable":true,"href":"https:\/\/www.europesays.com\/lt\/wp-json\/wp\/v2\/media\/192758"}],"wp:attachment":[{"href":"https:\/\/www.europesays.com\/lt\/wp-json\/wp\/v2\/media?parent=192757"}],"wp:term":[{"taxonomy":"category","embeddable":true,"href":"https:\/\/www.europesays.com\/lt\/wp-json\/wp\/v2\/categories?post=192757"},{"taxonomy":"post_tag","embeddable":true,"href":"https:\/\/www.europesays.com\/lt\/wp-json\/wp\/v2\/tags?post=192757"}],"curies":[{"name":"wp","href":"https:\/\/api.w.org\/{rel}","templated":true}]}}