{"id":192982,"date":"2026-06-02T07:13:42","date_gmt":"2026-06-02T07:13:42","guid":{"rendered":"https:\/\/www.europesays.com\/lt\/192982\/"},"modified":"2026-06-02T07:13:42","modified_gmt":"2026-06-02T07:13:42","slug":"veikla-stabdanti-kepykla-atleidzia-17-darbuotoju-respublika-lt","status":"publish","type":"post","link":"https:\/\/www.europesays.com\/lt\/192982\/","title":{"rendered":"Veikl\u0105 stabdanti kepykla atleid\u017eia 17 darbuotoj\u0173 &#8211; Respublika.lt"},"content":{"rendered":"<p><img loading=\"lazy\" decoding=\"async\" src=\"https:\/\/www.respublika.lt\/lt\/naujienos\/lietuva\/verslas\/veikla-stabdanti-kepykla-atleidzia-17-darbuotoju\/images\/ico_camera_white.gif\" class=\"camera\" width=\"22\" height=\"15\" alt=\"nuotr.\" style=\"position:relative; top:-2px; right:2px;\"\/> 1 nuotr.<\/p>\n<p>Asociatyvi Pexels.com nuotr.<\/p>\n<p style=\"text-align: left;\">Ma\u017eeiki\u0173 rajono savivaldyb\u0117je registruota kepykla \u201eRiestlita\u201c stabdo veikl\u0105 ir atleid\u017eia 17 darbuotoj\u0173, prane\u0161\u0117 U\u017eimtumo tarnyba.\u00a0<\/p>\n<p style=\"text-align: justify;\" class=\"desktop_banner\">\u00a0<\/p>\n<p style=\"text-align: left;\">\u00a0<\/p>\n<p style=\"text-align: left;\">\u201eI\u0161 22 dirban\u010di\u0173j\u0173 \u012fsp\u0117ti 17 darbuotoj\u0173\u201c, \u2013 Eltai komentavo tarnybos atstov\u0117 Milda Jankauskien\u0117.\u00a0<\/p>\n<p style=\"text-align: left;\">Pasak M. Jankauskien\u0117s, tarp atleid\u017eiam\u0173 darbuotoj\u0173 \u2013 9 cecho darbininkai, 3\u00a0prekybos agentai, automobili\u0173 vairuotojai. Atleidimai numatomi bir\u017eelio 15\u201330 dienomis.<\/p>\n<p style=\"text-align: left;\">Tarnybos atstov\u0117s teigimu, darbo sutartys bus nutraukiamos darbdavio iniciatyva, stabdant \u012fmon\u0117s veikl\u0105.<\/p>\n<p style=\"text-align: left;\">Remiantis \u201eRekvizitai.lt\u201c duomenimis, daugiau kaip 22 metus veikian\u010dios \u201eRiestlita\u201c pajamos 2024 metais siek\u0117 1,5 mln. eur\u0173, grynasis pelnas \u2013 84,3 t\u016bkst. eur\u0173.<\/p>\n<p style=\"text-align: left;\">Kaip skelbiama \u201eRiestlita\u201c interneto svetain\u0117je, \u012fmon\u0117s gaminama produkcija tiekiama Lietuvos, Europos S\u0105jungos, JAV, Jungtini\u0173 Arab\u0173 Emyrat\u0173 rinkoms.<\/p>\n<p style=\"text-align: left;\">\u012emon\u0117 prane\u0161a gaminanti meduolius, sausainius, riestainius, tra\u0161ku\u010dius.<\/p>\n<p>Naujausios \u017einios<\/p>\n<p><\/p>\n<p>        <a href=\"https:\/\/www.respublika.lt\/lt\/naujienos\/lietuva\/lietuvos_politika\/tomas-godliauskas-traukiasi-is-krasto-apsaugos-viceministru\/\" rel=\"nofollow noopener\" target=\"_blank\"><img decoding=\"async\" oncontextmenu=\"return false\" class=\"block_item_newest_photo\" src=\"https:\/\/www.respublika.lt\/lt\/naujienos\/lietuva\/verslas\/veikla-stabdanti-kepykla-atleidzia-17-darbuotoju\/uploads\/img\/catalog\/1\/photo_for_homepage_1_19849245.jpg\" alt=\"\" width=\"240\" height=\"154.45\"\/><\/a><\/p>\n<p>        <a href=\"https:\/\/www.respublika.lt\/lt\/naujienos\/sportas\/krepsinis\/lkl-skamba-kaltinimai-rasizmu\/\" rel=\"nofollow noopener\" target=\"_blank\"><img decoding=\"async\" oncontextmenu=\"return false\" class=\"block_item_newest_photo\" src=\"https:\/\/www.respublika.lt\/lt\/naujienos\/lietuva\/verslas\/veikla-stabdanti-kepykla-atleidzia-17-darbuotoju\/uploads\/img\/catalog\/1\/photo_for_homepage_1_26212517.jpg\" alt=\"\" width=\"240\" height=\"154.45\"\/><\/a><\/p>\n<p>Patiko straipsnis? Leisk mums apie tai su\u017einoti. Nepamir\u0161k pasidalinti Facebook! <\/p>\n<p><img loading=\"lazy\" decoding=\"async\" class=\"p2_social_circle_icon\" src=\"https:\/\/www.respublika.lt\/images\/thumbs_up.svg\" width=\"21\" height=\"22\" alt=\"L\"\/><\/p>\n<p><img loading=\"lazy\" decoding=\"async\" class=\"p2_social_circle_icon\" src=\"https:\/\/www.respublika.lt\/images\/facebook.svg\" alt=\"F\" width=\"22\" height=\"22\" style=\"filter: invert(37%) sepia(55%) saturate(2351%) hue-rotate(187deg) brightness(102%) contrast(106%);\"\/><\/p>\n<p>&#13;<br \/>\n\tNesutinkate &#8211; diskutuokime!<br \/>&#13;<br \/>\n\tNepykite komentatoriai, bet komentarai su keiksma\u017eod\u017eiais bus \u0161alinami automati\u0161kai, be atsipra\u0161ymo.\n    <\/p>\n<p>&#13;<br \/>\n              Respublika.lt pasilieka teis\u0119 pa\u0161alinti nekult\u016bringus, keiksma\u017eod\u017eiais pagardintus, su tema nesusijusius, kito asmens vardu pasira\u0161ytus, \u012fstatymus pa\u017eeid\u017eian\u010dius, \u0161lam\u0161t\u0105 reklamuojan\u010dius ar nusikalsti kurstan\u010dius komentarus. Jei kurstysite smurt\u0105, rasin\u0119, tautin\u0119, religin\u0119 ar kitokio pob\u016bd\u017eio neapykant\u0105, \u017evirbliu i\u0161skrid\u0119 j\u016bs\u0173 \u017eod\u017eiai gr\u012f\u017edami gali virsti ton\u0105 sverian\u010diu jau\u010diu &#8211; specialiosioms Lietuvos tarnyboms pareikalavus suteiksime j\u016bs\u0173 duomenis.\n            <\/p>\n","protected":false},"excerpt":{"rendered":"1 nuotr. Asociatyvi Pexels.com nuotr. Ma\u017eeiki\u0173 rajono savivaldyb\u0117je registruota kepykla \u201eRiestlita\u201c stabdo veikl\u0105 ir atleid\u017eia 17 darbuotoj\u0173, prane\u0161\u0117&hellip;\n","protected":false},"author":2,"featured_media":192983,"comment_status":"","ping_status":"","sticky":false,"template":"","format":"standard","meta":{"footnotes":"","_share_on_mastodon":"0"},"categories":[13],"tags":[25,825,30,31,123,34,35,24,21588,32,33,37,39,36,38,40,595,23,22,28,29,30110,1443,26,27,1442],"class_list":["post-192982","post","type-post","status-publish","format-standard","has-post-thumbnail","category-lietuva","tag-antrastes","tag-atleidimai","tag-breaking-news","tag-breakingnews","tag-darbuotojai","tag-featured-news","tag-featurednews","tag-headlines","tag-kepykla","tag-latest-news","tag-latestnews","tag-lietuva","tag-lietuviu","tag-lithuania","tag-lithuanian","tag-lt","tag-mazeikiai","tag-naujienos","tag-news","tag-populiariausios-naujienos","tag-populiariausiosnaujienos","tag-riestlita","tag-tarnyba","tag-top-stories","tag-topstories","tag-uzimtumo"],"share_on_mastodon":{"url":"https:\/\/pubeurope.com\/@lt\/116679279017021361","error":""},"_links":{"self":[{"href":"https:\/\/www.europesays.com\/lt\/wp-json\/wp\/v2\/posts\/192982","targetHints":{"allow":["GET"]}}],"collection":[{"href":"https:\/\/www.europesays.com\/lt\/wp-json\/wp\/v2\/posts"}],"about":[{"href":"https:\/\/www.europesays.com\/lt\/wp-json\/wp\/v2\/types\/post"}],"author":[{"embeddable":true,"href":"https:\/\/www.europesays.com\/lt\/wp-json\/wp\/v2\/users\/2"}],"replies":[{"embeddable":true,"href":"https:\/\/www.europesays.com\/lt\/wp-json\/wp\/v2\/comments?post=192982"}],"version-history":[{"count":0,"href":"https:\/\/www.europesays.com\/lt\/wp-json\/wp\/v2\/posts\/192982\/revisions"}],"wp:featuredmedia":[{"embeddable":true,"href":"https:\/\/www.europesays.com\/lt\/wp-json\/wp\/v2\/media\/192983"}],"wp:attachment":[{"href":"https:\/\/www.europesays.com\/lt\/wp-json\/wp\/v2\/media?parent=192982"}],"wp:term":[{"taxonomy":"category","embeddable":true,"href":"https:\/\/www.europesays.com\/lt\/wp-json\/wp\/v2\/categories?post=192982"},{"taxonomy":"post_tag","embeddable":true,"href":"https:\/\/www.europesays.com\/lt\/wp-json\/wp\/v2\/tags?post=192982"}],"curies":[{"name":"wp","href":"https:\/\/api.w.org\/{rel}","templated":true}]}}