{"id":192992,"date":"2026-06-02T07:21:32","date_gmt":"2026-06-02T07:21:32","guid":{"rendered":"https:\/\/www.europesays.com\/lt\/192992\/"},"modified":"2026-06-02T07:21:32","modified_gmt":"2026-06-02T07:21:32","slug":"algimantas-rusteika-ar-jau-viska-atidavem-respublika","status":"publish","type":"post","link":"https:\/\/www.europesays.com\/lt\/192992\/","title":{"rendered":"Algimantas RUSTEIKA: Ar jau visk\u0105 atidav\u0117m? &#8211; Respublika"},"content":{"rendered":"<ol>\n<li><a href=\"https:\/\/news.google.com\/rss\/articles\/CBMiwwFBVV95cUxQTmJXUTUzYTl1VlZQdlIwN3ROYW1PNVVzZVpia0U3TjhhS1FyeHZPY3d2ZEgwWTEwcXlCVUN5TVlBSGJpY3JsRXItRUd5YWJmYXV3RVJ3TU51OExMWEl3dGdrOEhUdUhMaFFQZlV2Q2xDMGtwc0IxOUVCMGZfNmp6Vi1Ld2tRQjVHRC14bFFxclN1REZEUEZzb0RjS3JJY29aZHpyRGN0aGgyUmxCVHVCaE1fZFpTMGk2eWdKX1d2VHd0X1E?oc=5\" target=\"_blank\" rel=\"nofollow noopener\">Algimantas RUSTEIKA: Ar jau visk\u0105 atidav\u0117m?<\/a>&nbsp;&nbsp;Respublika<\/li>\n<li><a href=\"https:\/\/news.google.com\/rss\/articles\/CBMiqgFBVV95cUxPb2huaVVzc2RZbmJJdjNvVG5LdW15OUNvZXF1U3lQZUlsdHpvOE5Dd0Q1R0N1c1huWElLLU00Yng2dlg0cHNtUkQ0NDBlbXJTd0hkM0pYYktQQ3RoeGNIWUpuMmdZdy0xNnRQYk9JbmRvemZsQkVOME9TOXFKWmU0VVVqaVhnRVpfcy1NMTVKZ3NzZWZTeFVZMUt3eVR0bGRpMDRIenRJVTdKZw?oc=5\" target=\"_blank\" rel=\"nofollow noopener\">Julija Judickien\u0117. Rizikos kyla ne tik d\u0117l gr\u0117sm\u0117s<\/a>&nbsp;&nbsp;LRT<\/li>\n<li><a href=\"https:\/\/news.google.com\/rss\/articles\/CBMi3wFBVV95cUxQSThYTU5yOWkyaE1FYkZlM1VKMXB3REFXSmQ0OXhyb25rVkRBNDlNM0lBemlfSlpQVUZQSS1rVWctQThkcC15R2FuWmtyak50LXVXSkFBU1p4ajNSUUlIazIxRVFwRlNPam02UFFKckhlR0x6dUJ2VDdGQ1Y1WlFxTS1uT1dCcFNCYUtmY08yZzk2eVNrNHFBcldzckFZTVNzd2ZQNHpFS193Yk1wYUVTWF82bEV3eFlKMlI0UGNLVmlVMTFmYS1zUkxBMTVjQ1NyZWtKcWFJZFBpWmQtQVhv?oc=5\" target=\"_blank\" rel=\"nofollow noopener\">Antradienio, bir\u017eelio 2-osios, \u201eTaurag\u0117s kurjeryje\u201c: ruo\u0161tis oro pavojui reikia i\u0161 anksto \u2013 patarimai tauragi\u0161kiams<\/a>&nbsp;&nbsp;Taurag\u0117s kurjeris<\/li>\n<li><a href=\"https:\/\/news.google.com\/rss\/articles\/CBMiygFBVV95cUxON3kzT2xHbzVhZEsyWmJhX0FLY2ltVlZxa04zMVhfMkdLNUlkNVdGeGJBb2FKMS1Na05ZbG9haFZEelZyQ0tHUXRtVi04eE5uWjNNN1Nkb1UySGpOb2NvV3JFa2ViRWpSaHhUUW1FcEpNeXZabDFnVGFPQklzNV9UbVRBRHE0UzBqSGFsMmN0WXZDY1B1Q0dCUVpOY05LRWczdHRPYXN4dG01UDNTQ1RFN2NRV2FoODV0cGJEdUp0cU1SdlpVN2ZXM2RB?oc=5\" target=\"_blank\" rel=\"nofollow noopener\">Blogiausia, k\u0105 galite padaryti pavojaus metu: dron\u0173 ekspertas siun\u010dia \u017eini\u0105 gyventojams<\/a>&nbsp;&nbsp;tv3.lt<\/li>\n<li><a href=\"https:\/\/news.google.com\/rss\/articles\/CBMimwFBVV95cUxPamdvQ1FZeERKRnowZjRvbXpwV0twMmVuQnpMaXNhV085Smh6ejU4UU5XNXNtbWFNaU5zX1JJZTV0ZGc1QXNGNXpzVnFfZDhEeVpVSjlqRWt4eVZhWDlUMk90OHd5RmotT19ITXZJTDhRdHNqdVpKNVJFNWlkS2R4V0FidWFzYTRzTHZSUkZvSnVzUVJqbElTRGpsaw?oc=5\" target=\"_blank\" rel=\"nofollow noopener\">Oro pavojus jau \u010dia, o teis\u0117s aktai atsilieka<\/a>&nbsp;&nbsp;Delfi<\/li>\n<\/ol>\n","protected":false},"excerpt":{"rendered":"Algimantas RUSTEIKA: Ar jau visk\u0105 atidav\u0117m?&nbsp;&nbsp;Respublika Julija Judickien\u0117. Rizikos kyla ne tik d\u0117l gr\u0117sm\u0117s&nbsp;&nbsp;LRT Antradienio, bir\u017eelio 2-osios, \u201eTaurag\u0117s&hellip;\n","protected":false},"author":2,"featured_media":192993,"comment_status":"","ping_status":"","sticky":false,"template":"","format":"standard","meta":{"footnotes":"","_share_on_mastodon":"0"},"categories":[13],"tags":[25,30113,30,31,2233,267,34,35,224,24,32,33,37,39,36,38,40,23,417,22,4351,30111,28,29,19760,955,26,27,30112,360,363],"class_list":["post-192992","post","type-post","status-publish","format-standard","has-post-thumbnail","category-lietuva","tag-antrastes","tag-bofors","tag-breaking-news","tag-breakingnews","tag-bvp","tag-dronai","tag-featured-news","tag-featurednews","tag-gynyba","tag-headlines","tag-latest-news","tag-latestnews","tag-lietuva","tag-lietuviu","tag-lithuania","tag-lithuanian","tag-lt","tag-naujienos","tag-nauseda","tag-news","tag-parama","tag-patranka","tag-populiariausios-naujienos","tag-populiariausiosnaujienos","tag-radarai","tag-rusteika","tag-top-stories","tag-topstories","tag-tridon","tag-ukraina","tag-zelenskis"],"share_on_mastodon":{"url":"https:\/\/pubeurope.com\/@lt\/116679310358991533","error":""},"_links":{"self":[{"href":"https:\/\/www.europesays.com\/lt\/wp-json\/wp\/v2\/posts\/192992","targetHints":{"allow":["GET"]}}],"collection":[{"href":"https:\/\/www.europesays.com\/lt\/wp-json\/wp\/v2\/posts"}],"about":[{"href":"https:\/\/www.europesays.com\/lt\/wp-json\/wp\/v2\/types\/post"}],"author":[{"embeddable":true,"href":"https:\/\/www.europesays.com\/lt\/wp-json\/wp\/v2\/users\/2"}],"replies":[{"embeddable":true,"href":"https:\/\/www.europesays.com\/lt\/wp-json\/wp\/v2\/comments?post=192992"}],"version-history":[{"count":0,"href":"https:\/\/www.europesays.com\/lt\/wp-json\/wp\/v2\/posts\/192992\/revisions"}],"wp:featuredmedia":[{"embeddable":true,"href":"https:\/\/www.europesays.com\/lt\/wp-json\/wp\/v2\/media\/192993"}],"wp:attachment":[{"href":"https:\/\/www.europesays.com\/lt\/wp-json\/wp\/v2\/media?parent=192992"}],"wp:term":[{"taxonomy":"category","embeddable":true,"href":"https:\/\/www.europesays.com\/lt\/wp-json\/wp\/v2\/categories?post=192992"},{"taxonomy":"post_tag","embeddable":true,"href":"https:\/\/www.europesays.com\/lt\/wp-json\/wp\/v2\/tags?post=192992"}],"curies":[{"name":"wp","href":"https:\/\/api.w.org\/{rel}","templated":true}]}}