{"id":19319,"date":"2025-10-17T05:29:24","date_gmt":"2025-10-17T05:29:24","guid":{"rendered":"https:\/\/www.europesays.com\/lt\/19319\/"},"modified":"2025-10-17T05:29:24","modified_gmt":"2025-10-17T05:29:24","slug":"delfi-diena-pokyciai-norintiems-isidarbinti-uzsienieciams-ir-nuostoliai-neapsidraudus-busto","status":"publish","type":"post","link":"https:\/\/www.europesays.com\/lt\/19319\/","title":{"rendered":"Delfi diena. Poky\u010diai norintiems \u012fsidarbinti u\u017esienie\u010diams ir nuostoliai, neapsidraudus b\u016bsto"},"content":{"rendered":"<p>Tams\u0117jant vakarams vienas geriausi\u0173 b\u016bd\u0173 juos jaukiai praleisti yra skaitant knygas. \u0160\u012f kart\u0105 rubrikoje \u201eKnygin\u0117jimai\u201c kalb\u0117sime su vaik\u0173 literat\u016bros eksperte Egle Baliutavi\u010di\u016bte, kuri pristatys tris intriguojan\u010dias ir \u201ebestseleriais\u201c tapusias knygas jaunimui.<\/p>\n<p>Lietuvoje vis da\u017eniau nutinka skaud\u017ei\u0173 nelaimi\u0173 daugiabu\u010diuose, kai nuken\u010dia bendroji namo nuosavyb\u0117, o tokiais atvejais t\u016bkstantinius nuostolius tenka dengti visiems gyventojams. Tod\u0117l vis garsiau kalbama, kad metas \u012fteisinti vos kelis eurus per m\u0117nes\u012f kainuojant\u012f privalom\u0105 daugiabu\u010di\u0173 bendrojo naudojimo objekt\u0173 turto draudim\u0105. Kas \u012fvyksta, kai gyventojai neb\u016bna apsidraud\u0119 ir kaip gal\u0117t\u0173 atrodyti privalomasis draudimas, kalb\u0117sime su B\u016bsto r\u016bm\u0173 prezidentu Algiu \u010capliku ir Vilniaus miesto daugiabu\u010di\u0173 nam\u0173 ir kit\u0173 pastat\u0173 administratori\u0173 asociacijos vadovu Sigitu \u010cirba. <\/p>\n<p> Grup\u0117 \u201e<a rel=\"noopener nofollow\" target=\"_blank\" href=\"https:\/\/www.delfi.lt\/temos\/sadboi\" tag-id=\"83763527\">Sadboi<\/a>\u201c kartu su grupe \u201eZygga\u201c \u0161iandien pristato nauj\u0105 dain\u0105 \u201eTav\u0119s man reikia\u201c, o kartu su ja ir naktiniu vilnieti\u0161ku gyvenimu alsuojant\u012f vaizdo klip\u0105. Be to, grup\u0117 ruo\u0161iasi ir savo did\u017eiausiam koncertui Vilniaus \u201eLofte\u201c. Apie nauj\u0105 dain\u0105 ir b\u016bsim\u0105 koncert\u0105 papasakos grup\u0117s \u201eSadboi\u201c nariai Edgaras Koldaras ir Artiomas Penkevi\u010dius.<\/p>\n","protected":false},"excerpt":{"rendered":"Tams\u0117jant vakarams vienas geriausi\u0173 b\u016bd\u0173 juos jaukiai praleisti yra skaitant knygas. \u0160\u012f kart\u0105 rubrikoje \u201eKnygin\u0117jimai\u201c kalb\u0117sime su vaik\u0173&hellip;\n","protected":false},"author":2,"featured_media":19320,"comment_status":"","ping_status":"","sticky":false,"template":"","format":"standard","meta":{"footnotes":""},"categories":[13],"tags":[6315,25,30,31,6317,1051,6319,6320,34,35,24,32,33,37,39,36,38,40,4077,23,22,28,29,6318,6316,26,27],"class_list":{"0":"post-19319","1":"post","2":"type-post","3":"status-publish","4":"format-standard","5":"has-post-thumbnail","7":"category-lietuva","8":"tag-algis-caplikas","9":"tag-antrastes","10":"tag-breaking-news","11":"tag-breakingnews","12":"tag-busto-draudimas","13":"tag-delfi-diena","14":"tag-egle-baliutaviciute","15":"tag-evelina-paulaviciene","16":"tag-featured-news","17":"tag-featurednews","18":"tag-headlines","19":"tag-latest-news","20":"tag-latestnews","21":"tag-lietuva","22":"tag-lietuviu","23":"tag-lithuania","24":"tag-lithuanian","25":"tag-lt","26":"tag-migracija","27":"tag-naujienos","28":"tag-news","29":"tag-populiariausios-naujienos","30":"tag-populiariausiosnaujienos","31":"tag-sadboi","32":"tag-sigitas-cirba","33":"tag-top-stories","34":"tag-topstories"},"share_on_mastodon":{"url":"","error":""},"_links":{"self":[{"href":"https:\/\/www.europesays.com\/lt\/wp-json\/wp\/v2\/posts\/19319","targetHints":{"allow":["GET"]}}],"collection":[{"href":"https:\/\/www.europesays.com\/lt\/wp-json\/wp\/v2\/posts"}],"about":[{"href":"https:\/\/www.europesays.com\/lt\/wp-json\/wp\/v2\/types\/post"}],"author":[{"embeddable":true,"href":"https:\/\/www.europesays.com\/lt\/wp-json\/wp\/v2\/users\/2"}],"replies":[{"embeddable":true,"href":"https:\/\/www.europesays.com\/lt\/wp-json\/wp\/v2\/comments?post=19319"}],"version-history":[{"count":0,"href":"https:\/\/www.europesays.com\/lt\/wp-json\/wp\/v2\/posts\/19319\/revisions"}],"wp:featuredmedia":[{"embeddable":true,"href":"https:\/\/www.europesays.com\/lt\/wp-json\/wp\/v2\/media\/19320"}],"wp:attachment":[{"href":"https:\/\/www.europesays.com\/lt\/wp-json\/wp\/v2\/media?parent=19319"}],"wp:term":[{"taxonomy":"category","embeddable":true,"href":"https:\/\/www.europesays.com\/lt\/wp-json\/wp\/v2\/categories?post=19319"},{"taxonomy":"post_tag","embeddable":true,"href":"https:\/\/www.europesays.com\/lt\/wp-json\/wp\/v2\/tags?post=19319"}],"curies":[{"name":"wp","href":"https:\/\/api.w.org\/{rel}","templated":true}]}}