{"id":19321,"date":"2025-10-17T05:32:07","date_gmt":"2025-10-17T05:32:07","guid":{"rendered":"https:\/\/www.europesays.com\/lt\/19321\/"},"modified":"2025-10-17T05:32:07","modified_gmt":"2025-10-17T05:32:07","slug":"buzelio-vedama-bulls-pergalingai-uzdare-pasiruosimo-cikla-delfi","status":"publish","type":"post","link":"https:\/\/www.europesays.com\/lt\/19321\/","title":{"rendered":"Buzelio vedama \u201eBulls\u201c pergalingai u\u017edar\u0117 pasiruo\u0161imo cikl\u0105 &#8211; Delfi"},"content":{"rendered":"<ol>\n<li><a href=\"https:\/\/news.google.com\/rss\/articles\/CBMipAFBVV95cUxOTGRveGJTRTJyWkNOcXUtN2lkYkZCVUJSQ05nYUQ0MWVqcXdFOWZrOUptR1pmcmRXY3VMVzd5RnJoaWdoSUdzRGRPd3p1UjhlckxTbHN4RU9mWVhRWE9mcWZ0TDgyUWZjOWpqbWY4LXNlNlY2X1BEUHNubGtVeHZNVzBLWDNJM3dsdDY5TFdwZ3h2aXkxQUxxWHpMc0NabkpQOEkyNQ?oc=5\" target=\"_blank\" rel=\"nofollow noopener\">Buzelio vedama \u201eBulls\u201c pergalingai u\u017edar\u0117 pasiruo\u0161imo cikl\u0105<\/a>&nbsp;&nbsp;Delfi<\/li>\n<li><a href=\"https:\/\/news.google.com\/rss\/articles\/CBMiugFBVV95cUxNWXdrcE5GdVAzelZ5YnhmdHBsMUtMQmxsSXlqUXRuVUNZUlZacHJqSUVYOS1iRzRhZDlfVE1xSUYtSFBmMkFHTUdna0xzVm9HTE9oYXA3a1BWZVJjT3dNdjRibkQ2NEZMUm5Ba0dpSWozYVhEam5OeE5JaWRaTFMtZkRzS0JTYUxiM1Z2REF5M0tSMW9sUHlYejdpZmI3WWM4aWtib2cxa1VRRGQzUFVxUGw0TDNUbkctM0E?oc=5\" target=\"_blank\" rel=\"nofollow noopener\">Skrajojantis Buzelis pasirengimo cikl\u0105 u\u017ebaig\u0117 dar vienu galingu pasirodymu \/ Naujienos<\/a>&nbsp;&nbsp;BasketNews.lt<\/li>\n<li><a href=\"https:\/\/news.google.com\/rss\/articles\/CBMiqgFBVV95cUxOdTNuWkRFSDFUXzVuSEJfV1lEZ0N0NVBmT19fUGRad1JzeU5zRnkwY3RpZnZoZHdOc0lNMzAtMkpUTFgyX3p3U3NHOG1FdU1FZFdsV0wxeVBCcWNLVDlsS054czd3UFktRVU4VzZXNkJncnpnSDFlSWx6S2dYcTV5Z1QxMXJDT2ZJRTYxVDM2Yy1zaDdxd3NxV1dOMXJPM0xNSTh5dnh6QU5PZw?oc=5\" target=\"_blank\" rel=\"nofollow noopener\">Buzelis pasirengim\u0105 baig\u0117 \u017eaisdamas rezultatyviausiai \u201eBulls\u201c gretose<\/a>&nbsp;&nbsp;Sportas.lt<\/li>\n<li><a href=\"https:\/\/news.google.com\/rss\/articles\/CBMi4wFBVV95cUxPdnlLOXk4cmRIVzdpTnRNamxYVWxQVGdtUVpwWTFiNlFnaUlteExCYVg0c2pkbWt4SDROSWpyX0ZWc3pqUUc3bUxreU11M0M0UHVNZUJMLVpLVVJCTGFoUFJNSjE5Q29KbnBBUXk0eDlNbE9vdWN5eHdFclMwMVMzc0UzLUhzVmNoa3BiSDFidnBRcl9aY0dyRnhMbnZERDRaTERlOXJ5SDBMNDBtVTk0RFZ1TjBSRGIwSjVHZ2VHclhDa3VoYXF0VmNMMmo2MGY0VUxkS3ZDM244d3ZyT1ZiTnRkWQ?oc=5\" target=\"_blank\" rel=\"nofollow noopener\">NBA \u2013 lietuvi\u0161ka kaktomu\u0161a: spind\u0117j\u0119s M. Buzelis demonstravo raumenis prie\u0161 J. Valan\u010di\u016bn\u0105<\/a>&nbsp;&nbsp;Lrytas<\/li>\n<li><a href=\"https:\/\/news.google.com\/rss\/articles\/CBMipwFBVV95cUxPMFQtdHEtVmhJZnJKZkI1VXZVNzR5SEwtcmkyZHFFc3kwVFEzRHlrTmtJWFc1akVxVDZTSkhsVXd4QXFpM1JlcGY1TEFxbG9ZNldJSkdhRnp3MGQ4TllaVE9lUzc5QUI2OWZ6bDlUZU83Q3RSUlJGWEFWMGdPcldBM2F6YmpxNlgtOV9pUXFYZ2NlRFN4Mzk2cmNUY2tJcnhEd21ZY1BEZw?oc=5\" target=\"_blank\" rel=\"nofollow noopener\">Po tarpusavio akistatos \u2013 Valan\u010di\u016bno pagyros Buzeliui<\/a>&nbsp;&nbsp;15min.lt<\/li>\n<\/ol>\n","protected":false},"excerpt":{"rendered":"Buzelio vedama \u201eBulls\u201c pergalingai u\u017edar\u0117 pasiruo\u0161imo cikl\u0105&nbsp;&nbsp;Delfi Skrajojantis Buzelis pasirengimo cikl\u0105 u\u017ebaig\u0117 dar vienu galingu pasirodymu \/ Naujienos&nbsp;&nbsp;BasketNews.lt&hellip;\n","protected":false},"author":2,"featured_media":19322,"comment_status":"","ping_status":"","sticky":false,"template":"","format":"standard","meta":{"footnotes":""},"categories":[19],"tags":[6322,3790,6321,37,39,36,38,40,3791,310,47,104],"class_list":{"0":"post-19321","1":"post","2":"type-post","3":"status-publish","4":"format-standard","5":"has-post-thumbnail","7":"category-sportas","8":"tag-anthony-edwardsas","9":"tag-cikagos-bulls","10":"tag-detroito-pistons","11":"tag-lietuva","12":"tag-lietuviu","13":"tag-lithuania","14":"tag-lithuanian","15":"tag-lt","16":"tag-matas-buzelis","17":"tag-nba","18":"tag-sportas","19":"tag-sports"},"share_on_mastodon":{"url":"","error":""},"_links":{"self":[{"href":"https:\/\/www.europesays.com\/lt\/wp-json\/wp\/v2\/posts\/19321","targetHints":{"allow":["GET"]}}],"collection":[{"href":"https:\/\/www.europesays.com\/lt\/wp-json\/wp\/v2\/posts"}],"about":[{"href":"https:\/\/www.europesays.com\/lt\/wp-json\/wp\/v2\/types\/post"}],"author":[{"embeddable":true,"href":"https:\/\/www.europesays.com\/lt\/wp-json\/wp\/v2\/users\/2"}],"replies":[{"embeddable":true,"href":"https:\/\/www.europesays.com\/lt\/wp-json\/wp\/v2\/comments?post=19321"}],"version-history":[{"count":0,"href":"https:\/\/www.europesays.com\/lt\/wp-json\/wp\/v2\/posts\/19321\/revisions"}],"wp:featuredmedia":[{"embeddable":true,"href":"https:\/\/www.europesays.com\/lt\/wp-json\/wp\/v2\/media\/19322"}],"wp:attachment":[{"href":"https:\/\/www.europesays.com\/lt\/wp-json\/wp\/v2\/media?parent=19321"}],"wp:term":[{"taxonomy":"category","embeddable":true,"href":"https:\/\/www.europesays.com\/lt\/wp-json\/wp\/v2\/categories?post=19321"},{"taxonomy":"post_tag","embeddable":true,"href":"https:\/\/www.europesays.com\/lt\/wp-json\/wp\/v2\/tags?post=19321"}],"curies":[{"name":"wp","href":"https:\/\/api.w.org\/{rel}","templated":true}]}}