{"id":193226,"date":"2026-06-02T11:52:14","date_gmt":"2026-06-02T11:52:14","guid":{"rendered":"https:\/\/www.europesays.com\/lt\/193226\/"},"modified":"2026-06-02T11:52:14","modified_gmt":"2026-06-02T11:52:14","slug":"anex-tour-atsaukia-skrydzius-i-hurgada","status":"publish","type":"post","link":"https:\/\/www.europesays.com\/lt\/193226\/","title":{"rendered":"\u201eAnex Tour\u201c at\u0161aukia skryd\u017eius \u012f Hurgad\u0105"},"content":{"rendered":"<p>Kelioni\u0173 agent\u016bros vadovas perdav\u0117, kad sulauk\u0117 lai\u0161ko i\u0161 \u201eAnex Tour\u201c d\u0117l jau atlikt\u0173 rezervacij\u0173 patikslinimo. Nurodoma, kad prie\u017eastis \u2013 optimizacija.<\/p>\n<p>Turimais duomenimis, skryd\u017eiai at\u0161aukiami nuo liepos 7 d. iki spalio 27 d.<\/p>\n<p>\u201eOrganizatorius atlieka optimizavim\u0105 ir at\u0161aukia t\u0105 krypt\u012f. I\u0161 to, kas ra\u0161oma, matyt, nesusirenka l\u0117ktuvai ir d\u0117l l\u0117ktuv\u0173 u\u017eimtumo, pana\u0161u, pri\u0117m\u0117 sprendim\u0105, kad neverta laikyti\u201c, \u2013 \u201eDelfi\u201c komentavo jis.<\/p>\n<p>    <img decoding=\"async\" src=\"https:\/\/www.europesays.com\/lt\/wp-content\/uploads\/2026\/06\/0cb0396f-16b0-4130-828e-740bf9e70bb7.jpg\" loading=\"lazy\" alt=\"Anex Tour\"\/>    <\/p>\n<p>Lietuvos oro uostai \u0161ios informacijos pla\u010diau nekomentavo.<\/p>\n<p>\u201eU\u017esakomuosiuos skryd\u017eius vykdan\u010dios oro bendrov\u0117s ar kelioni\u0173 organizatoriai nederina priimam\u0173 sprendim\u0173 d\u0117l skryd\u017ei\u0173 pasi\u016blos pakeitimo ar skryd\u017ei\u0173 nutraukimo su Lietuvos oro uostais, tod\u0117l siekiant gauti tiksli\u0105 informacij\u0105 apie planuojamus skryd\u017ei\u0173 poky\u010dius ir \u0161\u012f sprendim\u0105 l\u0117musias prie\u017eastis, rekomenduojame kreiptis tiesiogiai \u012f oro bendrov\u0119 \u201eAnex Tour\u201c, \u2013 nurodyta komentare.<\/p>\n<p>K\u0105 daryti jau \u012fsigijus kelion\u0119?<\/p>\n<p>Kelioni\u0173 agent\u016bros vadovas pasidalijo, k\u0105 \u017einoti keliautojams, kurie jau tur\u0117jo \u012fsigij\u0119 kelion\u0119 \u012f Egipt\u0105. Pasak M. Simanavi\u010diaus, sudaroma galimyb\u0117 pakeisti kelion\u0117s krypt\u012f arba susigr\u0105\u017einti pinigus. <\/p>\n<p>Vietoje Hurgados si\u016blomos kryptys \u2013 Antalija Turkijoje arba \u0160arm a\u0161 \u0160eichas Egipte.<\/p>\n<p>\u201eDelfi\u201c d\u0117l komentaro kreip\u0117si ir \u012f \u201eAnex Tour\u201c atstovus.<\/p>\n<p>Turkijos kapitalo kelioni\u0173 organizatorius \u201eAnex Tour\u201c veikl\u0105 Lietuvoje ir Baltijos \u0161alyse prad\u0117jo 2023 met\u0173 bir\u017eel\u012f. Skraidinama \u012f Turkij\u0105 ir \u012f Egipt\u0105.<\/p>\n<p>D\u0117l karo Artimuosiuose Rytuose i\u0161augus aviacinio kuro kainoms, dalis aviakompanij\u0173 pri\u0117m\u0117 sprendim\u0105 at\u0161aukti skryd\u017eius, o kai kurie Lietuvoje veikiantys organizatoriai \u0117m\u0117 taikyti papildom\u0105 \u201edegal\u0173 mokest\u012f\u201c. Jo dydis priklauso nuo kelion\u0117s krypties, atstumo ir kit\u0173 aplinkybi\u0173.<\/p>\n","protected":false},"excerpt":{"rendered":"Kelioni\u0173 agent\u016bros vadovas perdav\u0117, kad sulauk\u0117 lai\u0161ko i\u0161 \u201eAnex Tour\u201c d\u0117l jau atlikt\u0173 rezervacij\u0173 patikslinimo. Nurodoma, kad prie\u017eastis&hellip;\n","protected":false},"author":2,"featured_media":193227,"comment_status":"","ping_status":"","sticky":false,"template":"","format":"standard","meta":{"footnotes":"","_share_on_mastodon":"0"},"categories":[6],"tags":[25,30,31,4751,34,35,24,6096,32,33,37,39,5796,36,38,40,23,22,28,29,26,27],"class_list":["post-193226","post","type-post","status-publish","format-standard","has-post-thumbnail","category-antrastes","tag-antrastes","tag-breaking-news","tag-breakingnews","tag-egiptas","tag-featured-news","tag-featurednews","tag-headlines","tag-hurgada","tag-latest-news","tag-latestnews","tag-lietuva","tag-lietuviu","tag-lietuvos-oro-uostai","tag-lithuania","tag-lithuanian","tag-lt","tag-naujienos","tag-news","tag-populiariausios-naujienos","tag-populiariausiosnaujienos","tag-top-stories","tag-topstories"],"share_on_mastodon":{"url":"https:\/\/pubeurope.com\/@lt\/116680376335571012","error":""},"_links":{"self":[{"href":"https:\/\/www.europesays.com\/lt\/wp-json\/wp\/v2\/posts\/193226","targetHints":{"allow":["GET"]}}],"collection":[{"href":"https:\/\/www.europesays.com\/lt\/wp-json\/wp\/v2\/posts"}],"about":[{"href":"https:\/\/www.europesays.com\/lt\/wp-json\/wp\/v2\/types\/post"}],"author":[{"embeddable":true,"href":"https:\/\/www.europesays.com\/lt\/wp-json\/wp\/v2\/users\/2"}],"replies":[{"embeddable":true,"href":"https:\/\/www.europesays.com\/lt\/wp-json\/wp\/v2\/comments?post=193226"}],"version-history":[{"count":0,"href":"https:\/\/www.europesays.com\/lt\/wp-json\/wp\/v2\/posts\/193226\/revisions"}],"wp:featuredmedia":[{"embeddable":true,"href":"https:\/\/www.europesays.com\/lt\/wp-json\/wp\/v2\/media\/193227"}],"wp:attachment":[{"href":"https:\/\/www.europesays.com\/lt\/wp-json\/wp\/v2\/media?parent=193226"}],"wp:term":[{"taxonomy":"category","embeddable":true,"href":"https:\/\/www.europesays.com\/lt\/wp-json\/wp\/v2\/categories?post=193226"},{"taxonomy":"post_tag","embeddable":true,"href":"https:\/\/www.europesays.com\/lt\/wp-json\/wp\/v2\/tags?post=193226"}],"curies":[{"name":"wp","href":"https:\/\/api.w.org\/{rel}","templated":true}]}}