{"id":193407,"date":"2026-06-02T14:49:14","date_gmt":"2026-06-02T14:49:14","guid":{"rendered":"https:\/\/www.europesays.com\/lt\/193407\/"},"modified":"2026-06-02T14:49:14","modified_gmt":"2026-06-02T14:49:14","slug":"parama-saules-elektrinems-bus-skirta-13-mln-euru","status":"publish","type":"post","link":"https:\/\/www.europesays.com\/lt\/193407\/","title":{"rendered":"Parama saul\u0117s elektrin\u0117ms: bus skirta 13 mln. eur\u0173"},"content":{"rendered":"<p class=\"x_MsoNormal\">\u201eGaminan\u010di\u0173 vartotoj\u0173 skai\u010dius Lietuvoje spar\u010diai auga, tod\u0117l m\u016bs\u0173 tikslas \u2013 u\u017etikrinti, kad kuo daugiau gyventoj\u0173 gal\u0117t\u0173 i\u0161naudoti saul\u0117t\u0105 sezon\u0105. <\/p>\n<p class=\"x_MsoNormal\">Pernai prie gaminan\u010di\u0173 vartotoj\u0173 prisijung\u0117 daugiau nei 53 t\u016bkst. gyventoj\u0173, tod\u0117l ir toliau skatiname investuoti \u012f nuosavas saul\u0117s elektrines ir rinktis kokybi\u0161kus, efektyvius bei Europos S\u0105jungoje pagamintus sprendimus. Tikim\u0117s, kad iki \u0161i\u0173 met\u0173 pabaigos Lietuvoje bus 200 t\u016bkst. gaminan\u010di\u0173 vartotoj\u0173\u201c, \u2013 sako energetikos viceministras Airidas Dauk\u0161as. <\/p>\n<p>    <img decoding=\"async\" src=\"https:\/\/www.europesays.com\/lt\/wp-content\/uploads\/2026\/06\/d6c7bfb4-8be3-47da-af26-9b180e7962a6.jpg\" loading=\"lazy\" alt=\"Airidas Dauk\u0161as\"\/>    <\/p>\n<p>Paramos saul\u0117s elektrin\u0117ms sumos<\/p>\n<p class=\"x_MsoNormal\">Paramos dydis sieks 170 eur\u0173 u\u017e 1 kW, o u\u017e \u012frang\u0105, atitinkan\u010di\u0105 papildomus kriterijus \u2013 221 eur\u0105 u\u017e 1 kW. <\/p>\n<p class=\"x_MsoNormal\">Parama bus skiriama u\u017e ne didesn\u0119 nei 7 kW \u012frengtosios galios saul\u0117s elektrin\u0119, ta\u010diau gyventojai gali \u012fsirengti ir didesnes saul\u0117s elektrines pagal savo poreikius. <\/p>\n<p class=\"x_MsoNormal\">Didesn\u0117 parama bus skiriama tuo atveju, jei \u012fdiegta \u012franga atitinka papildomus kriterijus: technologija ir jos komponentai n\u0117ra pagaminti tre\u010diojoje \u0161alyje, t. y. \u0161alyje, kurios atitinkamos produkcijos dalis sudaro daugiau kaip 50 proc. pasi\u016blos Europos S\u0105jungoje, o saul\u0117s modulio efektyvumas vir\u0161ija 23 proc. <\/p>\n<p class=\"x_MsoNormal\">Finansavimas gali b\u016bti skiriamas nuo 2022 m. vasario 1 d. \u012frengtoms saul\u0117s elektrin\u0117ms \u2013 taip \u0161ia galimybe pasinaudoti gal\u0117s ir gyventojai, kurie elektrines \u012fsireng\u0117 anks\u010diau, ta\u010diau nesp\u0117jo gauti paramos pagal ankstesnius kvietimus. <\/p>\n<p class=\"x_MsoNormal\">Siekiant kuo efektyviau prisid\u0117ti prie gaminan\u010di\u0173 vartotoj\u0173 skai\u010diaus didinimo, finansavimas nebus skiriamas anks\u010diau \u012frengt\u0173 saul\u0117s elektrini\u0173 galios didinimui. Taip pat, \u0161ios s\u0105lygos n\u0117ra taikomos saul\u0117s elektrini\u0173 \u012fsigijimui i\u0161 nutolusi\u0173 park\u0173 \u2013 joms bus skelbiamas atskiras kvietimas antroje \u0161i\u0173 met\u0173 pus\u0117je. <\/p>\n<p class=\"x_MsoNormal\">Pra\u0161ymai paramai gauti APVIS bus priimami nuo bir\u017eelio 9 d. 8 val., kol pasibaigs visa numatyta l\u0117\u0161\u0173 suma. <\/p>\n<p class=\"x_MsoNormal\">Dar vienas kvietimas teikti parai\u0161kas gyventoj\u0173 saul\u0117s elektrini\u0173 \u012frengimo paramai preliminariai numatomas \u0161i\u0173 met\u0173 pabaigoje. <\/p>\n","protected":false},"excerpt":{"rendered":"\u201eGaminan\u010di\u0173 vartotoj\u0173 skai\u010dius Lietuvoje spar\u010diai auga, tod\u0117l m\u016bs\u0173 tikslas \u2013 u\u017etikrinti, kad kuo daugiau gyventoj\u0173 gal\u0117t\u0173 i\u0161naudoti saul\u0117t\u0105&hellip;\n","protected":false},"author":2,"featured_media":193408,"comment_status":"","ping_status":"","sticky":false,"template":"","format":"standard","meta":{"footnotes":"","_share_on_mastodon":"0"},"categories":[13],"tags":[25,9969,30,31,455,34,35,24,32,33,37,39,36,38,40,23,22,18377,28,29,26,27,28816],"class_list":["post-193407","post","type-post","status-publish","format-standard","has-post-thumbnail","category-lietuva","tag-antrastes","tag-apva","tag-breaking-news","tag-breakingnews","tag-energetikos-ministerija","tag-featured-news","tag-featurednews","tag-headlines","tag-latest-news","tag-latestnews","tag-lietuva","tag-lietuviu","tag-lithuania","tag-lithuanian","tag-lt","tag-naujienos","tag-news","tag-parama-saules-elektrinems","tag-populiariausios-naujienos","tag-populiariausiosnaujienos","tag-top-stories","tag-topstories","tag-valstybes-parama"],"share_on_mastodon":{"url":"https:\/\/pubeurope.com\/@lt\/116681072155307072","error":""},"_links":{"self":[{"href":"https:\/\/www.europesays.com\/lt\/wp-json\/wp\/v2\/posts\/193407","targetHints":{"allow":["GET"]}}],"collection":[{"href":"https:\/\/www.europesays.com\/lt\/wp-json\/wp\/v2\/posts"}],"about":[{"href":"https:\/\/www.europesays.com\/lt\/wp-json\/wp\/v2\/types\/post"}],"author":[{"embeddable":true,"href":"https:\/\/www.europesays.com\/lt\/wp-json\/wp\/v2\/users\/2"}],"replies":[{"embeddable":true,"href":"https:\/\/www.europesays.com\/lt\/wp-json\/wp\/v2\/comments?post=193407"}],"version-history":[{"count":0,"href":"https:\/\/www.europesays.com\/lt\/wp-json\/wp\/v2\/posts\/193407\/revisions"}],"wp:featuredmedia":[{"embeddable":true,"href":"https:\/\/www.europesays.com\/lt\/wp-json\/wp\/v2\/media\/193408"}],"wp:attachment":[{"href":"https:\/\/www.europesays.com\/lt\/wp-json\/wp\/v2\/media?parent=193407"}],"wp:term":[{"taxonomy":"category","embeddable":true,"href":"https:\/\/www.europesays.com\/lt\/wp-json\/wp\/v2\/categories?post=193407"},{"taxonomy":"post_tag","embeddable":true,"href":"https:\/\/www.europesays.com\/lt\/wp-json\/wp\/v2\/tags?post=193407"}],"curies":[{"name":"wp","href":"https:\/\/api.w.org\/{rel}","templated":true}]}}