{"id":193721,"date":"2026-06-02T23:13:30","date_gmt":"2026-06-02T23:13:30","guid":{"rendered":"https:\/\/www.europesays.com\/lt\/193721\/"},"modified":"2026-06-02T23:13:30","modified_gmt":"2026-06-02T23:13:30","slug":"seimas-nepritare-siulymui-surengti-patariamaji-referenduma-del-atsiskaitymo-grynaisiais-respublika-lt","status":"publish","type":"post","link":"https:\/\/www.europesays.com\/lt\/193721\/","title":{"rendered":"Seimas nepritar\u0117 si\u016blymui surengti patariam\u0105j\u012f referendum\u0105 d\u0117l atsiskaitymo grynaisiais &#8211; Respublika.lt"},"content":{"rendered":"<p style=\"text-align: justify;\" class=\"desktop_banner\">\u00a0<\/p>\n<p style=\"text-align: left;\">\u00a0<\/p>\n<p style=\"text-align: left;\">Antradien\u012f toki\u0105 \u201eNemuno au\u0161ros\u201c frakcijos nario Karolio Neimanto iniciatyv\u0105 po pateikimo palaik\u0117 29 Seimo nariai, 25 buvo prie\u0161, 18 parlamentar\u0173 susilaik\u0117. Nepaisant tokio balsavimo rezultato, Seimas dar suteik\u0117 galimyb\u0119 iniciatoriams projekt\u0105 tobulinti.\u00a0<\/p>\n<p style=\"text-align: left;\">Per referendum\u0105 planuota pilie\u010di\u0173 paklausti, ar jie pritaria, kad Konstitucijoje b\u016bt\u0173 \u012ftvirtinta nuostata, jog \u012fstatymas u\u017etikrina asmens teis\u0119 atsiskaityti grynaisiais pinigais.<\/p>\n<p style=\"text-align: left;\">\u201eGryn\u0173j\u0173 pinig\u0173 naudojimo ribojimas gali tur\u0117ti neigiam\u0105 poveik\u012f tam tikroms visuomen\u0117s grup\u0117ms, ypa\u010d vyresnio am\u017eiaus asmenims, regionuose gyvenantiems \u017emon\u0117ms bei skaitmenini\u0173 paslaug\u0173 prieinamumo stokojantiems asmenims\u201c, \u2013 teigiama nutarimo projekte.\u00a0<\/p>\n<p style=\"text-align: left;\">Jame pabr\u0117\u017eiama, kad nuosavyb\u0117s teis\u0117 yra viena i\u0161 pamatini\u0173 \u017emogaus teisi\u0173, kurios \u012fgyvendinimas apima teis\u0119 laisvai disponuoti turimu turtu, \u012fskaitant pinigines l\u0117\u0161as.<\/p>\n<p style=\"text-align: left;\">Projekt\u0105 inicijav\u0119 parlamentarai pabr\u0117\u017eia \u201epilie\u010di\u0173 teis\u0119 tiesiogiai spr\u0119sti svarbiausius valstybei klausimus, galin\u010dius tur\u0117ti \u012ftakos dabartin\u0117s ir ateities kart\u0173 gyvenimo kokybei bei ekonomin\u0117ms laisv\u0117ms\u201c.<\/p>\n<p style=\"text-align: left;\">Seimo \u201eNemuno au\u0161ros\u201c frakcijos nario K.\u00a0 Neimanto parengt\u0105 projekt\u0105 savo para\u0161ais par\u0117m\u0117 57 \u012fvairioms frakcijoms priklausantys parlamentarai.\u00a0<\/p>\n<p style=\"text-align: left;\">Kaip numato konstitucinis Referendumo \u012fstatymas, si\u016blym\u0105 paskelbti referendum\u0105 turi teis\u0119 pateikti parlamentui ne ma\u017eesn\u0117 kaip 1\/4 vis\u0173 Seimo nari\u0173 grup\u0117. Sprendim\u0105 d\u0117l \u0161io si\u016blymo priima Seimas.<\/p>\n<p style=\"text-align: left;\">Patariamasis referendumas laikomas \u012fvykusiu, jeigu jame dalyvavo daugiau kaip pus\u0117 pilie\u010di\u0173, turin\u010di\u0173 rinkim\u0173 teis\u0119 ir \u012fra\u0161yt\u0173 \u012f rink\u0117j\u0173 s\u0105ra\u0161\u0105. Jei referendumui pateiktam sprendimui pritar\u0117 ne ma\u017eiau kaip pus\u0117 jame dalyvavusi\u0173 pilie\u010di\u0173, j\u0173 pareik\u0161tos valios \u012fgyvendinimo klausimas ne v\u0117liau kaip per vien\u0105 m\u0117nes\u012f nuo galutini\u0173 referendumo rezultat\u0173 paskelbimo turi b\u016bti apsvarstytas Seime.\u00a0<\/p>\n<p style=\"text-align: left;\">ELTA primena, kad baland\u012f m\u0117nes\u012f Seimas prad\u0117jo svarstyti parlamentar\u0173 grup\u0117s iniciatyv\u0105 kartu su 2027 m. vyksian\u010diais savivaldybi\u0173 taryb\u0173 ir mer\u0173 rinkimais surengti patariam\u0105j\u012f referendum\u0105 d\u0117l \u0161eimos sampratos \u012ftvirtinimo Konstitucijoje. Tai numatant\u012f nutarimo projekt\u0105 pateik\u0117 Mi\u0161rios Seimo nari\u0173 grup\u0117s narys Vytautas Sinica.<\/p>\n<p style=\"text-align: left;\">Jei Seimas pritart\u0173, per patariam\u0105j\u012f referendum\u0105 pilie\u010di\u0173 b\u016bt\u0173 paklausta, ar jie sutinka, kad \u201eKonstitucijoje tiesiogiai b\u016bt\u0173 \u012ftvirtinta, jog \u0161eimos teisiniai santykiai kyla tik i\u0161 vyro ir moters santuokos, motinyst\u0117s ir t\u0117vyst\u0117s\u201c.<\/p>\n","protected":false},"excerpt":{"rendered":"\u00a0 \u00a0 Antradien\u012f toki\u0105 \u201eNemuno au\u0161ros\u201c frakcijos nario Karolio Neimanto iniciatyv\u0105 po pateikimo palaik\u0117 29 Seimo nariai, 25&hellip;\n","protected":false},"author":2,"featured_media":193722,"comment_status":"","ping_status":"","sticky":false,"template":"","format":"standard","meta":{"footnotes":"","_share_on_mastodon":"0"},"categories":[6],"tags":[25,30,31,34,35,7272,24,1167,32,33,37,39,36,38,40,23,8500,22,1666,28,29,7274,128,26,27],"class_list":["post-193721","post","type-post","status-publish","format-standard","has-post-thumbnail","category-antrastes","tag-antrastes","tag-breaking-news","tag-breakingnews","tag-featured-news","tag-featurednews","tag-grynieji","tag-headlines","tag-konstitucija","tag-latest-news","tag-latestnews","tag-lietuva","tag-lietuviu","tag-lithuania","tag-lithuanian","tag-lt","tag-naujienos","tag-neimantas","tag-news","tag-pinigai","tag-populiariausios-naujienos","tag-populiariausiosnaujienos","tag-referendumas","tag-seimas","tag-top-stories","tag-topstories"],"share_on_mastodon":{"url":"https:\/\/pubeurope.com\/@lt\/116683053644548811","error":""},"_links":{"self":[{"href":"https:\/\/www.europesays.com\/lt\/wp-json\/wp\/v2\/posts\/193721","targetHints":{"allow":["GET"]}}],"collection":[{"href":"https:\/\/www.europesays.com\/lt\/wp-json\/wp\/v2\/posts"}],"about":[{"href":"https:\/\/www.europesays.com\/lt\/wp-json\/wp\/v2\/types\/post"}],"author":[{"embeddable":true,"href":"https:\/\/www.europesays.com\/lt\/wp-json\/wp\/v2\/users\/2"}],"replies":[{"embeddable":true,"href":"https:\/\/www.europesays.com\/lt\/wp-json\/wp\/v2\/comments?post=193721"}],"version-history":[{"count":0,"href":"https:\/\/www.europesays.com\/lt\/wp-json\/wp\/v2\/posts\/193721\/revisions"}],"wp:featuredmedia":[{"embeddable":true,"href":"https:\/\/www.europesays.com\/lt\/wp-json\/wp\/v2\/media\/193722"}],"wp:attachment":[{"href":"https:\/\/www.europesays.com\/lt\/wp-json\/wp\/v2\/media?parent=193721"}],"wp:term":[{"taxonomy":"category","embeddable":true,"href":"https:\/\/www.europesays.com\/lt\/wp-json\/wp\/v2\/categories?post=193721"},{"taxonomy":"post_tag","embeddable":true,"href":"https:\/\/www.europesays.com\/lt\/wp-json\/wp\/v2\/tags?post=193721"}],"curies":[{"name":"wp","href":"https:\/\/api.w.org\/{rel}","templated":true}]}}