{"id":194024,"date":"2026-06-03T10:06:04","date_gmt":"2026-06-03T10:06:04","guid":{"rendered":"https:\/\/www.europesays.com\/lt\/194024\/"},"modified":"2026-06-03T10:06:04","modified_gmt":"2026-06-03T10:06:04","slug":"gretai-kondakovei-truko-kantrybe-nuo-to-kencia-musu-vaikai","status":"publish","type":"post","link":"https:\/\/www.europesays.com\/lt\/194024\/","title":{"rendered":"Gretai Kondakovei tr\u016bko kantryb\u0117 \u2013 nuo to ken\u010dia m\u016bs\u0173 vaikai"},"content":{"rendered":"<p>\u201eMan labai gaila, kad tenka savo instagramu naudotis sprend\u017eiant tokias problemas. Juo labiau, kad man, moteriai, spr\u0119sti tokias problemas. Kad ir kaip beb\u016bt\u0173 gaila, tik vie\u0161umas padeda tokiose situacijose. Tik pavie\u0161inus, pritaginus, seni\u016bnija, savivaldyb\u0117 gal\u0117t\u0173 imtis veiksm\u0173\u201c, \u2013 instagrame prad\u0117jusi kalb\u0117ti apie problem\u0105 sak\u0117 ji. <\/p>\n<p>Pasak moters, problema pastebima Salden\u0117s kaime esan\u010dioje Piev\u0173 gatv\u0117je. <\/p>\n<p>\u201eTai yra vienas einamiausi\u0173 tranzitini\u0173 keli\u0173, kuriuo va\u017eiuoja \u0161imtai automobili\u0173 kiekvien\u0105 ryt\u0105, popiet\u0119 ir vakar\u0105. Atrodyt\u0173, normalus \u017evyrkelis. Viskas pilnai apgyvendinta \u2013 visur palei j\u012f sustatyti namai\u201c, \u2013 pasakojo moteris.<\/p>\n<p>    <img decoding=\"async\" src=\"https:\/\/www.europesays.com\/lt\/wp-content\/uploads\/2026\/06\/820c8258-4a60-422b-ac6c-460a4035c546.jpg\" loading=\"lazy\" alt=\"Greta Kondakov\u0117 prabilo apie opi\u0105 problem\u0105 prie nam\u0173\"\/>      <\/p>\n<p>Did\u017eiausia problema \u2013 gausiai \u010dia judan\u010dios dideli\u0173 gabarit\u0173 transporto priemon\u0117s. Prava\u017eiuojantys sunkve\u017eimiai sukelia mil\u017eini\u0161kus dulki\u0173 debesis, ant kelio neabejotinai lieka padang\u0173 liku\u010di\u0173, skleid\u017eiami ter\u0161alai. Vis d\u0117lto \u0161iuo keliu kasdien vaik\u0161to gyventojai, \u012f mokyklas skuba vaikai, o mamos stumdo ve\u017eim\u0117lius su naujagimiais.<\/p>\n<p>\u201e\u012esivaizduokite, \u010dia gyvena \u0161imtas vaik\u0173, k\u016bdiki\u0173. Vaikai k\u0117blina \u012f mokykl\u0105. \u017dmon\u0117s negali i\u0161eiti \u012f teras\u0105. \u010cia normalu? \u2013 klaus\u0117 ji. \u2013 \u010cia nuo ryto iki vakaro va\u017eiuoja ma\u0161inos, \u0161iuo keliu vaik\u0161to, dvira\u010diais va\u017eiuoja vaikai. Mamos tokiame ore stumdo ve\u017eimus\u201c.<\/p>\n<p>Nuolat ra\u0161o skundus<\/p>\n<p>Ji u\u017esimin\u0117, kad kasdien gyventojai ra\u0161o skundus savivaldybei.<\/p>\n<p>\u201e\u012esivaizduokite, kasdien terasose s\u0117di vaikai. Taip pat jie kulniuoja namo nuo autobusiuko, kuris paleid\u017eia po mokyklos. \u010cia yra cirkas. Rengiamas specialusis projektas, kuris negali b\u016bti \u012fgyvendinamas, nes ka\u017ekokios kelio dalys priklauso privatiems \u017emon\u0117ms. O tie \u017emon\u0117s sako \u2013 tiesiog pasiimkit \u0161it\u0105 keli\u0105 ir <a rel=\"noopener nofollow\" target=\"_blank\" href=\"https:\/\/www.delfi.lt\/temos\/asfaltas\" tag-id=\"59956399\">i\u0161asfaltuokite<\/a>. Na, negali, nes yra toks \u012fstatymas. \u012estatymas neleid\u017eia to padaryti, reikia eiti teismo keliu. \u0160ioje vietoje bijau nusi\u0161nek\u0117ti, nes tiksliai visko ne\u017einau. Man svarbi yra esm\u0117 \u2013 kiekvienas i\u0161 autobusiuko i\u0161lip\u0119s vaikas ar ve\u017eim\u0117lyje gulintis k\u016bdikis kv\u0117puoja \u0161ituo brudu\u201c, \u2013 kalb\u0117jo ji.<\/p>\n<p>       <img decoding=\"async\" src=\"https:\/\/www.europesays.com\/lt\/wp-content\/uploads\/2026\/06\/9131e72f-eed3-47c4-95b3-3a9e37f82d45.jpg\" loading=\"lazy\" alt=\"Greta Kondakov\u0117\"\/>      <\/p>\n<p>Ir nors atrodyt\u0173, kad tai \u2013 tik dulk\u0117s, ant kelio lieka prava\u017eiuojan\u010di\u0173 automobili\u0173 padang\u0173 liku\u010di\u0173 ir kit\u0173 ter\u0161al\u0173. <\/p>\n<p>\u201eVisa tai nus\u0117da j\u0173 plau\u010diuose. N\u0117ra taip, kad \u010dia tik man nepatogu taip gyventi. \u010cia yra reali problema, kenkianti \u017emoni\u0173 sveikatai. Klaustum\u0117te, kaip reaguoja Nacionalinis visuomen\u0117s sveikatos centras? O jie reaguoja taip: \u201eKreipkit\u0117s \u012f savo seni\u016bnij\u0105\u201c. O seni\u016bnija sako, kad neturi l\u0117\u0161\u0173, neturi reikalingos technikos. Galiausiai, rengiamas planas asfaltavimui. Kiek met\u0173? Mano vaikas jau u\u017eaugo. Dabar nauja k\u016bdiki\u0173 karta auga su \u0161iomis dulk\u0117mis\u201c, \u2013 pasakojo ji.<\/p>\n<p>Pasak moters, erzina tai, jog es\u0105 planas keliui i\u0161lieti yra vilkinamas daug met\u0173.<\/p>\n<p>\u201eSakytum\u0117te, va\u017eiuok \u012f Vingio park\u0105 su vaikais. A\u0161 tai galiu nuva\u017eiuoti. Bet yra \u017emoni\u0173, kurie neturi automobili\u0173, o augina ma\u017eus vaikus. Jie pusantro kilometro turi eiti iki Tarand\u0117s stotel\u0117s arba iki Ante\u017eeri\u0173 stotel\u0117s. Mes gyvename pusantro kilometro nuo Vilniaus miesto \u017eenklo. Situacija tokia graudi, kad net n\u0117ra \u017eod\u017ei\u0173\u201c, \u2013 patikino G. Kondakov\u0117.<\/p>\n<p>\u201eDelfi\u201c kreip\u0117si \u012f Vilniaus rajono savivaldyb\u0119 ir sulauk\u0117 \u017einios, jog surinkus vis\u0105 reikiam\u0105 informacij\u0105 atsakymas bus pateiktas netrukus. Sulauk\u0119 atsako, juo pasidalinsime naujame straipsnyje.  <\/p>\n","protected":false},"excerpt":{"rendered":"\u201eMan labai gaila, kad tenka savo instagramu naudotis sprend\u017eiant tokias problemas. Juo labiau, kad man, moteriai, spr\u0119sti tokias&hellip;\n","protected":false},"author":2,"featured_media":194025,"comment_status":"","ping_status":"","sticky":false,"template":"","format":"standard","meta":{"footnotes":"","_share_on_mastodon":"0"},"categories":[6],"tags":[25,835,30,31,34,35,24,32,33,37,39,36,38,40,23,22,28,29,16316,26,27],"class_list":["post-194024","post","type-post","status-publish","format-standard","has-post-thumbnail","category-antrastes","tag-antrastes","tag-asfaltas","tag-breaking-news","tag-breakingnews","tag-featured-news","tag-featurednews","tag-headlines","tag-latest-news","tag-latestnews","tag-lietuva","tag-lietuviu","tag-lithuania","tag-lithuanian","tag-lt","tag-naujienos","tag-news","tag-populiariausios-naujienos","tag-populiariausiosnaujienos","tag-tersalai","tag-top-stories","tag-topstories"],"share_on_mastodon":{"url":"https:\/\/pubeurope.com\/@lt\/116685621727507021","error":""},"_links":{"self":[{"href":"https:\/\/www.europesays.com\/lt\/wp-json\/wp\/v2\/posts\/194024","targetHints":{"allow":["GET"]}}],"collection":[{"href":"https:\/\/www.europesays.com\/lt\/wp-json\/wp\/v2\/posts"}],"about":[{"href":"https:\/\/www.europesays.com\/lt\/wp-json\/wp\/v2\/types\/post"}],"author":[{"embeddable":true,"href":"https:\/\/www.europesays.com\/lt\/wp-json\/wp\/v2\/users\/2"}],"replies":[{"embeddable":true,"href":"https:\/\/www.europesays.com\/lt\/wp-json\/wp\/v2\/comments?post=194024"}],"version-history":[{"count":0,"href":"https:\/\/www.europesays.com\/lt\/wp-json\/wp\/v2\/posts\/194024\/revisions"}],"wp:featuredmedia":[{"embeddable":true,"href":"https:\/\/www.europesays.com\/lt\/wp-json\/wp\/v2\/media\/194025"}],"wp:attachment":[{"href":"https:\/\/www.europesays.com\/lt\/wp-json\/wp\/v2\/media?parent=194024"}],"wp:term":[{"taxonomy":"category","embeddable":true,"href":"https:\/\/www.europesays.com\/lt\/wp-json\/wp\/v2\/categories?post=194024"},{"taxonomy":"post_tag","embeddable":true,"href":"https:\/\/www.europesays.com\/lt\/wp-json\/wp\/v2\/tags?post=194024"}],"curies":[{"name":"wp","href":"https:\/\/api.w.org\/{rel}","templated":true}]}}