{"id":194135,"date":"2026-06-03T12:34:14","date_gmt":"2026-06-03T12:34:14","guid":{"rendered":"https:\/\/www.europesays.com\/lt\/194135\/"},"modified":"2026-06-03T12:34:14","modified_gmt":"2026-06-03T12:34:14","slug":"zemaitaicio-pareiskimus-apie-neva-vyksianti-perversma-vertina-vilniaus-kriminalistai-respublika-lt","status":"publish","type":"post","link":"https:\/\/www.europesays.com\/lt\/194135\/","title":{"rendered":"\u017demaitai\u010dio parei\u0161kimus apie neva vyksiant\u012f perversm\u0105 vertina Vilniaus kriminalistai &#8211; Respublika.lt"},"content":{"rendered":"<p><img loading=\"lazy\" decoding=\"async\" src=\"https:\/\/www.respublika.lt\/lt\/naujienos\/lietuva\/lietuvos_politika\/zemaitaicio-pareiskimus-apie-neva-vyksianti-perversma-vertina-vilniaus-kriminalistai\/images\/ico_camera_white.gif\" class=\"camera\" width=\"22\" height=\"15\" alt=\"nuotr.\" style=\"position:relative; top:-2px; right:2px;\"\/> 1 nuotr.<\/p>\n<p>Remigijus \u017demaitaitis. Eltos nuotr.<\/p>\n<p style=\"text-align: justify;\" class=\"desktop_banner\">\u00a0<\/p>\n<p style=\"text-align: left;\">\u00a0<\/p>\n<p style=\"text-align: left;\">\u201eRenkama med\u017eiaga d\u0117l to pasisakymo aplinkybi\u0173, tikslinamos aplinkyb\u0117s pagal Baud\u017eiamojo kodekso 114 straipsnio 1 dal\u012f\u201c, \u2013 Eltai sak\u0117 Vilniaus apskrities vyriausiojo policijos komisariato (VPK) atstov\u0117 Loreta Kairien\u0117.<\/p>\n<p style=\"text-align: left;\">Anot jos, informacij\u0105 d\u0117l R. \u017demaitai\u010dio parei\u0161kim\u0173 vertina Vilniaus VPK Kriminalin\u0117s policijos specializuotas padalinys.<\/p>\n<p style=\"text-align: left;\">Min\u0117tame Baud\u017eiamojo kodekso straipsnyje numatoma, kad tas, kas organizavo ar dalyvavo s\u0105moksle valstyb\u0117s perversmui \u012fvykdyti arba dalyvavo perversme, baud\u017eiamas laisv\u0117s at\u0117mimu nuo 4 iki 20 met\u0173 arba laisv\u0117s at\u0117mimu iki gyvos galvos.<\/p>\n<p style=\"text-align: left;\">Policija kol kas sprendimo d\u0117l tyrimo prad\u0117jimo ar neprad\u0117jimo n\u0117ra pri\u0117musi.<\/p>\n<p style=\"text-align: left;\">R. \u017demaitaitis gegu\u017e\u0119 laidoje \u201eOpTV\u201c paskelb\u0117 manantis, kad ruden\u012f \u0161alyje es\u0105 gali kilti \u201evalstyb\u0117s vidaus perversmas\u201c. Jis min\u0117jo, jog perversmas gali neva b\u016bti brutalus, jo metu bus es\u0105 imamasi \u201efizini\u0173 susidorojim\u0173\u201c su \u017emon\u0117mis.\u00a0<\/p>\n<p style=\"text-align: left;\">Atliekamas tyrimas d\u0117l kit\u0173 R. \u017demaitai\u010dio parei\u0161kim\u0173<\/p>\n<p style=\"text-align: left;\">ELTA primena, kad teis\u0117saug\u0105 kov\u0105 pri\u0117m\u0117 sprendim\u0105 prad\u0117ti ikiteismin\u012f tyrim\u0105 d\u0117l kit\u0173 parlamentaro R. \u017demaitai\u010dio parei\u0161kim\u0173. Tyrimas atliekamas d\u0117l politiko teigini\u0173 apie Kovo\u00a011-osios\u00a0Nepriklausomyb\u0117s Akto signatarus, kuriuos R. \u017demaitaitis pavadino sukil\u0117liais.<\/p>\n<p style=\"text-align: left;\">Tyrimas prad\u0117tas pagal Baud\u017eiamojo kodekso straipsn\u012f, kuriame numatyta atsakomyb\u0117 u\u017e vie\u0161\u0105 pritarim\u0105 tarptautiniams nusikaltimams, SSRS ar nacistin\u0117s Vokietijos nusikaltimams, j\u0173 neigim\u0105 ar \u0161iurk\u0161t\u0173 menkinim\u0105.<\/p>\n<p style=\"text-align: left;\">\u0160iame straipsnyje nurodoma, kad tas, kas padar\u0117 min\u0117t\u0105 nusikaltim\u0105 ar nusikaltimus, yra baud\u017eiamas vie\u0161aisiais darbais arba bauda, arba laisv\u0117s apribojimu, arba are\u0161tu, arba laisv\u0117s at\u0117mimu iki dvej\u0173 met\u0173.<\/p>\n<p style=\"text-align: left;\">R. \u017demaitaitis \u017eurnalist\u0117s R. Janutien\u0117s laidoje \u201eOpTV\u201c teig\u0117, kad Kovo 11-osios Nepriklausomyb\u0117s Akto signatarai yra sukil\u0117liai, nes nepriklausomyb\u0117s atk\u016brimas buvo perversmas, kurio metu nuversta soviet\u0173 vald\u017eia.<\/p>\n<p style=\"text-align: left;\">\u201eNepriklausomyb\u0117s Akto signatarai rytoj, kovo 11-\u0105, nes vis tiek, jie yra sukilimo dalyviai, juos reikia vadinti. A\u0161 ne\u017einau, kod\u0117l vadina juos signatarais. Arba nepriklausomyb\u0117s atk\u016brimas \u2013 n\u0117ra, buvo revoliucija Lietuvoje, buvo perversmas organizuotas, buvo sukilimas. A\u0161 juos vadinu sukilimo dalyviais\u201c, \u2013 kalb\u0117jo R. \u017demaitaitis.<\/p>\n<p style=\"text-align: left;\">Pati R. Janutien\u0117 suabejojo tokiu \u201eau\u0161rie\u010dio\u201c teiginiu, ta\u010diau pastarasis dar kart\u0105 pakartojo, jog tai buvo \u201esukilimas, nuvert\u0117 santvark\u0105\u201c.<\/p>\n<p style=\"text-align: left;\">\u201e\u012evyko sukilimas prie\u0161 Taryb\u0173 S\u0105jung\u0105. Atkuriamasis s\u0105j\u016bdis, Sporto r\u016bmai \u2013 kas tai yra? Tai yra tas perversmas, kur\u012f organizavo: Oran\u017ein\u0117 revoliucija, m\u0117lynoji revoliucija, dar ka\u017ekas tai. Tai yra sukilimo dalyviai\u201c, \u2013 sak\u0117 parlamentaras.<\/p>\n<p style=\"text-align: left;\">Tiesa, nors politikas pabr\u0117\u017e\u0117, kad \u0161i\u0105 dat\u0105 reikia branginti, jo pasisakymai sulauk\u0117 kritikos. V\u0117liau R. \u017demaitaitis teig\u0117 atsipra\u0161antis d\u0117l to, jog pavartojo \u017eod\u012f \u201eperversmas\u201c.<\/p>\n","protected":false},"excerpt":{"rendered":"1 nuotr. Remigijus \u017demaitaitis. Eltos nuotr. \u00a0 \u00a0 \u201eRenkama med\u017eiaga d\u0117l to pasisakymo aplinkybi\u0173, tikslinamos aplinkyb\u0117s pagal Baud\u017eiamojo&hellip;\n","protected":false},"author":2,"featured_media":194136,"comment_status":"","ping_status":"","sticky":false,"template":"","format":"standard","meta":{"footnotes":"","_share_on_mastodon":"0"},"categories":[13],"tags":[25,30,31,34,35,24,32,33,37,39,36,38,40,23,22,4176,601,28,29,26,27,626,413],"class_list":["post-194135","post","type-post","status-publish","format-standard","has-post-thumbnail","category-lietuva","tag-antrastes","tag-breaking-news","tag-breakingnews","tag-featured-news","tag-featurednews","tag-headlines","tag-latest-news","tag-latestnews","tag-lietuva","tag-lietuviu","tag-lithuania","tag-lithuanian","tag-lt","tag-naujienos","tag-news","tag-perversmas","tag-policija","tag-populiariausios-naujienos","tag-populiariausiosnaujienos","tag-top-stories","tag-topstories","tag-vilnius","tag-zemaitaitis"],"share_on_mastodon":{"url":"https:\/\/pubeurope.com\/@lt\/116686203856491830","error":""},"_links":{"self":[{"href":"https:\/\/www.europesays.com\/lt\/wp-json\/wp\/v2\/posts\/194135","targetHints":{"allow":["GET"]}}],"collection":[{"href":"https:\/\/www.europesays.com\/lt\/wp-json\/wp\/v2\/posts"}],"about":[{"href":"https:\/\/www.europesays.com\/lt\/wp-json\/wp\/v2\/types\/post"}],"author":[{"embeddable":true,"href":"https:\/\/www.europesays.com\/lt\/wp-json\/wp\/v2\/users\/2"}],"replies":[{"embeddable":true,"href":"https:\/\/www.europesays.com\/lt\/wp-json\/wp\/v2\/comments?post=194135"}],"version-history":[{"count":0,"href":"https:\/\/www.europesays.com\/lt\/wp-json\/wp\/v2\/posts\/194135\/revisions"}],"wp:featuredmedia":[{"embeddable":true,"href":"https:\/\/www.europesays.com\/lt\/wp-json\/wp\/v2\/media\/194136"}],"wp:attachment":[{"href":"https:\/\/www.europesays.com\/lt\/wp-json\/wp\/v2\/media?parent=194135"}],"wp:term":[{"taxonomy":"category","embeddable":true,"href":"https:\/\/www.europesays.com\/lt\/wp-json\/wp\/v2\/categories?post=194135"},{"taxonomy":"post_tag","embeddable":true,"href":"https:\/\/www.europesays.com\/lt\/wp-json\/wp\/v2\/tags?post=194135"}],"curies":[{"name":"wp","href":"https:\/\/api.w.org\/{rel}","templated":true}]}}