{"id":194273,"date":"2026-06-03T14:52:22","date_gmt":"2026-06-03T14:52:22","guid":{"rendered":"https:\/\/www.europesays.com\/lt\/194273\/"},"modified":"2026-06-03T14:52:22","modified_gmt":"2026-06-03T14:52:22","slug":"generaline-prokurore-i-seima-jau-eina-kaip-i-darba-respublika-lt","status":"publish","type":"post","link":"https:\/\/www.europesays.com\/lt\/194273\/","title":{"rendered":"Generalin\u0117 prokuror\u0117 \u012f Seim\u0105 jau eina kaip \u012f darb\u0105 &#8211; Respublika.lt"},"content":{"rendered":"<p style=\"text-align: justify;\" class=\"desktop_banner\">\u00a0<\/p>\n<p>Seimo nari\u0173 kabinetus, b\u016bstus ar partij\u0173 b\u016bstines vis da\u017eniau krato Speciali\u0173j\u0173 tyrim\u0173 tarnybos ar Finansini\u0173 nusikaltim\u0173 tyrimo tarnybos pareig\u016bnai.<\/p>\n<p>Kas darosi su Lietuva ir jos parlamentine demokratija? Negi, neatlaik\u0119 auk\u0161tos politin\u0117s kartel\u0117s, politikai darda vis \u017eemyn? Paskui save tempdami vis\u0105 valstyb\u0119?<\/p>\n<p>Neliko nekaltumo prezumpcijos<\/p>\n<p>Politologas Algis KRUPAVI\u010cIUS sako, kad \u0161itoje situacijoje gali b\u016bti keli elementai.<\/p>\n<p><img loading=\"lazy\" decoding=\"async\" src=\"https:\/\/www.europesays.com\/lt\/wp-content\/uploads\/2026\/06\/photo_9776291.jpg\" alt=\"\" width=\"580\" height=\"380\"\/><\/p>\n<p>\u201eViena versija, &#8211; patikslino A.Krupavi\u010dius, &#8211; paprasta, kad i\u0161 tikr\u0173j\u0173 gyvename labai ydingame laike, tod\u0117l politikai \u012fsivelia \u012f visokias istorijas &#8211; \u012fskaitant korupcines ir pana\u0161iai.<\/p>\n<p>Tai vienas dalykas, bet toks manymas gali b\u016bti ir neteisingas. Pa\u017ei\u016br\u0117kime \u012f prokurat\u016bros, STT, FNTT tyrimus dabar ir anks\u010diau. Tai b\u016bt\u0173 visai neblogas atskaitos ta\u0161kas. Sunki\u0173 nusikaltim\u0173 dabar yra suma\u017e\u0117j\u0119.<\/p>\n<p>Kita versija &#8211; kad dabar gal geriau dirba specialiosios tarnybos. Jos geriau atlieka tyrimus, tod\u0117l atrodo, kad vyksta daugiau blog\u0173 dalyk\u0173?<\/p>\n<p>Bet t\u0105 versij\u0105 pagr\u012fsti, saky\u010diau, tikrai b\u016bt\u0173 sunku, nes visi tie vaik\u0161\u010diojimai \u012f Seim\u0105 pra\u0161ant panaikinti nelie\u010diamybes ar teikiami \u012ftarimai yra, vie\u0161ai tariant, abejotini.<\/p>\n<p>A\u0161 kalbu tiek apie generalin\u0117s prokuror\u0117s vaik\u0161\u010diojim\u0105 \u012f Seim\u0105, tiek apie STT kratas Seimo nari\u0173 kabinetuose ir namuose. \u0160\u012f bendr\u0105 paveiksl\u0105 gerokai sureik\u0161mina \u017einiasklaida.<\/p>\n<p>Kaip tik \u017ei\u016br\u0117jau taisykles ir normas, kurios veikia Vokietijoje. Kai atliekami ka\u017ekokie ikiteisminio tyrimo veiksmai, tai Vokietijoje neleid\u017eiama tokiu lygiu, kaip pas mus, \u017einiasklaidai dalyvauti, filmuoti ka\u017ekokius teis\u0117saugos veiksmus ir suasmeninti \u017emones, kad visi \u017einot\u0173 j\u0173 vardus ir pavardes.<\/p>\n<p>Tokio lygio Vokietijoje n\u0117ra. Nebent b\u016bna ka\u017ekoks teroristinis, ekstremistinis atvejis ar ka\u017ekas pana\u0161aus. Vokietijoje vengiama sukelti i\u0161ankstinio nuosprend\u017eio \u012fsp\u016bd\u012f ar nuteisim\u0105 vie\u0161ojoje nuomon\u0117je.<\/p>\n<p>Tai yra teis\u0117s \u012f teising\u0105 teism\u0105 dalis, Lietuvoje \u0161is principas pa\u017eeid\u017eiamas visuose rezonansiniuose atvejuose. Vokietijoje n\u0117ra skatinama vie\u0161ai rodyti kratas.<\/p>\n<p>Jei atsiranda \u012fsp\u016bdis, jog vald\u017eios institucijos per \u017einiasklaid\u0105 ty\u010dia kenkia reputacijai, yra vie\u0161o pa\u017eeminimo po\u017eymi\u0173 arba bendradarbiaujant su \u017einiasklaida siekiama sukurti oponento ar kitokio asmens kalt\u0117s \u012fsp\u016bd\u012f, tai gali vesti \u012f teisminius ie\u0161kinius, konstitucinius skundus ir t.t.<\/p>\n<p>O Lietuvoje &#8211; prie\u0161ingai. Pas mus net ir \u012fkal\u010di\u0173 neturint prasideda \u201ekraujo liejimo&#8221; veiksmai. Saulius Skvernelis, dirb\u0119s pa\u010diuose auk\u0161\u010diausiuose teis\u0117saugos ir vald\u017eios postuose, i\u0161 tikr\u0173j\u0173 buvo teisus, kad Lietuvoje nekaltumo prezumpcija \u0161lubuoja abiem kojomis arba jos i\u0161 viso n\u0117ra.<\/p>\n<p>Nors nekaltumo prezumpcija yra esminis teisin\u0117s valstyb\u0117s principas. Tod\u0117l a\u0161 kaip pilietis pasaky\u010diau, kad pernelyg dideli toki\u0173 tyrim\u0173 i\u0161vie\u0161inimai pa\u017eeid\u017eia nekaltumo prezumpcij\u0105.<\/p>\n<p>Paskutinis toks vie\u0161ai aptariamas pavyzdys &#8211; \u201eNemuno Au\u0161ra&#8221;, kai pas jos frakcijos narius Remigij\u0173 \u017demaitait\u012f ir Daiv\u0105 Petkevi\u010dien\u0119 Seime buvo atliktos kratos.<\/p>\n<p>Istorija tai yra sena! Vyriausioji rinkim\u0173 komisija yra apie tai pasisakiusi ir paskyrusi nuobaudas. O dabar ir v\u0117l i\u0161 naujo vaik\u0161\u010diojama po t\u0105 pa\u010di\u0105 pelk\u0119 ir bandoma rasti ka\u017ek\u0105 skandalingo. Manau, kad tai yra nieko gero, o korupcijos lygis Lietuvoje n\u0117ra tiek i\u0161aug\u0119s, kad reik\u0117t\u0173 taip vie\u0161ai elgtis.<\/p>\n<p>Antras dalykas &#8211; teis\u0117sauga neb\u016btinai dabar dirba geriau. O tre\u010dias elementas &#8211; mes apskritai savo vie\u0161\u0105j\u0105 erdv\u0119 esame pavert\u0119 skandal\u0173 erdve. Ir didele dalimi &#8211; tos vadinamos sistemin\u0117s \u017einiasklaidos pastangomis. Tai, ko gero, maty\u010diau pagrindin\u0119 prie\u017east\u012f, kod\u0117l Lietuvos politinis laukas taip atrodo.<\/p>\n<p>Kiekvien\u0105 kart\u0105, kai teis\u0117sauga susidom\u0117davo politikais, prie\u017eastys buvo skirtingos, bet pati valstyb\u0117s teisin\u0117 sistema neturi stabd\u017ei\u0173 ir atsparumo tokiems dalykams.<\/p>\n<p>\u0160tai \u010dia yra svarbus dalykas! N\u0117 vienas i\u0161 teis\u0117saug\u0105 \u0161iuo metu sudominusi\u0173 politik\u0173 n\u0117ra nuteistas. Ir apskritai viena i\u0161 teisin\u0117s valstyb\u0117s taisykli\u0173 yra ta, kad kaltu tampama tik tada, kai tai pripa\u017e\u012fsta teismas ir jau esi per\u0117j\u0119s visas teism\u0173 instancijas.<\/p>\n<p>O Lietuvoje reakcija prasideda, kai parei\u0161kiami dar tik ka\u017ekokie sp\u0117jimai, o ne real\u016bs \u012ftarimai. \u010cia v\u0117lgi mums labai ai\u0161kiai reikia visos teisin\u0117s sistemos remonto, nes toje sistemoje tikrai n\u0117ra \u0161vent\u0173j\u0173 ir nekalt\u0173j\u0173.&#8221;<\/p>\n<p>Nel\u012fsk \u012f vald\u017ei\u0105, jei turi skelet\u0173 spintoje<\/p>\n<p>Politologas Vytautas DUMBLIAUSKAS:<\/p>\n<p><img loading=\"lazy\" decoding=\"async\" src=\"https:\/\/www.europesays.com\/lt\/wp-content\/uploads\/2026\/06\/photo_861089.jpg\" alt=\"\" width=\"580\" height=\"387\"\/><\/p>\n<p>\u201eDabar vienintelis cenzas, norint patekti \u012f vald\u017ei\u0105, yra am\u017eiaus cenzas. Anks\u010diau demokratin\u0117se \u0161alyse buvo turto, i\u0161silavinimo, lyties ir kitoki\u0173 cenz\u0173, o dabar t\u0173 cenz\u0173 neliko ne tik balsuotojams, bet ir tiems, kurie nori i\u0161kelti savo kandidat\u016bras \u012f Seim\u0105.<\/p>\n<p>Tai yra demokratijos lazdos antras galas. Ateina publika, kuriai nereikia nei auk\u0161tojo i\u0161silavinimo &#8211; nieko nereikia Seimo nariui! Ir dirbti nereikia! Gali jisai vaidinti Seimo nar\u012f, \u012f dal\u012f pos\u0117d\u017ei\u0173 neateiti.<\/p>\n<p>Ta\u010diau demokratijos tobulinimo klausimo mes dabar nei\u0161spr\u0119sime. Saky\u010diau, demokratija pati sukuria toki\u0105 terp\u0119 ir pati leid\u017eia nepatikrintiems \u017emon\u0117ms eiti \u012f politik\u0105. Ir tie \u017emon\u0117s turi savo biografijas, turi savo spintoje griau\u010di\u0173-skelet\u0173 ir tie skeletai lenda.<\/p>\n<p>Manau, gal reikia d\u017eiaugtis, kad m\u016bs\u0173 prokurat\u016bra randa med\u017eiagos ir kad t\u0105 med\u017eiag\u0105 vie\u0161ina bei atlieka tyrimus. Gal yra viltis, kad ateityje tie, kurie turi savo praeityje griau\u010di\u0173 spintoje, neis \u012f politik\u0105. Nes kai ateini \u012f politik\u0105, tave ap\u0161vie\u010dia \u0161imtas pro\u017eektori\u0173.<\/p>\n<p>Pavyzd\u017eiui, Gintautas Paluckas &#8211; jei jisai b\u016bt\u0173 nelind\u0119s taip auk\u0161tai ir toliau b\u016bt\u0173 buv\u0119s eiliniu, niekam neu\u017ekli\u016bnan\u010diu Seimo nariu, ir suk\u0119s savo reikalus. Ir b\u016bt\u0173 laimingai gyven\u0119s. O kai i\u0161lindo \u012f ministrus pirmininkus, tai t\u0173 pro\u017eektori\u0173 dar padaug\u0117jo.<\/p>\n<p>Demokratijoje to i\u0161vengti yra bevilti\u0161ka. O kas darosi kitose \u0161alyse? \u012e politik\u0105 eina visokiausios tamsios asmenyb\u0117s, verslai visokie juodi ir t.t. Krenta politik\u0173, taip pat ir m\u016bs\u0173 Seimo lygis.<\/p>\n<p>Tai pripa\u017e\u012fsta visi, palygin\u0119 su Auk\u0161\u010diausi\u0105ja Taryba (1990-1992), kur buvo mokslinink\u0173 akademik\u0173, i\u0161kili\u0173 meninink\u0173, teisinink\u0173 ir t.t. O dabar tragi\u0161ka.<\/p>\n<p>Kai kuri\u0173 Seimo nari\u0173 abiej\u0173 ly\u010di\u0173 toks lygis, kad jiems tur\u0117t\u0173 b\u016bti u\u017edrausta b\u016bti Seimo nariais, nes j\u0173 intelekto ir kult\u016bros lygis per \u017eemas.<\/p>\n<p>Bet \u010dia tokia problema, kurios nei\u0161spr\u0119sime, nes tada reik\u0117t\u0173 cenzus \u012fvesti, o cenz\u0173 tikrai niekas ne\u012fves. Viltis, jog jeigu teis\u0117sauga taip imsis, tai tokie veik\u0117jai kaip Paluckas gal tiesiog neis \u012f politik\u0105? Saugosis?<\/p>\n<p>Nuo kokio \u0161iuo metu \u012f teis\u0117saugos akirat\u012f papuolusio politiko gali labiausiai nukent\u0117ti m\u016bs\u0173 politin\u0117 sistema? Manau, kad pasekmes labiausiai pajus Sauliaus Skvernelio Demokrat\u0173 s\u0105junga \u201eVardan Lietuvos&#8221;, nes tai smog\u0117 visai partijai.<\/p>\n<p>Manau, tokiai partijai be S.Skvernelio nesi\u0161vie\u010dia jokios perspektyvos. Tur\u0117s ie\u0161kotis darbo. Tikro darbo. Nes taps u\u017eparlamentine partija, per rinkimus neper\u017eengusia 5 proc. Ir bus viskas su ja!<\/p>\n<p>O Kazys Starkevi\u010dius pats i\u0161\u0117jo i\u0161 konservatori\u0173 partijos, tod\u0117l konservatoriams per daug nepakenks. Dainius \u017dalimas vadovavo ne partijai, bet buvo tik vienos vie\u0161osios \u012fstaigos direktoriumi bei vieninteliu darbuotoju.<\/p>\n<p>Tad jeigu kas nors ir i\u0161l\u012fs, pasekm\u0117s bus menkos. D\u0117l G.Palucko socialdemokratai irgi nelabai nukent\u0117s. Ai\u0161ku, jie G.Paluck\u0105 gina, kai kurios partijos moterys kalba, kad jis labai geras politikas, bet visi pamir\u0161ta, kad 2020 m. G.Palucko vadovaujami socialdemokratai Seime gavo tik 13 viet\u0173.<\/p>\n<p>Tai buvo visi\u0161ka nes\u0117km\u0117 tokiai galingai partijai. Po to G.Paluck\u0105 atleido 2021 m. i\u0161 partijos pirmininko pareig\u0173 kaip nepateisinus\u012f pasitik\u0117jimo. \u012esid\u0117m\u0117jau t\u0105 formuluot\u0119. G.Paluckas nieko gero partijai nedav\u0117, o dabar j\u012f gina Seimo nar\u0117 Indr\u0117 Ki\u017eien\u0117, kad jis puikus politikas yra!&#8221;<\/p>\n","protected":false},"excerpt":{"rendered":"\u00a0 Seimo nari\u0173 kabinetus, b\u016bstus ar partij\u0173 b\u016bstines vis da\u017eniau krato Speciali\u0173j\u0173 tyrim\u0173 tarnybos ar Finansini\u0173 nusikaltim\u0173 tyrimo&hellip;\n","protected":false},"author":2,"featured_media":194274,"comment_status":"","ping_status":"","sticky":false,"template":"","format":"standard","meta":{"footnotes":"","_share_on_mastodon":"0"},"categories":[13],"tags":[25,30,31,3654,34,35,5248,6343,24,3653,32,33,37,39,36,38,40,23,26027,22,28,29,5249,128,26,27],"class_list":["post-194273","post","type-post","status-publish","format-standard","has-post-thumbnail","category-lietuva","tag-antrastes","tag-breaking-news","tag-breakingnews","tag-dumbliauskas","tag-featured-news","tag-featurednews","tag-generaline","tag-grunskiene","tag-headlines","tag-krupavicius","tag-latest-news","tag-latestnews","tag-lietuva","tag-lietuviu","tag-lithuania","tag-lithuanian","tag-lt","tag-naujienos","tag-nelieciamybe","tag-news","tag-populiariausios-naujienos","tag-populiariausiosnaujienos","tag-prokurore","tag-seimas","tag-top-stories","tag-topstories"],"share_on_mastodon":{"url":"https:\/\/pubeurope.com\/@lt\/116686746559252860","error":""},"_links":{"self":[{"href":"https:\/\/www.europesays.com\/lt\/wp-json\/wp\/v2\/posts\/194273","targetHints":{"allow":["GET"]}}],"collection":[{"href":"https:\/\/www.europesays.com\/lt\/wp-json\/wp\/v2\/posts"}],"about":[{"href":"https:\/\/www.europesays.com\/lt\/wp-json\/wp\/v2\/types\/post"}],"author":[{"embeddable":true,"href":"https:\/\/www.europesays.com\/lt\/wp-json\/wp\/v2\/users\/2"}],"replies":[{"embeddable":true,"href":"https:\/\/www.europesays.com\/lt\/wp-json\/wp\/v2\/comments?post=194273"}],"version-history":[{"count":0,"href":"https:\/\/www.europesays.com\/lt\/wp-json\/wp\/v2\/posts\/194273\/revisions"}],"wp:featuredmedia":[{"embeddable":true,"href":"https:\/\/www.europesays.com\/lt\/wp-json\/wp\/v2\/media\/194274"}],"wp:attachment":[{"href":"https:\/\/www.europesays.com\/lt\/wp-json\/wp\/v2\/media?parent=194273"}],"wp:term":[{"taxonomy":"category","embeddable":true,"href":"https:\/\/www.europesays.com\/lt\/wp-json\/wp\/v2\/categories?post=194273"},{"taxonomy":"post_tag","embeddable":true,"href":"https:\/\/www.europesays.com\/lt\/wp-json\/wp\/v2\/tags?post=194273"}],"curies":[{"name":"wp","href":"https:\/\/api.w.org\/{rel}","templated":true}]}}