{"id":194453,"date":"2026-06-03T19:26:31","date_gmt":"2026-06-03T19:26:31","guid":{"rendered":"https:\/\/www.europesays.com\/lt\/194453\/"},"modified":"2026-06-03T19:26:31","modified_gmt":"2026-06-03T19:26:31","slug":"lsdp-taryboje-gali-buti-sprendziamas-ministro-kestucio-budrio-likimas-respublika-lt","status":"publish","type":"post","link":"https:\/\/www.europesays.com\/lt\/194453\/","title":{"rendered":"LSDP taryboje gali b\u016bti sprend\u017eiamas ministro K\u0119stu\u010dio Budrio likimas &#8211; Respublika.lt"},"content":{"rendered":"<p style=\"text-align: justify;\" class=\"desktop_banner\">\u00a0<\/p>\n<p style=\"text-align: left;\">\u00a0<\/p>\n<p style=\"text-align: left;\">Bent penki socialdemokratai nevie\u0161ai teig\u0117, kad K. Budrio laikysena u\u017esienio politikoje ne visai atitinka partijos, Vyriausyb\u0117s apsibr\u0117\u017etas politikos gaires.\u00a0<\/p>\n<p style=\"text-align: left;\">\u201eNe, joki\u0173 kitoki\u0173 tem\u0173 apie pasitik\u0117jim\u0105, nepasitik\u0117jim\u0105, n\u0117ra. A\u0161 j\u0173 negird\u017eiu. Darbas vyksta, su premjere bendravome pirmadien\u012f. Viskas darbingai\u201c, \u2013 teig\u0117 K. Budrys.<\/p>\n<p style=\"text-align: left;\">Taip pat informuojama ir apie galimus platesnius procesus \u2013 socialdemokratai gali keisti ir koalicij\u0105, gal ir Vyriausyb\u0117s sud\u0117t\u012f \u2013 ne tik kelis ministrus, bet ir premjer\u0105.<\/p>\n<p style=\"text-align: left;\">\u012esp\u016bdis, kad jis vykdo savaranki\u0161k\u0105 program\u0105<\/p>\n<p style=\"text-align: left;\">Vie\u0161ojoje erdv\u0117je pasirod\u017eius informacijai, kad \u0161e\u0161tadien\u012f vyksian\u010diame socialdemokrat\u0173 tarybos pos\u0117dyje gali b\u016bti sprend\u017eiamas u\u017esienio reikal\u0173 ministro K. Budrio likimas, valdan\u010diosios koalicijos partneriai teigia turintys pastab\u0173 Lietuvos diplomatijos vadovui.<\/p>\n<p style=\"text-align: left;\">Lietuvos valstie\u010di\u0173, \u017eali\u0173j\u0173 ir Krik\u0161\u010dioni\u0161k\u0173 \u0161eim\u0173 s\u0105jungos (LV\u017dK\u0160S) frakcijos narei Ligitai Girskienei susidaro \u012fsp\u016bdis, kad ministras veikia savaranki\u0161kai ir nederina veiksm\u0173 su Vyriausyb\u0117s vadove Inga Ruginien\u0117.<\/p>\n<p style=\"text-align: left;\">\u201eKiek dalyvauju valdan\u010diosios daugumos veikloje ir koalicijos susitikimuose, susidaro \u012fsp\u016bdis, kad Budrys dirba savaranki\u0161kai, nesitardamas net su Vyriausyb\u0117s vadove, nederindamas savo veiksm\u0173 ar pozicij\u0173. Galiausiai, mes turime Vyriausyb\u0117s program\u0105, kuri turi b\u016bti vykdoma. Susidaro toks \u012fsp\u016bdis, kad jis savaranki\u0161k\u0105 program\u0105 ka\u017ekoki\u0105 vykdo&#8221;, &#8211; tre\u010diadien\u012f Eltai komentavo L. Girskien\u0117.<\/p>\n<p style=\"text-align: left;\">\u201eDaugiau neturiu ka\u017ekoki\u0173 \u017eini\u0173, u\u017esienio politika n\u0117ra mano sritis. Bet kad turi pastab\u0173 ministrui tikrai gird\u0117jau, u\u017ekulisiuose kalbama. Labiausiai pykstama d\u0117l to, kad nesikalbama&#8221;, &#8211; prid\u016br\u0117 ji.<\/p>\n<p style=\"text-align: left;\">Pasak politik\u0117s, visi ministrai yra skiriami tam, kad Vyriausyb\u0117s programa b\u016bt\u0173 \u012fgyvendinta &#8211; d\u0117l to koalicija ir susitar\u0117.<\/p>\n<p style=\"text-align: left;\">\u201eO \u010dia gaunasi, kad nevykdo m\u016bs\u0173 programos (&#8230;). Nesu ma\u010diusi jo nei viename tokiame pasitarime, kad informacij\u0105 ka\u017ekoki\u0105 pristatyt\u0173 ar savo vizij\u0105. Buvome ka\u017ekada \u012f frakcij\u0105 pasikviet\u0119, derinome labai ilgai laik\u0105 susitikimui. Bet \u012f m\u016bs\u0173 klausimus konkre\u010diai nebuvo atsakyta&#8221;, &#8211; sak\u0117 parlamentar\u0117.<\/p>\n<p style=\"text-align: left;\">Pasak jos, jeigu socialdemokratai nuspr\u0119st\u0173 pakeisti K. Budr\u012f, LV\u017dK\u0160S organizuot\u0173 pasitarim\u0105 \u0161iam klausimui aptarti.<\/p>\n<p style=\"text-align: left;\">\u201eBet kiek i\u0161 frakcijos koleg\u0173 esu gird\u0117jusi, tai tikrai turi priekai\u0161t\u0173 ministro darbui&#8221;, &#8211; pa\u017eym\u0117jo L. Girskien\u0117.<\/p>\n<p style=\"text-align: left;\">Ministro darbui priekai\u0161t\u0173 turime<\/p>\n<p style=\"text-align: left;\">Savo ruo\u017etu \u201eNemuno au\u0161ros&#8221; vicepirmininkas Robertas Puchovi\u010dius nurodo, jog frakcija savo pozicijos \u0161iuo klausimu kol kas neturi.<\/p>\n<p style=\"text-align: left;\">\u201eMano asmenin\u0117 pozicija yra tokia, kad mes nesivelsime \u012f socialdemokrat\u0173 matymus, ar K. Budrys gali t\u0119sti darbus, ar ne. Socialdemokratai, kaip did\u017eiausias partneris, priims sprendim\u0105, koks jiems yra geriausias. (&#8230;) Jeigu gali t\u0119sti, tai t\u0119s, jeigu negali, tai turb\u016bt priims tok\u012f sprendim\u0105&#8221;, &#8211; Eltai teig\u0117 R. Puchovi\u010dius.<\/p>\n<p style=\"text-align: left;\">\u201e\u0160ioje vietoje nenorime ki\u0161tis ir nurodin\u0117ti, kas k\u0105 turi atleisti, ar kas k\u0105 turi priimti&#8221;, &#8211; prid\u016br\u0117 jis.<\/p>\n<p style=\"text-align: left;\">Parlamentaras taip pat pabr\u0117\u017e\u0117, kad n\u0117ra gerai, kai asmenys ateina \u012f politinio pasitik\u0117jimo postus ir nevykdo programos.<\/p>\n<p style=\"text-align: left;\">\u201eTas yra blogiausia, kai ateina \u017emon\u0117s dirbti \u012f Seim\u0105 arba \u012f Vyriausyb\u0119 ir galvoja, kad jie at\u0117jo \u012f U\u017edar\u0105j\u0105 akcin\u0119 bendrov\u0119 (UAB) ir yra UAB vadovai&#8221;, &#8211; kalb\u0117jo R. Puchovi\u010dius.<\/p>\n<p style=\"text-align: left;\">\u201eYra Vyriausyb\u0117s programa ir reikia jos laikytis. Jeigu ka\u017ekas kei\u010diasi, turi derinti su premjere. O jeigu premjer\u0117 negali duoti tikslaus atsakymo, tada yra derinama koalicijoje arba partijos organuose. Bet kokiu atveju yra blogai, kai ministrai mato savo matym\u0105 ir nesiderina su pagrindiniais (asmenimis &#8211; ELTA), kurie delegavo b\u016btent t\u0105 \u017emog\u0173&#8221;, &#8211; akcentavo \u201eau\u0161rietis&#8221;.<\/p>\n<p style=\"text-align: left;\">Jis taip pat pa\u017eym\u0117jo, jog \u201eNemuno au\u0161ra&#8221; skepti\u0161kai vertina K. Budrio darb\u0105.<\/p>\n<p style=\"text-align: left;\">\u201eJeigu imti vertinti jo darb\u0105, tai tikrai mes daug priekai\u0161t\u0173 turime. B\u016bna kartais, kad jis kalba visos koalicijos vardu, nors koalicijoje tas dalykas n\u0117ra suderintas. \u010cia yra blogai. Santykiai su Rusija yra blogi ir j\u0173 negali b\u016bti, bet koalicijos vardu g\u0105sdinti Rusij\u0105 ir dar eskaluoti didesn\u012f&#8230; kad karas gal\u0117t\u0173 prasid\u0117ti artimiausiu metu, tikrai yra blogai. Tokius visus pasisakymus reik\u0117t\u0173 derinti su premjere&#8221;, &#8211; apibendrino R. Puchovi\u010dius.<\/p>\n<p style=\"text-align: left;\">Remdamasis \u0161altiniais naujien\u0173 portalas lrt.lt tre\u010diadien\u012f skelb\u0117, kad \u0161e\u0161tadien\u012f pos\u0117d\u017eiausianti Lietuvos socialdemokrat\u0173 partijos (LSDP) taryba gali priimti sprendim\u0105 keisti u\u017esienio reikal\u0173 ministr\u0105 K. Budr\u012f.<\/p>\n<p style=\"text-align: left;\">Portalo \u0161altini\u0173 duomenimis, bent penki socialdemokratai nevie\u0161ai teig\u0117, kad ministro laikysena u\u017esienio politikoje ne visai atitinka partijos, Vyriausyb\u0117s apsibr\u0117\u017etas politikos gaires.<\/p>\n<p style=\"text-align: left;\">Visgi Seimo pirmininkas Juozas Olekas sako, kad K. Budrys dirba gana profesionaliai ir geba atstovauti Lietuvos interesams tarptautiniuose formatuose.<\/p>\n<p style=\"text-align: left;\">ELTA primena, kad jau kur\u012f laik\u0105 vie\u0161oje erdv\u0117je diskutuojama d\u0117l kai kuriais klausimais i\u0161siskirian\u010di\u0173 premjer\u0117s Ingos Ruginien\u0117s ir K. Budrio pozicij\u0173. Diskusijos kilo po to, kai \u0161i\u0173 met\u0173 prad\u017eioje premjer\u0117 \u0117m\u0117si iniciatyvos pati komentuoti tam tikrus u\u017esienio politikos klausimus.<\/p>\n<p style=\"text-align: left;\">Pati I. Ruginien\u0117 anks\u010diau tikino, kad pastebimas aktyvesnis jos ir LSDP pirmininko, Jonavos rajono mero Mindaugo Sinkevi\u010diaus \u012fsitraukimas \u012f u\u017esienio politikos reikalus n\u0117ra susij\u0119s su tariamu nepasitik\u0117jimu Lietuvos diplomatijos vadovu. Vyriausyb\u0117s vadov\u0117 teig\u0117 pasitikinti u\u017esienio reikal\u0173 ministru.<\/p>\n<p style=\"text-align: left;\">Savo ruo\u017etu pats K. Budrys kovo viduryje sak\u0117 nejau\u010diantis konkurencijos su Vyriausyb\u0117s vadove. Tarp j\u0173 es\u0105 n\u0117ra i\u0161siskirian\u010di\u0173 pozicij\u0173 u\u017esienio politikos klausimais.<\/p>\n<p style=\"text-align: left;\">Tuo metu prezidentas Gitanas Naus\u0117da sak\u0117 teigiamai vertinantis Lietuvos diplomatijos vadovo darb\u0105. Pasak jo, ministras laikosi principingos pozicijos \u0161aliai svarbiais klausimais, vykdo Vyriausyb\u0117s program\u0105 ir prezidento jam nustatytas gaires.<\/p>\n","protected":false},"excerpt":{"rendered":"\u00a0 \u00a0 Bent penki socialdemokratai nevie\u0161ai teig\u0117, kad K. Budrio laikysena u\u017esienio politikoje ne visai atitinka partijos, Vyriausyb\u0117s&hellip;\n","protected":false},"author":2,"featured_media":194454,"comment_status":"","ping_status":"","sticky":false,"template":"","format":"standard","meta":{"footnotes":"","_share_on_mastodon":"0"},"categories":[13],"tags":[25,30,31,1501,34,35,24,32,33,37,39,36,38,4281,40,2051,23,22,28,29,1869,26,27,1502],"class_list":["post-194453","post","type-post","status-publish","format-standard","has-post-thumbnail","category-lietuva","tag-antrastes","tag-breaking-news","tag-breakingnews","tag-budrys","tag-featured-news","tag-featurednews","tag-headlines","tag-latest-news","tag-latestnews","tag-lietuva","tag-lietuviu","tag-lithuania","tag-lithuanian","tag-lsdp","tag-lt","tag-ministras","tag-naujienos","tag-news","tag-populiariausios-naujienos","tag-populiariausiosnaujienos","tag-taryba","tag-top-stories","tag-topstories","tag-urm"],"share_on_mastodon":{"url":"https:\/\/pubeurope.com\/@lt\/116687823333746627","error":""},"_links":{"self":[{"href":"https:\/\/www.europesays.com\/lt\/wp-json\/wp\/v2\/posts\/194453","targetHints":{"allow":["GET"]}}],"collection":[{"href":"https:\/\/www.europesays.com\/lt\/wp-json\/wp\/v2\/posts"}],"about":[{"href":"https:\/\/www.europesays.com\/lt\/wp-json\/wp\/v2\/types\/post"}],"author":[{"embeddable":true,"href":"https:\/\/www.europesays.com\/lt\/wp-json\/wp\/v2\/users\/2"}],"replies":[{"embeddable":true,"href":"https:\/\/www.europesays.com\/lt\/wp-json\/wp\/v2\/comments?post=194453"}],"version-history":[{"count":0,"href":"https:\/\/www.europesays.com\/lt\/wp-json\/wp\/v2\/posts\/194453\/revisions"}],"wp:featuredmedia":[{"embeddable":true,"href":"https:\/\/www.europesays.com\/lt\/wp-json\/wp\/v2\/media\/194454"}],"wp:attachment":[{"href":"https:\/\/www.europesays.com\/lt\/wp-json\/wp\/v2\/media?parent=194453"}],"wp:term":[{"taxonomy":"category","embeddable":true,"href":"https:\/\/www.europesays.com\/lt\/wp-json\/wp\/v2\/categories?post=194453"},{"taxonomy":"post_tag","embeddable":true,"href":"https:\/\/www.europesays.com\/lt\/wp-json\/wp\/v2\/tags?post=194453"}],"curies":[{"name":"wp","href":"https:\/\/api.w.org\/{rel}","templated":true}]}}