{"id":194505,"date":"2026-06-03T20:57:32","date_gmt":"2026-06-03T20:57:32","guid":{"rendered":"https:\/\/www.europesays.com\/lt\/194505\/"},"modified":"2026-06-03T20:57:32","modified_gmt":"2026-06-03T20:57:32","slug":"vitalija-nesusitaike-su-sumazinta-parama-saules-elektrinei-siuncia-zinia-ir-kitiems-delfi","status":"publish","type":"post","link":"https:\/\/www.europesays.com\/lt\/194505\/","title":{"rendered":"Vitalija nesusitaik\u0117 su suma\u017einta parama saul\u0117s elektrinei \u2013 siun\u010dia \u017eini\u0105 ir kitiems &#8211; Delfi"},"content":{"rendered":"<ol>\n<li><a href=\"https:\/\/news.google.com\/rss\/articles\/CBMizgFBVV95cUxPUUQyMGVUbk1KVzlqSU0wekZZalBLakswMFJvNzBrME94QW81VkwzT2FCNnQwOGpVNTNRbXNmbHZwLTEzN3o3dzBnZ2tMRkNDRHVqRndya09hSENwdkdLOUV1S01kdnVBdTZfZFViX3VMam1xd1FLNG1TQmxtUi1leDdncGlBamdLNDRZSFVTS3pmeC1FZDhGTW1mc3hKNV9SVXNsSkNtb3FkQ0duaXNGVE1jY0YzenNFV19lX0YzMm9ZVVM5c0RUZTNCVU1Jdw?oc=5\" target=\"_blank\" rel=\"nofollow noopener\">Vitalija nesusitaik\u0117 su suma\u017einta parama saul\u0117s elektrinei \u2013 siun\u010dia \u017eini\u0105 ir kitiems<\/a>&nbsp;&nbsp;Delfi<\/li>\n<li><a href=\"https:\/\/news.google.com\/rss\/articles\/CBMitAFBVV95cUxQZ2dYZ1d6Q0JmZkRyUnhwcTBEU0dEUUlBdGk4WFlkWF8yck55Vk5BdDBLbFFyYlVjd21lOVd0YXJ4Q3I5SndpYVQyVnRxb3ZxYjlkWG4yeHNVWlpMcWxCdVdMbWJHWDVJUFNOYUNmODNybHdZcGdqRWtRUzU3aDl4eXgxTkJpN05aZThJajFwQWVxcW1nRzBkWFhFcFgzNlQwbWVwZC1FSk5hYWpiUEJac0tLYWg?oc=5\" target=\"_blank\" rel=\"nofollow noopener\">Bir\u017eelio 9-\u0105j\u0105 \u2013 dar 13 mln. eur\u0173 paramos gyventoj\u0173 saul\u0117s elektrin\u0117ms<\/a>&nbsp;&nbsp;LRT<\/li>\n<li><a href=\"https:\/\/news.google.com\/rss\/articles\/CBMiiAFBVV95cUxON1FsNlhJc1Y4X3BkMkJRNm1xZXJmb0lTaC1zSkFBajRSWEVLeHZTSEtEZ1JOWkUzSktYWGhwRGp5b1JURjJKazh6VWNjV1V3TmIzYnFEZWY4dFk5LXJsckt6Q19wdjlkOV85dGVLazhNb0V3Z2NBajdFOWUzd2x6Um1tQUJaaWxv?oc=5\" target=\"_blank\" rel=\"nofollow noopener\">Parama \u012fsirengusiems saul\u0117s elektrines \u2013 jau bir\u017eelio 9-\u0105j\u0105<\/a>&nbsp;&nbsp;Anyksta.lt<\/li>\n<li><a href=\"https:\/\/news.google.com\/rss\/articles\/CBMilAFBVV95cUxNOERHd3o4UXhIeXdUdW9kQW9DekNDMnFlLVdReGdkRzU0M0ZuOW5KT094ZjJwWHJOQXlLd1FiVUlFaWlyZVZXeURRc2JpUjJHeTFsOUtZa1p1Qjd4YTRvamZYQWNGT2ZFbm4ydHJGMm52SFNvZ1lpMEFsY1VPUklnd3U2dVZOR0x2UWZTaWp5VGtfV0Fo?oc=5\" target=\"_blank\" rel=\"nofollow noopener\">Kompensacija gyvenantiems netoli v\u0117jo ir saul\u0117s elektrini\u0173<\/a>&nbsp;&nbsp;Alytaus naujienos<\/li>\n<li><a href=\"https:\/\/news.google.com\/rss\/articles\/CBMizgFBVV95cUxNWmpyTXpJRFRzZlFsdVZlaV9yWnJJNTI3UG5MRDJPNWtPTlNFX1BiNGIwYmZfZkR4UTN2T29lMC1DQThVcDZmTmM4VHE4WDVCX3kwRXVmZV9ITzg0QlBiS3BJMmExVUtBZVBzZ0EzN0tpZHpkR2ZJeDQtZ1pGQ21YR09uak93WmJlS2JkUlV2VmhIdW1pR2JTZ21raHhvcC1uNWhpY0wybWJJY3dZdnhWZUR0TnY2dlk2aUFZbFZxUV9KZ3dOM0tBOVJkOE5udw?oc=5\" target=\"_blank\" rel=\"nofollow noopener\">\u017daliosios energetikos kaimynams \u2013 1,2 mln. eur\u0173: kas gali gauti i\u0161mok\u0105 ir kaip j\u0105 atsiimti?<\/a>&nbsp;&nbsp;Statybunaujienos.lt<\/li>\n<\/ol>\n","protected":false},"excerpt":{"rendered":"Vitalija nesusitaik\u0117 su suma\u017einta parama saul\u0117s elektrinei \u2013 siun\u010dia \u017eini\u0105 ir kitiems&nbsp;&nbsp;Delfi Bir\u017eelio 9-\u0105j\u0105 \u2013 dar 13 mln.&hellip;\n","protected":false},"author":2,"featured_media":194506,"comment_status":"","ping_status":"","sticky":false,"template":"","format":"standard","meta":{"footnotes":"","_share_on_mastodon":"0"},"categories":[13],"tags":[25,9969,30,31,455,34,35,24,32,33,37,39,36,38,40,23,22,4351,18377,28,29,26,27],"class_list":["post-194505","post","type-post","status-publish","format-standard","has-post-thumbnail","category-lietuva","tag-antrastes","tag-apva","tag-breaking-news","tag-breakingnews","tag-energetikos-ministerija","tag-featured-news","tag-featurednews","tag-headlines","tag-latest-news","tag-latestnews","tag-lietuva","tag-lietuviu","tag-lithuania","tag-lithuanian","tag-lt","tag-naujienos","tag-news","tag-parama","tag-parama-saules-elektrinems","tag-populiariausios-naujienos","tag-populiariausiosnaujienos","tag-top-stories","tag-topstories"],"share_on_mastodon":{"url":"https:\/\/pubeurope.com\/@lt\/116688181084993430","error":""},"_links":{"self":[{"href":"https:\/\/www.europesays.com\/lt\/wp-json\/wp\/v2\/posts\/194505","targetHints":{"allow":["GET"]}}],"collection":[{"href":"https:\/\/www.europesays.com\/lt\/wp-json\/wp\/v2\/posts"}],"about":[{"href":"https:\/\/www.europesays.com\/lt\/wp-json\/wp\/v2\/types\/post"}],"author":[{"embeddable":true,"href":"https:\/\/www.europesays.com\/lt\/wp-json\/wp\/v2\/users\/2"}],"replies":[{"embeddable":true,"href":"https:\/\/www.europesays.com\/lt\/wp-json\/wp\/v2\/comments?post=194505"}],"version-history":[{"count":0,"href":"https:\/\/www.europesays.com\/lt\/wp-json\/wp\/v2\/posts\/194505\/revisions"}],"wp:featuredmedia":[{"embeddable":true,"href":"https:\/\/www.europesays.com\/lt\/wp-json\/wp\/v2\/media\/194506"}],"wp:attachment":[{"href":"https:\/\/www.europesays.com\/lt\/wp-json\/wp\/v2\/media?parent=194505"}],"wp:term":[{"taxonomy":"category","embeddable":true,"href":"https:\/\/www.europesays.com\/lt\/wp-json\/wp\/v2\/categories?post=194505"},{"taxonomy":"post_tag","embeddable":true,"href":"https:\/\/www.europesays.com\/lt\/wp-json\/wp\/v2\/tags?post=194505"}],"curies":[{"name":"wp","href":"https:\/\/api.w.org\/{rel}","templated":true}]}}