{"id":194751,"date":"2026-06-04T05:46:57","date_gmt":"2026-06-04T05:46:57","guid":{"rendered":"https:\/\/www.europesays.com\/lt\/194751\/"},"modified":"2026-06-04T05:46:57","modified_gmt":"2026-06-04T05:46:57","slug":"negaliu-kvepuoti-kilo-riauses-del-policijos-antrankiais-surakinto-mirstancio-studento-respublika-lt","status":"publish","type":"post","link":"https:\/\/www.europesays.com\/lt\/194751\/","title":{"rendered":"\u201eNegaliu kv\u0117puoti\u201c: kilo riau\u0161\u0117s d\u0117l policijos antrankiais surakinto mir\u0161tan\u010dio studento &#8211; Respublika.lt"},"content":{"rendered":"<p style=\"text-align: justify;\" class=\"desktop_banner\">\u00a0<\/p>\n<p style=\"text-align: left;\">\u00a0<\/p>\n<p style=\"text-align: left;\">Policijos pareig\u016bn\u0173 ant k\u016bno segim\u0173 kamer\u0173 filmuotuose vaizduose matyti po gruod\u012f vykusio futbolo komandos vakar\u0117lio mirtinai su\u017eeistas ir ant \u017eem\u0117s gulintis a\u0161tuoniolikmetis Henris Nowakas, kuris pareig\u016bnams kartojo: \u201eNegaliu kv\u0117puoti\u201c.<\/p>\n<p style=\"text-align: left;\">\u0160ia byla pasinaudojo kra\u0161tutin\u0117s de\u0161in\u0117s veik\u0117jai, tarp j\u0173 \u2013 ar\u0161usis Tommy\u2018is Robinsonas, kuris pietiniame Sautamptono mieste, kur \u012fvyko \u017emog\u017eudyst\u0117, vykusiame mitinge parei\u0161k\u0117, kad policija baltaod\u017eius britus traktuoja kaip \u201eantrar\u016b\u0161ius pilie\u010dius\u201c.<\/p>\n<p style=\"text-align: left;\">Po to protestuotojai \u017eygiavo per miesto centr\u0105 link nusikaltimo vietos, kur policija u\u017eblokavo jiems keli\u0105. Kaip pasteb\u0117jo naujien\u0173 agent\u016bros AFP \u017eurnalistai, demonstrantai puol\u0117 pareig\u016bnus plytomis, buteliais ir \u0161iuk\u0161li\u0173 konteineriais.<\/p>\n<p style=\"text-align: left;\">Vidaus reikal\u0173 ministr\u0117 Shabana Mahmood pasmerk\u0117 \u201eg\u0117ding\u0105 smurt\u0105\u201c prie\u0161 policij\u0105 ir socialiniame tinkle \u201eX\u201c parei\u0161k\u0117, kad \u201eatsakingieji gali tik\u0117tis, jog jiems bus taikomos visos \u012fstatym\u0173 numatytos priemon\u0117s\u201c.<\/p>\n<p style=\"text-align: left;\">H. Nowak\u0105 apeiginiu peiliu su 21 centimetro gele\u017ete mirtinai subad\u017eiusiam 23-ej\u0173 Vickrumui Digwai teismas pirmadien\u012f skyr\u0117 ne ma\u017eiau nei 21 met\u0173 laisv\u0117s at\u0117mimo bausm\u0119.<\/p>\n<p style=\"text-align: left;\">Kai policija atvyko \u012f \u012fvykio viet\u0105, V. Digwa pareig\u016bnams pamelavo, sakydamas, kad H. Nowakas j\u012f \u012f\u017eeid\u0117 ras\u0117s pagrindu ir kad tai jis yra auka.<\/p>\n<p style=\"text-align: left;\">Vaizdo \u012fra\u0161e, kuris buvo parodytas per V. Digwos teismo proces\u0105, matyti, kad policija patik\u0117jo u\u017epuoliko \u017eod\u017eiais ir, u\u017euot pad\u0117jusi H. Nowakui, i\u0161 prad\u017ei\u0173 u\u017ed\u0117jo jam antrankius, nepaisydama jo maldavim\u0173, kad j\u012f perd\u016br\u0117 ir jis negali kv\u0117puoti.<\/p>\n<p style=\"text-align: left;\">\u201eKur tau d\u016br\u0117?\u201c, \u2013 vaizdo \u012fra\u0161e H. Nowako paklaus\u0117 vienas pareig\u016bnas. \u201eNemanau, kad tau kas nors d\u016br\u0117, draugu\u017ei\u201c, \u2013 tuojau pat prid\u016br\u0117 jis.<\/p>\n<p style=\"text-align: left;\">Netrukus po to studentas susmuko ir prarado s\u0105mon\u0119.<\/p>\n<p style=\"text-align: left;\">Slog\u016bs pareig\u016bn\u0173 u\u017efiksuoti vaizdai<\/p>\n<p style=\"text-align: left;\">Sautamptono karali\u0161kajam teismui paskelbus nuosprend\u012f V. Digwai, H. Nowako t\u0117vas Markas policijos elges\u012f su jo s\u016bnumi pavadino \u201e\u0161okiruojan\u010diu\u201c, \u201ene\u017emoni\u0161ku\u201c ir \u201e\u017eeminan\u010diu\u201c.<\/p>\n<p style=\"text-align: left;\">\u201eTa\u010diau su jo \u017eudiku buvo elgiamasi pagarbiai. Juo patik\u0117jo\u201c, \u2013 sak\u0117 jis.<\/p>\n<p style=\"text-align: left;\">\u0160eima dav\u0117 sutikim\u0105 policijai pavie\u0161inti pareig\u016bn\u0173 filmuot\u0105 vaizdo \u012fra\u0161\u0105. Pati policija kreip\u0117si \u012f prie\u017ei\u016bros institucij\u0105 \u2013 Nepriklausom\u0105 policijos elgesio prie\u017ei\u016bros tarnyb\u0105 (IOPC).<\/p>\n<p style=\"text-align: left;\">Ministras pirmininkas Keiras Starmeris teig\u0117, kad pareig\u016bn\u0173 ant k\u016bno segimomis kameromis u\u017efiksuoti vaizdai yra \u201eslegiantys\u201c, o IOPC atliekam\u0105 tyrim\u0105 pavadino \u201evisi\u0161kai teisingu\u201c, pripa\u017eindamas, kad \u201epolicijai tenka atsakyti \u012f rimtus klausimus\u201c.<\/p>\n<p style=\"text-align: left;\">Sh. Mahmood kalb\u0117dama parlamente paragino \u017emones neleisti, kad \u0161i \u017emog\u017eudyst\u0117 \u201esukelt\u0173 nesantaik\u0105 tarp bendruomeni\u0173\u201c.<\/p>\n<p style=\"text-align: left;\">Pagrindin\u0117s opozicin\u0117s Konservatori\u0173 partijos lyder\u0117 Kemi Badenoch ir kra\u0161tutin\u0117s de\u0161in\u0117s partijos \u201eReform UK\u201c lyderis Nigelis Farage\u2018as paragino keisti policijos politik\u0105 \u012fvairov\u0117s at\u017evilgiu.<\/p>\n<p style=\"text-align: left;\">\u201eMes gyvename dviej\u0173 pakop\u0173 kult\u016broje&#8230; kurioje balt\u0173j\u0173 \u017emoni\u0173 teis\u0117s ir privilegijos yra ma\u017eiau svarbios nei etnini\u0173 ma\u017eum\u0173\u201c, \u2013 sak\u0117 N. Farage&#8217;as.<\/p>\n<p style=\"text-align: left;\">K. Badenoch apkaltino Farage&#8217;\u0105 \u201egilinant susiskaldym\u0105\u201c, ta\u010diau taip pat sukritikavo vadinam\u0105j\u0105 \u201edviej\u0173 pakop\u0173 policij\u0105\u201c, kurios pareig\u016bnai su etnin\u0117mis ma\u017eumomis rodosi elgiasi \u0161velniau.<\/p>\n<p style=\"text-align: left;\">Niek\u0161ai<\/p>\n<p style=\"text-align: left;\">Naujien\u0173 agent\u016bros AFP korespondentai mat\u0117, kaip antradien\u012f vakare prie pagrindin\u0117s Sautamptono policijos nuovados susirinko daugiau nei t\u016bkstantis protestuotoj\u0173, skandavusi\u0173 \u201eDviej\u0173 pakop\u0173 niek\u0161ai\u201c ir \u201eG\u0117da!\u201c, bei mojavusi\u0173 Did\u017eiosios Britanijos ir Anglijos v\u0117liavomis.<\/p>\n<p style=\"text-align: left;\">Kra\u0161tutin\u0117s de\u0161in\u0117s veik\u0117jas T. Robinsonas miniai sak\u0117, kad \u201ejei Henris (Nowakas) neb\u016bt\u0173 baltasis, jam neb\u016bt\u0173 buv\u0119 u\u017ed\u0117ti antrankiai\u201c ir kad \u201esu mumis, baltaod\u017eiais, m\u016bs\u0173 pa\u010di\u0173 policija elgiasi kaip su antrar\u016b\u0161iais pilie\u010diais\u201c.<\/p>\n<p style=\"text-align: left;\">Protestuotojai, i\u0161 kuri\u0173 kai kurie buvo u\u017esid\u0117j\u0119 kaukes, po to nu\u017eygiavo \u012f netoli nusikaltimo vietos esant\u012f gyvenam\u0105j\u012f rajon\u0105 ir, skanduodami \u201eniek\u0161ai\u201c, puol\u0117 ten i\u0161sirikiavusius riau\u0161i\u0173 policijos pareig\u016bnus.<\/p>\n<p style=\"text-align: left;\">Apie \u0161imto protestuotoj\u0173 grup\u0117 ard\u0117 tvoras, m\u0117t\u0117 plyt\u0173 gabalus, signalines raketas ir k\u0117des, taip pat \u012f policijos pus\u0119 past\u016bm\u0117 degant\u012f \u0161iuk\u0161li\u0173 konteiner\u012f, o policija prie\u0161 demonstrantus panaudojo a\u0161arines dujas ir dau\u017e\u0117 juos riau\u0161i\u0173 skydais.<\/p>\n<p style=\"text-align: left;\">Amerikos technologij\u0173 magnatas Elonas Muskas socialiniame tinkle \u201eX\u201c paskelb\u0117 pasi\u016blym\u0105 finansuoti privat\u0173 proces\u0105, kuris b\u016bt\u0173 prad\u0117tas prie\u0161 policij\u0105 d\u0117l to, kaip ji tvark\u0117si su \u0161ia \u017emog\u017eudyst\u0117s byla.<\/p>\n<p style=\"text-align: left;\">Antradien\u012f V. Digwa kartu su savo broliu 27-eri\u0173 Gurpreetu Digwa ir 52-ej\u0173 t\u0117vu Moga Singhu v\u0117l pasirod\u0117 teisme d\u0117l su ginklais susijusi\u0173 nusikaltim\u0173.<\/p>\n<p style=\"text-align: left;\">V. Digwos \u0161eima atsipra\u0161\u0117 H. Nowako \u0161eimos u\u017e j\u0173 s\u016bnaus nu\u017eudym\u0105 ir u\u017e tai, kad pakenk\u0117 sikh\u0173 bendruomen\u0117s reputacijai.<\/p>\n","protected":false},"excerpt":{"rendered":"\u00a0 \u00a0 Policijos pareig\u016bn\u0173 ant k\u016bno segim\u0173 kamer\u0173 filmuotuose vaizduose matyti po gruod\u012f vykusio futbolo komandos vakar\u0117lio mirtinai&hellip;\n","protected":false},"author":2,"featured_media":194752,"comment_status":"","ping_status":"","sticky":false,"template":"","format":"standard","meta":{"footnotes":"","_share_on_mastodon":"0"},"categories":[15],"tags":[25,30,31,592,34,35,24,3746,846,32,33,37,39,36,38,40,23,22,30290,2716,44,1269,28,29,894,26,27,74,75,76],"class_list":["post-194751","post","type-post","status-publish","format-standard","has-post-thumbnail","category-pasaulis","tag-antrastes","tag-breaking-news","tag-breakingnews","tag-britanija","tag-featured-news","tag-featurednews","tag-headlines","tag-imigrantai","tag-jk","tag-latest-news","tag-latestnews","tag-lietuva","tag-lietuviu","tag-lithuania","tag-lithuanian","tag-lt","tag-naujienos","tag-news","tag-nowak","tag-nusikaltimai","tag-pasaulis","tag-politika","tag-populiariausios-naujienos","tag-populiariausiosnaujienos","tag-riauses","tag-top-stories","tag-topstories","tag-world","tag-world-news","tag-worldnews"],"share_on_mastodon":{"url":"https:\/\/pubeurope.com\/@lt\/116690265238218907","error":""},"_links":{"self":[{"href":"https:\/\/www.europesays.com\/lt\/wp-json\/wp\/v2\/posts\/194751","targetHints":{"allow":["GET"]}}],"collection":[{"href":"https:\/\/www.europesays.com\/lt\/wp-json\/wp\/v2\/posts"}],"about":[{"href":"https:\/\/www.europesays.com\/lt\/wp-json\/wp\/v2\/types\/post"}],"author":[{"embeddable":true,"href":"https:\/\/www.europesays.com\/lt\/wp-json\/wp\/v2\/users\/2"}],"replies":[{"embeddable":true,"href":"https:\/\/www.europesays.com\/lt\/wp-json\/wp\/v2\/comments?post=194751"}],"version-history":[{"count":0,"href":"https:\/\/www.europesays.com\/lt\/wp-json\/wp\/v2\/posts\/194751\/revisions"}],"wp:featuredmedia":[{"embeddable":true,"href":"https:\/\/www.europesays.com\/lt\/wp-json\/wp\/v2\/media\/194752"}],"wp:attachment":[{"href":"https:\/\/www.europesays.com\/lt\/wp-json\/wp\/v2\/media?parent=194751"}],"wp:term":[{"taxonomy":"category","embeddable":true,"href":"https:\/\/www.europesays.com\/lt\/wp-json\/wp\/v2\/categories?post=194751"},{"taxonomy":"post_tag","embeddable":true,"href":"https:\/\/www.europesays.com\/lt\/wp-json\/wp\/v2\/tags?post=194751"}],"curies":[{"name":"wp","href":"https:\/\/api.w.org\/{rel}","templated":true}]}}