{"id":194926,"date":"2026-06-04T08:54:09","date_gmt":"2026-06-04T08:54:09","guid":{"rendered":"https:\/\/www.europesays.com\/lt\/194926\/"},"modified":"2026-06-04T08:54:09","modified_gmt":"2026-06-04T08:54:09","slug":"is-lrt-istatymo-gavosi-snipstas-neitiko-nei-vieniems-nei-kitiems-respublika-lt","status":"publish","type":"post","link":"https:\/\/www.europesays.com\/lt\/194926\/","title":{"rendered":"I\u0161 LRT \u012fstatymo gavosi \u0161nip\u0161tas &#8211; ne\u012ftiko nei vieniems, nei kitiems &#8211; Respublika.lt"},"content":{"rendered":"<p><img loading=\"lazy\" decoding=\"async\" src=\"https:\/\/www.respublika.lt\/lt\/naujienos\/lietuva\/kitos-lietuvos-zinios\/is-lrt-istatymo-gavosi-snipstas---neitiko-nei-vieniems-nei-kitiems\/images\/ico_camera_white.gif\" class=\"camera\" width=\"22\" height=\"15\" alt=\"nuotr.\" style=\"position:relative; top:-2px; right:2px;\"\/> 1 nuotr.<\/p>\n<p>\u201eNepaisant to, kad i\u0161 jo buvo pa\u0161alinta gr\u0117sm\u0119 kelian\u010di\u0173 dalyk\u0173, galiu dr\u0105siai teigti &#8211; naujasis LRT \u012fstatymas daug prastesnis u\u017e dabartin\u012f&#8221;, &#8211; feisbuke ra\u0161\u0117 Monika Garba\u010diauskait\u0117-Budrien\u0117. Eltos nuotr.<\/p>\n<p style=\"text-align: justify;\" class=\"desktop_banner\">\u00a0<\/p>\n<p>Nors jose nebeliko daugumos nuostat\u0173, tur\u0117jusi\u0173 u\u017ed\u0117ti apynasr\u012f LRT savivalei, opozicija \u017eada kreiptis \u012f Konstitucin\u012f Teism\u0105, o pati nacionalinio transliuotojo vadov\u0117 Monika Garba\u010diauskait\u0117-Budrien\u0117 teigia, kad \u012fstatymas yra daug blogesnis u\u017e galiojant\u012f \u0161iuo metu.<\/p>\n<p>Parlamentas valdan\u010di\u0173j\u0173 ir Mi\u0161rios Seimo nari\u0173 grup\u0117s politik\u0173 balsais pri\u0117m\u0117 LRT \u012fstatymo pataisas. Opozicija \u201ebalsavo kojomis&#8221; &#8211; balsavime nedalyvavo.<\/p>\n<p>\u201eVakaro \u017einios&#8221; pristato svarbiausius laukian\u010dius poky\u010dius.<\/p>\n<p>\u012e \u012fstatym\u0105 nutarta \u012fra\u0161yti nacionalinio transliuotojo misij\u0105 (dabar jame nustatyti tik LRT veiklos principai). Pagal priimt\u0105 si\u016blym\u0105, LRT misija yra u\u017etikrinti vie\u0161\u0105j\u012f interes\u0105 &#8211; Konstitucijoje \u012ftvirtint\u0105 ir jos saugom\u0105 visuomen\u0117s teis\u0119 b\u016bti informuotai, nacionaliniu lygmeniu skleisti visuomenei informacij\u0105 puosel\u0117jant konstitucines ir bendra\u017emogi\u0161kas vertybes, ginant nacionalinius interesus, stiprinant demokratij\u0105, ugdant pilieti\u0161kum\u0105, patriotizm\u0105 ir t.t.<\/p>\n<p>LRT nelaimei, jos misija bus grind\u017eiama pliuralistin\u0117s demokratijos, objektyvumo, ne\u0161ali\u0161kumo, pagarbos \u017emogaus orumui ir jo teis\u0117ms, \u012fsitikinim\u0173 ir j\u0173 rai\u0161kos laisv\u0117s, moral\u0117s ir etikos principais.<\/p>\n<p>Nebeliko si\u016blymo apriboti kit\u0173 \u017einiasklaidos priemoni\u0173 atstov\u0173 dalyvavim\u0105 kuriant LRT turin\u012f. Generalinis direktorius i\u0161 pareig\u0173 nepasibaigus jo \u012fgaliojim\u0173 laikui gal\u0117s b\u016bti atleistas ne ma\u017eiau kaip dviej\u0173 tre\u010ddali\u0173 vis\u0173 LRT tarybos nari\u0173 dauguma, jeigu jis nebeatitiks nepriekai\u0161tingos reputacijos ir kit\u0173 \u012fstatyme keliam\u0173 reikalavim\u0173.<\/p>\n<p>Parlamentarai apribojo LRT direktoriaus kadencijas, tas pats asmuo \u0161ias pareigas negal\u0117s eiti daugiau kaip dvi kadencijas i\u0161 eil\u0117s. Dabartin\u0117 vadov\u0117 gal\u0117t\u0173 b\u016bti atleista pagal nauj\u0105 tvark\u0105.<\/p>\n<p>Seimas nusprend\u0117 \u012fsteigti penki\u0173 nari\u0173 LRT valdyb\u0105, o LRT tarybos nari\u0173 skai\u010dius padidintas nuo 12 iki 15. J\u0105 sudarys 4 Respublikos prezidento, 4 Seimo skiriami asmenys, 7 narius atrinks visuomenin\u0117s organizacijos.<\/p>\n<p>D\u0117l to, kad pagal nauj\u0105 \u012fstatym\u0105 bus galima atleisti ir dabartin\u0119 direktor\u0119, o ne tik b\u016bsimus vadovus, dalis opozicijos nari\u0173 neatmeta galimyb\u0117s kreiptis \u012f Konstitucin\u012f Teism\u0105.<\/p>\n<p>LRT vad\u0117 M.Garba\u010diauskait\u0117-Budrien\u0117 kritikavo net visi\u0161kai su\u0161velnint\u0105 \u012fstatymo variant\u0105.<\/p>\n<p>\u201eNepaisant to, kad i\u0161 jo buvo pa\u0161alinta gr\u0117sm\u0119 kelian\u010di\u0173 dalyk\u0173, galiu dr\u0105siai teigti &#8211; naujasis LRT \u012fstatymas daug prastesnis u\u017e dabartin\u012f&#8221;, &#8211; feisbuke ra\u0161\u0117 LRT generalin\u0117 direktor\u0117, anot kurios, jis susilpnins visuomeninio transliuotojo, apsunkins sprendim\u0173 pri\u0117mim\u0105 bei biurokratizuos valdym\u0105.<\/p>\n<p>Visi\u0161kai kitokios nuomon\u0117s laikosi kai kurie parlamentarai. \u201eAu\u0161rie\u010di\u0173&#8221; atstovas Seime Art\u016bras Skard\u017eius primin\u0117, kad jo vadovaujamas Seimo Audito komitetas buvo teik\u0119s LRT \u012fstatymo pataisas rengusiai darbo grupei si\u016blym\u0173 po valstybinio audito, ta\u010diau \u0161ie liko para\u0161t\u0117se<\/p>\n<p>\u201eValstyb\u0117s kontrol\u0117 konstatavo, kad netinkamai veikianti LRT vidaus kontrol\u0117s sistema neu\u017etikrino efektyvios pirkim\u0173 valdysenos bei vidaus kontrol\u0117s keliam\u0173 tiksl\u0173 pirkim\u0173 srityje, tarp j\u0173 ir patikimo finans\u0173 valdymo principo.<\/p>\n<p>Ta\u010diau \u012f tai, deja, nebuvo atsi\u017evelgta, kaip nebuvo atsi\u017evelgta \u012f kitus dalykus. Liko komercin\u0117 veikla, u\u017e kuri\u0105 papildomai imami pinigai, nors tas eteris jau yra mokes\u010di\u0173 mok\u0117tojui vien\u0105 kart\u0105 apmokestintas&#8221;, &#8211; apgailestavo A.Skard\u017eius.<\/p>\n<p>Dar grie\u017e\u010diau priimin\u0117jant pataisas pasisak\u0117 \u201eau\u0161rie\u010di\u0173&#8221; lyderis Remigijus \u017demaitaitis.<\/p>\n<p>\u201eKoks ry\u0161ys tarp kult\u016bros bendruomen\u0117s, laisvo \u017eod\u017eio ir svarstomo svarstomo LRT \u012fstatymo?<\/p>\n<p>\u0160itas \u012fstatymas visi\u0161kai nekalba apie \u017eod\u017eio laisv\u0119, jis nekalba apie jokius apribojimus, jis kalba apie paprastus techninius dalykus. Negana to, vykstant \u0161itam svarstymo \u012fstatymo projektui, LRT vadovyb\u0117 priima sprendim\u0105, sako, mes nekviesime R.\u017demaitai\u010dio \u012f laidas.<\/p>\n<p>Palaukite, gerbiamieji, \u0161i\u010dia tai yra diktat\u016bra. Tikslas &#8211; ginti lov\u012f, o lov\u012f giname per visuomen\u0117s veik\u0117jus: imami politologai, ap\u017evalgininkai, kuriems mokami pinigai, ir nei\u0161vie\u0161inama, kaip tie pinigai yra naudojami&#8221;, &#8211; konstatavo R.\u017demaitaitis.<\/p>\n","protected":false},"excerpt":{"rendered":"1 nuotr. \u201eNepaisant to, kad i\u0161 jo buvo pa\u0161alinta gr\u0117sm\u0119 kelian\u010di\u0173 dalyk\u0173, galiu dr\u0105siai teigti &#8211; naujasis LRT&hellip;\n","protected":false},"author":2,"featured_media":194927,"comment_status":"","ping_status":"","sticky":false,"template":"","format":"standard","meta":{"footnotes":"","_share_on_mastodon":"0"},"categories":[6],"tags":[25,30,31,34,35,10229,24,133,30309,32,33,37,39,36,38,519,40,4276,23,22,30310,13925,28,29,5245,26,27,413],"class_list":["post-194926","post","type-post","status-publish","format-standard","has-post-thumbnail","category-antrastes","tag-antrastes","tag-breaking-news","tag-breakingnews","tag-featured-news","tag-featurednews","tag-garbaciauskaite-budriene","tag-headlines","tag-istatymas","tag-kadencijos","tag-latest-news","tag-latestnews","tag-lietuva","tag-lietuviu","tag-lithuania","tag-lithuanian","tag-lrt","tag-lt","tag-misija","tag-naujienos","tag-news","tag-opozija","tag-pataisos","tag-populiariausios-naujienos","tag-populiariausiosnaujienos","tag-skardzius","tag-top-stories","tag-topstories","tag-zemaitaitis"],"share_on_mastodon":{"url":"https:\/\/pubeurope.com\/@lt\/116691000729077929","error":""},"_links":{"self":[{"href":"https:\/\/www.europesays.com\/lt\/wp-json\/wp\/v2\/posts\/194926","targetHints":{"allow":["GET"]}}],"collection":[{"href":"https:\/\/www.europesays.com\/lt\/wp-json\/wp\/v2\/posts"}],"about":[{"href":"https:\/\/www.europesays.com\/lt\/wp-json\/wp\/v2\/types\/post"}],"author":[{"embeddable":true,"href":"https:\/\/www.europesays.com\/lt\/wp-json\/wp\/v2\/users\/2"}],"replies":[{"embeddable":true,"href":"https:\/\/www.europesays.com\/lt\/wp-json\/wp\/v2\/comments?post=194926"}],"version-history":[{"count":0,"href":"https:\/\/www.europesays.com\/lt\/wp-json\/wp\/v2\/posts\/194926\/revisions"}],"wp:featuredmedia":[{"embeddable":true,"href":"https:\/\/www.europesays.com\/lt\/wp-json\/wp\/v2\/media\/194927"}],"wp:attachment":[{"href":"https:\/\/www.europesays.com\/lt\/wp-json\/wp\/v2\/media?parent=194926"}],"wp:term":[{"taxonomy":"category","embeddable":true,"href":"https:\/\/www.europesays.com\/lt\/wp-json\/wp\/v2\/categories?post=194926"},{"taxonomy":"post_tag","embeddable":true,"href":"https:\/\/www.europesays.com\/lt\/wp-json\/wp\/v2\/tags?post=194926"}],"curies":[{"name":"wp","href":"https:\/\/api.w.org\/{rel}","templated":true}]}}