{"id":195139,"date":"2026-06-04T12:38:34","date_gmt":"2026-06-04T12:38:34","guid":{"rendered":"https:\/\/www.europesays.com\/lt\/195139\/"},"modified":"2026-06-04T12:38:34","modified_gmt":"2026-06-04T12:38:34","slug":"lietuviai-versis-i-hormuzo-sasiauri-respublika-lt","status":"publish","type":"post","link":"https:\/\/www.europesays.com\/lt\/195139\/","title":{"rendered":"Lietuviai ver\u0161is \u012f Horm\u016bzo s\u0105siaur\u012f &#8211; Respublika.lt"},"content":{"rendered":"<p><img loading=\"lazy\" decoding=\"async\" src=\"https:\/\/www.respublika.lt\/lt\/naujienos\/lietuva\/lietuvos_politika\/lietuviai-versis-i-hormuzo-sasiauri\/images\/ico_camera_white.gif\" class=\"camera\" width=\"22\" height=\"15\" alt=\"nuotr.\" style=\"position:relative; top:-2px; right:2px;\"\/> 1 nuotr.<\/p>\n<p>Profesional\u016bs Lietuvos kariai n\u0117ra savanoriai, tod\u0117l tur\u0117s vykti ten, kur juos pasi\u0173s politikai &#8211; kad ir \u012f Horm\u016bzo s\u0105siaur\u012f. LETA-Eltos nuotr.<\/p>\n<p style=\"text-align: justify;\" class=\"desktop_banner\">\u00a0<\/p>\n<p>Ta\u010diau vis tiek \u012f konflikt\u0105 velsim\u0117s &#8211; Kra\u0161to apsaugos ir U\u017esienio reikal\u0173 ministerijos Seimo pra\u0161o leisti iki 40 asmen\u0173 vykti \u012f Horm\u016bzo s\u0105siaur\u012f.<\/p>\n<p>Ministerijos Seimo pra\u0161o \u012ftvirtinti teisin\u012f pagrind\u0105 si\u0173sti \u012f tarptautines j\u016brinio saugumo ir laivybos laisv\u0117s u\u017etikrinimo operacijas Horm\u016bzo s\u0105siauryje iki 40 Lietuvos kariuomen\u0117s kari\u0173 ir civili\u0173 kra\u0161to apsaugos sistemos tarnautoj\u0173.<\/p>\n<p>\u201eIranui u\u017eminavus Horm\u016bzo s\u0105siaur\u012f ir prad\u0117jus puldin\u0117ti juo plaukian\u010dius komercinius laivus, buvo sutrikdyta tiek Jungtini\u0173 Taut\u0173 j\u016br\u0173 teis\u0117s konvencijoje, tiek tarptautin\u0117je paprotin\u0117je teis\u0117je \u012ftvirtinta laivybos laisv\u0117 s\u0105siauriais. Laivybos laisv\u0117s sutrikdymas l\u0117m\u0117 ekonominius i\u0161\u0161\u016bkius tarptautiniu mastu, kylan\u010dias naftos produkt\u0173 kainas. Tarptautin\u0117je bendruomen\u0117je imta ie\u0161koti sprendim\u0173 u\u017etikrinti laivybos laisv\u0119 ir civilini\u0173 laiv\u0173 saugum\u0105.<\/p>\n<p>Reaguodamos \u012f susidariusi\u0105 situacij\u0105, Jungtin\u0117 Karalyst\u0117 kartu su Pranc\u016bzija 2026 m. kovo 19 d. paskelb\u0117 bendr\u0105 \u0161ali\u0173 vadov\u0173 deklaracij\u0105 d\u0117l laivybos laisv\u0117s Horm\u016bzo s\u0105siauriu atk\u016brimo. Prie \u0161ios deklaracijos prisijung\u0117 ir Lietuva. Gegu\u017e\u0117s 12 d. vykusiame 38 valstybi\u0173 gynybos ministr\u0173 susitikime i\u0161reik\u0161ta parama b\u016bsimai gynybinio pob\u016bd\u017eio daugianacionalinei karinei misijai Horm\u016bzo s\u0105siauryje. \u0160ios misijos karinis planavimas numato i\u0161minavimo laiv\u0173 ir komand\u0173, paj\u0117g\u0173 apsaugos, \u017evalgybini\u0173 ir gynybini\u0173 paj\u0117gum\u0173 poreik\u012f&#8221;, &#8211; d\u0117stoma projekto ai\u0161kinamajame ra\u0161te.<\/p>\n<p>Reaguodamos \u012f situacij\u0105 ir siekdamos sudaryti s\u0105lygas laisvai laivybai Horm\u016bzo s\u0105siauriu, JAV prad\u0117jo tam skirt\u0105 kampanij\u0105. Baland\u017eio pabaigoje per JAV ambasad\u0105 Vilniuje buvo gautas kvietimas Lietuvai prisijungti prie jos. Kampanij\u0105 sudarys du d\u0117menys &#8211; politinis ir karinis. Politinis d\u0117muo bus skirtas diplomatini\u0173 atsako priemoni\u0173 koordinavimui ir \u012fgyvendinimui u\u017etikrinti, jam vadovaus JAV valstyb\u0117s departamentas. Karinis d\u0117muo bus tarptautin\u0117 operacija, skirta laivybos laisvei ir kariniam koordinavimui u\u017etikrinti, prie jos ir ketina jungtis Lietuva.<\/p>\n<p>\u201eVakaro \u017einios&#8221; primena, kad kovo prad\u017eioje Lietuvos kariuomen\u0117s vadas Raimundas Vaik\u0161noras parei\u0161k\u0117, jog Lietuva gal\u0117t\u0173 pad\u0117ti JAV operacijoms prie\u0161 Iran\u0105, suteikdama savo teritorij\u0105.<\/p>\n<p>\u201eTai gali b\u016bti palaikymas, gali b\u016bti ir m\u016bs\u0173 teritorijos suteikimas bombone\u0161iams, naikintuvams, nes kai kurios \u0161alys atsisak\u0117 ir \u017einom kurios&#8221;, &#8211; teig\u0117 R.Vaik\u0161noras, kur\u012f palaik\u0117 kai kurie kiti \u012ftakingi m\u016bs\u0173 politikai. Tiesa, kra\u0161to apsaugos ministras Robertas Kaunas i\u0161kart prid\u016br\u0117, kad Lietuva n\u0117ra sulaukusi pra\u0161ymo i\u0161 JAV pagelb\u0117ti konflikte su Iranu. Tod\u0117l diskusijos \u0161iuo klausimu u\u017evir\u0117, bet greitai ir atv\u0117so.<\/p>\n<p>Dabar ministerijos, norin\u010dios, kad m\u016bsi\u0161kiai vykt\u0173 \u012f Horm\u016bzo s\u0105siaur\u012f, tvirtina, kad tai visi\u0161kai nesusij\u0119 su m\u016bs\u0173 ki\u0161imusi \u012f kar\u0105 su Iranu.<\/p>\n<p>\u201eAtkreiptinas d\u0117mesys \u012f tai, kad abi \u0161ios tarptautin\u0117s operacijos b\u016bt\u0173 nesusijusios su JAV ir Izraelio prie\u0161 Iran\u0105 vykdoma karine kampanija&#8221;, &#8211; tikina projekto iniciatoriai.<\/p>\n","protected":false},"excerpt":{"rendered":"1 nuotr. Profesional\u016bs Lietuvos kariai n\u0117ra savanoriai, tod\u0117l tur\u0117s vykti ten, kur juos pasi\u0173s politikai &#8211; kad ir&hellip;\n","protected":false},"author":2,"featured_media":195140,"comment_status":"","ping_status":"","sticky":false,"template":"","format":"standard","meta":{"footnotes":"","_share_on_mastodon":"0"},"categories":[15],"tags":[25,30,31,34,35,24,22210,79,1413,6662,3767,32,33,8667,37,39,3760,36,38,40,23,22,44,28,29,10829,26,27,74,75,76],"class_list":["post-195139","post","type-post","status-publish","format-standard","has-post-thumbnail","category-pasaulis","tag-antrastes","tag-breaking-news","tag-breakingnews","tag-featured-news","tag-featurednews","tag-headlines","tag-hormuzo","tag-iranas","tag-kam","tag-kariai","tag-konfliktas","tag-latest-news","tag-latestnews","tag-leidimas","tag-lietuva","tag-lietuviu","tag-lietuvos","tag-lithuania","tag-lithuanian","tag-lt","tag-naujienos","tag-news","tag-pasaulis","tag-populiariausios-naujienos","tag-populiariausiosnaujienos","tag-sasiauris","tag-top-stories","tag-topstories","tag-world","tag-world-news","tag-worldnews"],"share_on_mastodon":{"url":"https:\/\/pubeurope.com\/@lt\/116691881581720157","error":""},"_links":{"self":[{"href":"https:\/\/www.europesays.com\/lt\/wp-json\/wp\/v2\/posts\/195139","targetHints":{"allow":["GET"]}}],"collection":[{"href":"https:\/\/www.europesays.com\/lt\/wp-json\/wp\/v2\/posts"}],"about":[{"href":"https:\/\/www.europesays.com\/lt\/wp-json\/wp\/v2\/types\/post"}],"author":[{"embeddable":true,"href":"https:\/\/www.europesays.com\/lt\/wp-json\/wp\/v2\/users\/2"}],"replies":[{"embeddable":true,"href":"https:\/\/www.europesays.com\/lt\/wp-json\/wp\/v2\/comments?post=195139"}],"version-history":[{"count":0,"href":"https:\/\/www.europesays.com\/lt\/wp-json\/wp\/v2\/posts\/195139\/revisions"}],"wp:featuredmedia":[{"embeddable":true,"href":"https:\/\/www.europesays.com\/lt\/wp-json\/wp\/v2\/media\/195140"}],"wp:attachment":[{"href":"https:\/\/www.europesays.com\/lt\/wp-json\/wp\/v2\/media?parent=195139"}],"wp:term":[{"taxonomy":"category","embeddable":true,"href":"https:\/\/www.europesays.com\/lt\/wp-json\/wp\/v2\/categories?post=195139"},{"taxonomy":"post_tag","embeddable":true,"href":"https:\/\/www.europesays.com\/lt\/wp-json\/wp\/v2\/tags?post=195139"}],"curies":[{"name":"wp","href":"https:\/\/api.w.org\/{rel}","templated":true}]}}