{"id":19523,"date":"2025-10-17T10:00:17","date_gmt":"2025-10-17T10:00:17","guid":{"rendered":"https:\/\/www.europesays.com\/lt\/19523\/"},"modified":"2025-10-17T10:00:17","modified_gmt":"2025-10-17T10:00:17","slug":"nerijus-cesiulis-nustebino-kalbomis-apie-vardo-keitima","status":"publish","type":"post","link":"https:\/\/www.europesays.com\/lt\/19523\/","title":{"rendered":"Nerijus Cesiulis nustebino kalbomis apie vardo keitim\u0105"},"content":{"rendered":"<p>Kod\u0117l apie tai susim\u0105st\u0117, N. Cesiulis paai\u0161kino pasidalin\u0119s \u012fra\u0161u Facebook tinkle. <\/p>\n<p>\u201ePrie\u0161 45 metus Lietuvoje Nerijumi t\u0117vai pavadino net 663 s\u016bnus. Paskutinis Nerijus Lietuvoje dabar yra 6 met\u0173, nes \u0161is vardas visi\u0161kai prarado populiarum\u0105. Tai kaip man jaustis?\u201c \u2013 ra\u0161\u0117 jis. <\/p>\n<p>    <img decoding=\"async\" src=\"https:\/\/www.europesays.com\/lt\/wp-content\/uploads\/2025\/10\/cc629b71-dff4-42f4-a483-b2c4981b2faa.jpg\" loading=\"lazy\" alt=\"Nerijus Cesiulis\"\/>    <\/p>\n<p>Visgi, paai\u0161k\u0117jo, kad tai \u2013 tik linskmas N. Cesiulio pok\u0161tas. T\u0119sdamas savo \u012fra\u0161\u0105, meras patikino, kad savo vardo keisti jis neketina, nors ir aptardamas esam\u0105 situacij\u0105 apibr\u0117\u017e\u0117, kad tokiam \u017eingsniui ry\u017etasi vis daugiau \u017emoni\u0173. <\/p>\n<p>\u201eI\u0161 tikr\u0173j\u0173, tai juokauju \u2013 mano <a rel=\"noopener nofollow\" target=\"_blank\" href=\"https:\/\/www.delfi.lt\/temos\/vardo-keitimas\" tag-id=\"72504984\">vardas<\/a> man visad patiko, bet yra daugyb\u0117 \u017emoni\u0173, kurie nori pasikeisti savo vard\u0105 ir pavard\u0119. Vien per \u0161iuos metus Alytaus miesto savivaldyb\u0117s Civilin\u0117s metrikacijos skyrius sulauk\u0117 net 51 parei\u0161k\u0117j\u0173, kurie d\u0117l to kreip\u0117si. 35 parei\u0161k\u0117jai kreip\u0117si d\u0117l pavard\u0117s pakeitimo, 16 \u2013 d\u0117l vardo.<\/p>\n<p>Negalime atskleisti konkre\u010di\u0173 vard\u0173 ar pavard\u017ei\u0173 d\u0117l asmens duomen\u0173 apsaugos, bet da\u017eniausiai buvo norima susigr\u0105\u017einti ankstesn\u0119 pavard\u0119 ar neutrali\u0105 pavard\u0117s form\u0105 po i\u0161tuokos. Kitiems nor\u0117josi susigr\u0105\u017einti prot\u0117vi\u0173 pavardes. Pada\u017en\u0117jo ir pra\u0161ym\u0173 pakeisti vardus \u012f \u0161ventus ar krik\u0161to vardus \u2013 pavyzd\u017eiui, Adom\u0105 ar Patrik\u0105, ar norisi sutrumpinti, palengvinti vardo tarim\u0105, nes gyvena u\u017esienyje.<\/p>\n<p>Ai\u0161ku, netr\u016bksta atvej\u0173, kai \u017emon\u0117s kei\u010dia ir vard\u0105, ir pavard\u0119. Da\u017eniausios prie\u017eastys \u2013 nenori b\u016bti surasti. Vieni b\u0117ga nuo finansini\u0173 atsakomybi\u0173, kiti nenori susitikti su giminai\u010diais. Ai\u0161ku, k\u0105 galvoja asmuo, kuris jau d\u0117l vardo ir pavard\u0117s keitimo kreip\u0117si jau \u0161e\u0161t\u0105 kart\u0105 \u2013 negaliu pasakyti, bet keitim\u0173 skai\u010dius neribojamas. Primenu, kad vard\u0105 be t\u0117v\u0173 leidimo galima pasikeisti nuo 16 met\u0173.<\/p>\n<p>Ar susid\u016br\u0117te su \u012fdomesniais vardo\/pavard\u0117s keitimo atvejais \u2013 kokios prie\u017eastys paskatino tai daryti \u017emones? \u2013 savo auditorijos taip pat pasiteiravo N. Cesiulis. <\/p>\n","protected":false},"excerpt":{"rendered":"Kod\u0117l apie tai susim\u0105st\u0117, N. Cesiulis paai\u0161kino pasidalin\u0119s \u012fra\u0161u Facebook tinkle. \u201ePrie\u0161 45 metus Lietuvoje Nerijumi t\u0117vai pavadino&hellip;\n","protected":false},"author":2,"featured_media":19524,"comment_status":"","ping_status":"","sticky":false,"template":"","format":"standard","meta":{"footnotes":""},"categories":[6],"tags":[25,30,31,34,35,24,32,33,37,39,36,38,40,984,23,6365,22,28,29,26,27,6366],"class_list":{"0":"post-19523","1":"post","2":"type-post","3":"status-publish","4":"format-standard","5":"has-post-thumbnail","7":"category-antrastes","8":"tag-antrastes","9":"tag-breaking-news","10":"tag-breakingnews","11":"tag-featured-news","12":"tag-featurednews","13":"tag-headlines","14":"tag-latest-news","15":"tag-latestnews","16":"tag-lietuva","17":"tag-lietuviu","18":"tag-lithuania","19":"tag-lithuanian","20":"tag-lt","21":"tag-meras","22":"tag-naujienos","23":"tag-nerijus-cesiulis","24":"tag-news","25":"tag-populiariausios-naujienos","26":"tag-populiariausiosnaujienos","27":"tag-top-stories","28":"tag-topstories","29":"tag-vardo-keitimas"},"share_on_mastodon":{"url":"","error":""},"_links":{"self":[{"href":"https:\/\/www.europesays.com\/lt\/wp-json\/wp\/v2\/posts\/19523","targetHints":{"allow":["GET"]}}],"collection":[{"href":"https:\/\/www.europesays.com\/lt\/wp-json\/wp\/v2\/posts"}],"about":[{"href":"https:\/\/www.europesays.com\/lt\/wp-json\/wp\/v2\/types\/post"}],"author":[{"embeddable":true,"href":"https:\/\/www.europesays.com\/lt\/wp-json\/wp\/v2\/users\/2"}],"replies":[{"embeddable":true,"href":"https:\/\/www.europesays.com\/lt\/wp-json\/wp\/v2\/comments?post=19523"}],"version-history":[{"count":0,"href":"https:\/\/www.europesays.com\/lt\/wp-json\/wp\/v2\/posts\/19523\/revisions"}],"wp:featuredmedia":[{"embeddable":true,"href":"https:\/\/www.europesays.com\/lt\/wp-json\/wp\/v2\/media\/19524"}],"wp:attachment":[{"href":"https:\/\/www.europesays.com\/lt\/wp-json\/wp\/v2\/media?parent=19523"}],"wp:term":[{"taxonomy":"category","embeddable":true,"href":"https:\/\/www.europesays.com\/lt\/wp-json\/wp\/v2\/categories?post=19523"},{"taxonomy":"post_tag","embeddable":true,"href":"https:\/\/www.europesays.com\/lt\/wp-json\/wp\/v2\/tags?post=19523"}],"curies":[{"name":"wp","href":"https:\/\/api.w.org\/{rel}","templated":true}]}}