{"id":19525,"date":"2025-10-17T10:01:09","date_gmt":"2025-10-17T10:01:09","guid":{"rendered":"https:\/\/www.europesays.com\/lt\/19525\/"},"modified":"2025-10-17T10:01:09","modified_gmt":"2025-10-17T10:01:09","slug":"delfi-premjera-evgenya-redko-pristato-nauja-singla-cempionai-daina-skiriama-ypatingam-asmeniui","status":"publish","type":"post","link":"https:\/\/www.europesays.com\/lt\/19525\/","title":{"rendered":"Delfi premjera. Evgenya Redko pristato nauj\u0105 singl\u0105 \u201e\u010cempionai\u201c: dain\u0105 skiriama ypatingam asmeniui"},"content":{"rendered":"<p>\u201e\u0160i daina gim\u0117 visai neplanuotai \u2013 tuo metu mano tre\u010diasis albumas \u201ePlaneta\u201c jau buvo beveik pabaigtas. Ta\u010diau vasaros viduryje para\u0161\u0117me \u201e\u010cempionus\u201c. Daina at\u0117jo palaipsniui ir gana ilgai ie\u0161kojo savo \u017eod\u017ei\u0173. Motyvas \u201e\u010dempionu patampi\u201c atsirado i\u0161kart, o visa likusi istorija brendo kartu su manimi\u201c, \u2013 pasakoja E. Redko.<\/p>\n<p> \u201e\u010cempionai\u201c talpina gausyb\u0119 simboli\u0173 ir aliuzij\u0173 \u012f biblines temas \u2013 nuo pasaulio suk\u016brimo iki \u017emogaus kelion\u0117s per gyvenimo \u201eklonius ir kalnus\u201c.<\/p>\n<p>  \u201eDaina primena, kad esame laikini, bet reik\u0161mingi keliautojai \u0161iame Dievo sukurtame pasaulyje. Turime vali\u0105 ir gali\u0105 kurti, augti ir tobul\u0117ti \u2013 tai m\u016bs\u0173 privilegija ir atsakomyb\u0117\u201c, \u2013 sako k\u016br\u0117ja.<\/p>\n<p> Pokalbis dainininke Evgenya Redko \u2013 penktadien\u012f, 9.30 val. laidoje \u201eDelfi <a rel=\"noopener nofollow\" target=\"_blank\" href=\"https:\/\/www.delfi.lt\/temos\/premjera\" tag-id=\"59795413\">premjera<\/a>!\u201c<\/p>\n","protected":false},"excerpt":{"rendered":"\u201e\u0160i daina gim\u0117 visai neplanuotai \u2013 tuo metu mano tre\u010diasis albumas \u201ePlaneta\u201c jau buvo beveik pabaigtas. Ta\u010diau vasaros&hellip;\n","protected":false},"author":2,"featured_media":19526,"comment_status":"","ping_status":"","sticky":false,"template":"","format":"standard","meta":{"footnotes":""},"categories":[21],"tags":[113,4499,37,39,36,38,40,114,6367,1949],"class_list":{"0":"post-19525","1":"post","2":"type-post","3":"status-publish","4":"format-standard","5":"has-post-thumbnail","7":"category-pramogos","8":"tag-entertainment","9":"tag-evgenya-redko","10":"tag-lietuva","11":"tag-lietuviu","12":"tag-lithuania","13":"tag-lithuanian","14":"tag-lt","15":"tag-pramogos","16":"tag-premjera","17":"tag-vaizdo-klipas"},"share_on_mastodon":{"url":"","error":""},"_links":{"self":[{"href":"https:\/\/www.europesays.com\/lt\/wp-json\/wp\/v2\/posts\/19525","targetHints":{"allow":["GET"]}}],"collection":[{"href":"https:\/\/www.europesays.com\/lt\/wp-json\/wp\/v2\/posts"}],"about":[{"href":"https:\/\/www.europesays.com\/lt\/wp-json\/wp\/v2\/types\/post"}],"author":[{"embeddable":true,"href":"https:\/\/www.europesays.com\/lt\/wp-json\/wp\/v2\/users\/2"}],"replies":[{"embeddable":true,"href":"https:\/\/www.europesays.com\/lt\/wp-json\/wp\/v2\/comments?post=19525"}],"version-history":[{"count":0,"href":"https:\/\/www.europesays.com\/lt\/wp-json\/wp\/v2\/posts\/19525\/revisions"}],"wp:featuredmedia":[{"embeddable":true,"href":"https:\/\/www.europesays.com\/lt\/wp-json\/wp\/v2\/media\/19526"}],"wp:attachment":[{"href":"https:\/\/www.europesays.com\/lt\/wp-json\/wp\/v2\/media?parent=19525"}],"wp:term":[{"taxonomy":"category","embeddable":true,"href":"https:\/\/www.europesays.com\/lt\/wp-json\/wp\/v2\/categories?post=19525"},{"taxonomy":"post_tag","embeddable":true,"href":"https:\/\/www.europesays.com\/lt\/wp-json\/wp\/v2\/tags?post=19525"}],"curies":[{"name":"wp","href":"https:\/\/api.w.org\/{rel}","templated":true}]}}