{"id":195315,"date":"2026-06-04T16:14:09","date_gmt":"2026-06-04T16:14:09","guid":{"rendered":"https:\/\/www.europesays.com\/lt\/195315\/"},"modified":"2026-06-04T16:14:09","modified_gmt":"2026-06-04T16:14:09","slug":"nauseda-jis-bene-palankiausiai-vertinamas-ministras-respublika-lt","status":"publish","type":"post","link":"https:\/\/www.europesays.com\/lt\/195315\/","title":{"rendered":"Naus\u0117da: jis bene palankiausiai vertinamas ministras &#8211; Respublika.lt"},"content":{"rendered":"<p><img loading=\"lazy\" decoding=\"async\" src=\"https:\/\/www.respublika.lt\/lt\/naujienos\/lietuva\/lietuvos_politika\/nauseda-skeptiskai-vertina-kalbas-del-budrio-keitimo-jis-bene-palankiausiai-vertinamas-ministras\/images\/ico_camera_white.gif\" class=\"camera\" width=\"22\" height=\"15\" alt=\"nuotr.\" style=\"position:relative; top:-2px; right:2px;\"\/> 1 nuotr.<\/p>\n<p>Anot prezidento, K. Budrys yra palankiausiai vertinamas ministras. Eltos nuotr<\/p>\n<p style=\"text-align: justify;\" class=\"desktop_banner\">\u00a0<\/p>\n<p style=\"text-align: justify;\">\u201eMan pirmiausiai kelia \u0161ypsen\u0105 tai, kad vietoje to, kad kalb\u0117t\u0173 apie koalicijos sud\u0117t\u012f, ka\u017ekod\u0117l kalbama apie vien\u0105 konkret\u0173 ministr\u0105\u201c, \u2013 ketvirtadien\u012f teig\u0117 G. Naus\u0117da.<\/p>\n<p style=\"text-align: justify;\">\u201eAtkreipsiu d\u0117mes\u012f, kad \u0161is ministras yra bene palankiausiai vertinamas Lietuvos gyventoj\u0173 i\u0161 vis\u0173 ministr\u0173, daugiau vertinan\u010di\u0173 jo veikl\u0105 pozityviai negu negatyviai. Tai yra gana retas rei\u0161kinys tarp ministr\u0173. Galb\u016bt tai yra prie\u017eastis, kod\u0117l pono Budrio darbas u\u017ekli\u016bva vienam ar kitam politin\u0117s scenos veik\u0117jui\u201c, \u2013 t\u0119s\u0117 jis.<\/p>\n<p style=\"text-align: justify;\">\u0160alies vadovo teigimu, \u0161iuo metu kalb\u0117ti apie vien\u0105 konkret\u0173 ministr\u0105 yra nelabai atsakinga.\u00a0<\/p>\n<p style=\"text-align: justify;\">\u201eDabar kalb\u0117ti apie vien\u0105 konkret\u0173 ministr\u0105, juolab kad nepateikiami jokie konkret\u016bs, ap\u010diuopiami kaltinimai, yra nelabai atsakinga ir nelabai rimta\u201c, \u2013 pabr\u0117\u017e\u0117 G. Naus\u0117da.<\/p>\n<p style=\"text-align: justify;\">Prezidentas taip pat steb\u0117josi, kod\u0117l priekai\u0161tai Lietuvos diplomatijos vadovui skleid\u017eiami anonimini\u0173 \u0161altini\u0173.<\/p>\n<p style=\"text-align: justify;\">\u201eTie priekai\u0161tai yra labai abstrakt\u016bs, kad ka\u017ekas neva ne taip. Bet, kuomet pasi\u017ei\u016bri Vyriausyb\u0117s program\u0105 ir matai reali\u0105 pono ministro veikl\u0105, a\u0161, ties\u0105 sakant, ten nepastebiu joki\u0173 esmini\u0173 neatitikim\u0173\u201c, \u2013 sak\u0117 \u0161alies vadovas.<\/p>\n<p style=\"text-align: justify;\">\u017diniaskalida skelb\u0117, kad \u0161e\u0161tadien\u012f pos\u0117d\u017eiausianti LSDP taryba gali priimti sprendim\u0105 keisti u\u017esienio reikal\u0173 ministr\u0105 K. Budr\u012f.<\/p>\n<p style=\"text-align: justify;\">Bent penki socialdemokratai nevie\u0161ai teig\u0117, kad ministro laikysena u\u017esienio politikoje ne visai atitinka partijos, Vyriausyb\u0117s apsibr\u0117\u017etas politikos gaires.\u00a0<\/p>\n<p style=\"text-align: justify;\">Savo ruo\u017etu Seimo pirmininkas interviu Eltai teig\u0117, kad K. Budrys dirba gana profesionaliai ir geba atstovauti Lietuvos interesams tarptautiniuose formatuose.\u00a0<\/p>\n<p style=\"text-align: justify;\">Tuo metu LSDP pirmininko pavaduotojas Robertas Duchnevi\u010dius sak\u0117 neturintis jokios informacijos, kad partijos tarybos pos\u0117dyje bus aptariamas klausimas d\u0117l u\u017esienio reikal\u0173 ministro tolesnio buvimo poste.\u00a0<\/p>\n<p style=\"text-align: justify;\">Pasak politiko, vie\u0161oje erdv\u0117je pasirod\u017eiusi informacija n\u0117ra paremta oficialiais sprendimais, es\u0105 tai veikiausiai yra subjektyvus kai kuri\u0173 koleg\u0173 vertinimas.\u00a0<\/p>\n<p style=\"text-align: justify;\">ELTA primena, kad pastaruoju metu u\u017esienio reikal\u0173 ministras susilauk\u0117 kritikos d\u0117l pasisakym\u0173 apie Kaliningrad\u0105, laikysenos Baltarusijos bei Kinijos at\u017evilgiu. Be to, neoficialiai svarstoma, kad K. Budrys ne visuomet tinkamai atstovauja Vyriausyb\u0117s u\u017esienio politikos kryptims. Es\u0105 b\u016bta rimt\u0173 jo ir premjer\u0117s Ingos Ruginien\u0117s nuomoni\u0173 i\u0161siskyrim\u0173. Tarkime, d\u0117l kritini\u0173 mineral\u0173 sutarties su JAV. Be to, daliai socdem\u0173 nepatiko K. Budrio i\u0161vykos \u012f regionus ir susitikimai su partijos skyri\u0173 atstovais.<\/p>\n<p style=\"text-align: justify;\">Taip pat diskutuota ir d\u0117l kai kuriais klausimais i\u0161siskirian\u010di\u0173 premjer\u0117s ir K. Budrio pozicij\u0173. Diskusijos kilo po to, kai \u0161i\u0173 met\u0173 prad\u017eioje premjer\u0117 \u0117m\u0117si iniciatyvos pati komentuoti tam tikrus u\u017esienio politikos klausimus.\u00a0<\/p>\n<p style=\"text-align: justify;\">Pati I. Ruginien\u0117 anks\u010diau tikino, kad pastebimas aktyvesnis jos ir LSDP pirmininko, Jonavos rajono mero Mindaugo Sinkevi\u010diaus \u012fsitraukimas \u012f u\u017esienio politikos reikalus n\u0117ra susij\u0119s su tariamu nepasitik\u0117jimu Lietuvos diplomatijos vadovu. Vyriausyb\u0117s vadov\u0117 teig\u0117 pasitikinti u\u017esienio reikal\u0173 ministru.<\/p>\n<p style=\"text-align: justify;\">Savo ruo\u017etu pats K. Budrys kovo viduryje sak\u0117 nejau\u010diantis konkurencijos su Vyriausyb\u0117s vadove. Tarp j\u0173 es\u0105 n\u0117ra i\u0161siskirian\u010di\u0173 pozicij\u0173 u\u017esienio politikos klausimais.\u00a0<\/p>\n<p style=\"text-align: justify;\">Tuo metu prezidentas Gitanas Naus\u0117da sak\u0117 teigiamai vertinantis Lietuvos diplomatijos vadovo darb\u0105. Pasak jo, ministras laikosi principingos pozicijos \u0161aliai svarbiais klausimais, vykdo Vyriausyb\u0117s program\u0105 ir prezidento jam nustatytas gaires.\u00a0<\/p>\n","protected":false},"excerpt":{"rendered":"1 nuotr. Anot prezidento, K. Budrys yra palankiausiai vertinamas ministras. Eltos nuotr \u00a0 \u201eMan pirmiausiai kelia \u0161ypsen\u0105 tai,&hellip;\n","protected":false},"author":2,"featured_media":195316,"comment_status":"","ping_status":"","sticky":false,"template":"","format":"standard","meta":{"footnotes":"","_share_on_mastodon":"0"},"categories":[6],"tags":[25,30,31,1501,30355,34,35,24,32,33,37,39,36,38,4281,40,2051,23,417,22,28,29,26,27],"class_list":["post-195315","post","type-post","status-publish","format-standard","has-post-thumbnail","category-antrastes","tag-antrastes","tag-breaking-news","tag-breakingnews","tag-budrys","tag-duchnevicius","tag-featured-news","tag-featurednews","tag-headlines","tag-latest-news","tag-latestnews","tag-lietuva","tag-lietuviu","tag-lithuania","tag-lithuanian","tag-lsdp","tag-lt","tag-ministras","tag-naujienos","tag-nauseda","tag-news","tag-populiariausios-naujienos","tag-populiariausiosnaujienos","tag-top-stories","tag-topstories"],"share_on_mastodon":{"url":"https:\/\/pubeurope.com\/@lt\/116692731299640374","error":""},"_links":{"self":[{"href":"https:\/\/www.europesays.com\/lt\/wp-json\/wp\/v2\/posts\/195315","targetHints":{"allow":["GET"]}}],"collection":[{"href":"https:\/\/www.europesays.com\/lt\/wp-json\/wp\/v2\/posts"}],"about":[{"href":"https:\/\/www.europesays.com\/lt\/wp-json\/wp\/v2\/types\/post"}],"author":[{"embeddable":true,"href":"https:\/\/www.europesays.com\/lt\/wp-json\/wp\/v2\/users\/2"}],"replies":[{"embeddable":true,"href":"https:\/\/www.europesays.com\/lt\/wp-json\/wp\/v2\/comments?post=195315"}],"version-history":[{"count":0,"href":"https:\/\/www.europesays.com\/lt\/wp-json\/wp\/v2\/posts\/195315\/revisions"}],"wp:featuredmedia":[{"embeddable":true,"href":"https:\/\/www.europesays.com\/lt\/wp-json\/wp\/v2\/media\/195316"}],"wp:attachment":[{"href":"https:\/\/www.europesays.com\/lt\/wp-json\/wp\/v2\/media?parent=195315"}],"wp:term":[{"taxonomy":"category","embeddable":true,"href":"https:\/\/www.europesays.com\/lt\/wp-json\/wp\/v2\/categories?post=195315"},{"taxonomy":"post_tag","embeddable":true,"href":"https:\/\/www.europesays.com\/lt\/wp-json\/wp\/v2\/tags?post=195315"}],"curies":[{"name":"wp","href":"https:\/\/api.w.org\/{rel}","templated":true}]}}