{"id":195432,"date":"2026-06-04T18:41:10","date_gmt":"2026-06-04T18:41:10","guid":{"rendered":"https:\/\/www.europesays.com\/lt\/195432\/"},"modified":"2026-06-04T18:41:10","modified_gmt":"2026-06-04T18:41:10","slug":"putinas-pristate-taikos-formule-ukrainai","status":"publish","type":"post","link":"https:\/\/www.europesays.com\/lt\/195432\/","title":{"rendered":"Putinas pristat\u0117 \u201etaikos formul\u0119\u201c Ukrainai"},"content":{"rendered":"<p>Kremliaus vadovo buvo paklausta, ko jis nori: kontroliuoti vis\u0105 <a rel=\"noopener nofollow\" target=\"_blank\" href=\"https:\/\/www.delfi.lt\/temos\/donbasas\" tag-id=\"66604680\">Donbas\u0105<\/a> ar sudaryti susitarim\u0105.<\/p>\n<p>\u201eVienas kitam netrukdo \u2013 kontroliuoti vis\u0105 Donbaso region\u0105 ir sudaryti susitarim\u0105. Kod\u0117l nusprend\u0117te, kad tai prie\u0161tarauja vienas kitam?\u201c \u2013 atsak\u0117 V. Putinas.<\/p>\n<p>Jis patikino, kad neva \u201eneabejotinai yra pasireng\u0119s\u201c ir nori susitarti su <a rel=\"noopener nofollow\" target=\"_blank\" href=\"https:\/\/www.delfi.lt\/temos\/ukraina\" tag-id=\"21801988\">Ukraina<\/a> taikiomis priemon\u0117mis. Ta\u010diau, pasak V. Putino, <a rel=\"noopener nofollow\" target=\"_blank\" href=\"https:\/\/www.delfi.lt\/temos\/rusija\" tag-id=\"40342315\">Rusija<\/a> pasirengusi taikos deryboms tik tomis s\u0105lygomis, kurios buvo aptartos Ankorid\u017ee per susitikim\u0105 su <a rel=\"noopener nofollow\" target=\"_blank\" href=\"https:\/\/www.delfi.lt\/temos\/jav\" tag-id=\"39295467\">JAV<\/a> prezidentu <a rel=\"noopener nofollow\" target=\"_blank\" href=\"https:\/\/www.delfi.lt\/temos\/donaldas-trumpas\" tag-id=\"55038381\">Donaldu Trumpu<\/a>.<\/p>\n<p>\u201eEsame pasireng\u0119 kompromisams, apie kuriuos kalb\u0117jome Ankorid\u017ee. Reikia, kad kompromisams b\u016bt\u0173 pasirengusi ir Ukraina\u201c, \u2013 sak\u0117 jis.<\/p>\n<p>Jis taip pat dar kart\u0105 parei\u0161k\u0117, kad pad\u0117tis fronte Ukrainai neva yra prasta, ir kaip argumentus pamin\u0117jo priverstin\u0119 mobilizacij\u0105 bei dezertyravim\u0105.<\/p>\n","protected":false},"excerpt":{"rendered":"Kremliaus vadovo buvo paklausta, ko jis nori: kontroliuoti vis\u0105 Donbas\u0105 ar sudaryti susitarim\u0105. \u201eVienas kitam netrukdo \u2013 kontroliuoti&hellip;\n","protected":false},"author":2,"featured_media":195433,"comment_status":"","ping_status":"","sticky":false,"template":"","format":"standard","meta":{"footnotes":"","_share_on_mastodon":"0"},"categories":[15],"tags":[25,30,31,194,9110,34,35,24,223,32,33,37,39,36,38,40,23,22,44,28,29,119,26,27,360,120,74,75,76],"class_list":["post-195432","post","type-post","status-publish","format-standard","has-post-thumbnail","category-pasaulis","tag-antrastes","tag-breaking-news","tag-breakingnews","tag-donaldas-trumpas","tag-donbasas","tag-featured-news","tag-featurednews","tag-headlines","tag-jav","tag-latest-news","tag-latestnews","tag-lietuva","tag-lietuviu","tag-lithuania","tag-lithuanian","tag-lt","tag-naujienos","tag-news","tag-pasaulis","tag-populiariausios-naujienos","tag-populiariausiosnaujienos","tag-rusija","tag-top-stories","tag-topstories","tag-ukraina","tag-vladimiras-putinas","tag-world","tag-world-news","tag-worldnews"],"share_on_mastodon":{"url":"https:\/\/pubeurope.com\/@lt\/116693308699456715","error":""},"_links":{"self":[{"href":"https:\/\/www.europesays.com\/lt\/wp-json\/wp\/v2\/posts\/195432","targetHints":{"allow":["GET"]}}],"collection":[{"href":"https:\/\/www.europesays.com\/lt\/wp-json\/wp\/v2\/posts"}],"about":[{"href":"https:\/\/www.europesays.com\/lt\/wp-json\/wp\/v2\/types\/post"}],"author":[{"embeddable":true,"href":"https:\/\/www.europesays.com\/lt\/wp-json\/wp\/v2\/users\/2"}],"replies":[{"embeddable":true,"href":"https:\/\/www.europesays.com\/lt\/wp-json\/wp\/v2\/comments?post=195432"}],"version-history":[{"count":0,"href":"https:\/\/www.europesays.com\/lt\/wp-json\/wp\/v2\/posts\/195432\/revisions"}],"wp:featuredmedia":[{"embeddable":true,"href":"https:\/\/www.europesays.com\/lt\/wp-json\/wp\/v2\/media\/195433"}],"wp:attachment":[{"href":"https:\/\/www.europesays.com\/lt\/wp-json\/wp\/v2\/media?parent=195432"}],"wp:term":[{"taxonomy":"category","embeddable":true,"href":"https:\/\/www.europesays.com\/lt\/wp-json\/wp\/v2\/categories?post=195432"},{"taxonomy":"post_tag","embeddable":true,"href":"https:\/\/www.europesays.com\/lt\/wp-json\/wp\/v2\/tags?post=195432"}],"curies":[{"name":"wp","href":"https:\/\/api.w.org\/{rel}","templated":true}]}}