{"id":195504,"date":"2026-06-04T20:12:09","date_gmt":"2026-06-04T20:12:09","guid":{"rendered":"https:\/\/www.europesays.com\/lt\/195504\/"},"modified":"2026-06-04T20:12:09","modified_gmt":"2026-06-04T20:12:09","slug":"kremlius-sureagavo-i-zelenskio-laiska-putinui","status":"publish","type":"post","link":"https:\/\/www.europesays.com\/lt\/195504\/","title":{"rendered":"Kremlius sureagavo \u012f Zelenskio lai\u0161k\u0105 Putinui"},"content":{"rendered":"<p>Pasak D. Peskovo, jei Ukrainos prezidentas <a rel=\"noopener nofollow\" target=\"_blank\" href=\"https:\/\/www.delfi.lt\/temos\/volodymyras-zelenskis\" tag-id=\"80248945\">Volodymyras Zelenskis<\/a> i\u0161 ties\u0173 yra suinteresuotas susitikimu, jis gali atvykti \u012f Maskv\u0105. Daugiau detali\u0173 apie galim\u0105 susitikimo format\u0105 Kremlius neatskleid\u0117.<\/p>\n<p>Lai\u0161ke V. Zelenskis pasi\u016bl\u0117 surengti susitikim\u0105 su Rusijos prezidentu <a rel=\"noopener nofollow\" target=\"_blank\" href=\"https:\/\/www.delfi.lt\/temos\/vladimiras-putinas\" tag-id=\"49711812\">Vladimiru Putinu<\/a>, kad b\u016bt\u0173 aptartas karo u\u017ebaigimas. Ukrainos prezidentas parei\u0161k\u0117, kad dabartinis konflikto etapas reikalauja tiesioginio dialogo tarp valstybi\u0173 vadov\u0173.<\/p>\n<p><a rel=\"noopener nofollow\" target=\"_blank\" href=\"https:\/\/www.delfi.lt\/temos\/ukraina\" tag-id=\"21801988\">Ukrainos<\/a> teigimu, lai\u0161ke buvo aptarti \u0161ie klausimai:<\/p>\n<ul>\n<li>\n<p>per pastaruosius de\u0161imtme\u010dius pasikeit\u0119 Ukrainos ir Rusijos santykiai;<\/p>\n<\/li>\n<li>\n<p>plataus masto <a rel=\"noopener nofollow\" target=\"_blank\" href=\"https:\/\/www.delfi.lt\/temos\/karas-ukrainoje\" tag-id=\"73240966\">karo<\/a> pasekm\u0117s ir dabartin\u0117 pad\u0117tis fronte;<\/p>\n<\/li>\n<li>\n<p>b\u016btinyb\u0117 nutraukti karo veiksmus ir ie\u0161koti diplomatinio sprendimo;<\/p>\n<\/li>\n<li>\n<p>galimyb\u0117 surengti susitikim\u0105 neutralioje \u0161alyje, dalyvaujant tarptautiniams tarpininkams;<\/p>\n<\/li>\n<li>\n<p>saugumo garantij\u0173 ir b\u016bsimos regiono saugumo architekt\u016bros klausimai;<\/p>\n<\/li>\n<li>\n<p>karo belaisvi\u0173 apsikeitimas ir civili\u0173 gyventoj\u0173 gr\u0105\u017einimas;<\/p>\n<\/li>\n<li>\n<p>poreikis stabdyti konflikt\u0105 ir pereiti prie deryb\u0173.<\/p>\n<\/li>\n<\/ul>\n<p>V. Zelenskis pabr\u0117\u017e\u0117, kad Ukraina siekia u\u017ebaigti kar\u0105 ir yra pasirengusi aptarti ugnies nutraukimo s\u0105lygas. Pasak jo, \u012f deryb\u0173 proces\u0105 gal\u0117t\u0173 b\u016bti \u012ftraukti tarptautiniai partneriai, taip pat JAV ir Europos valstyb\u0117s, kurios gal\u0117t\u0173 u\u017etikrinti saugum\u0105.<\/p>\n<p>Lai\u0161ke taip pat nurodoma, kad ankstesni\u0173 susitarim\u0173 patirtis parod\u0117 b\u016btinyb\u0119 sukurti tvaresn\u0119 konflikto sureguliavimo sistem\u0105.<\/p>\n<p>V. Zelenskis pasi\u016bl\u0117 svarstyti galimyb\u0119 deryb\u0173 laikotarpiu paskelbti paliaubas. Jis taip pat pabr\u0117\u017e\u0117 karo belaisvi\u0173 apsikeitimo princip\u0105 \u201evisi \u012f visus\u201c ir i\u0161ve\u017et\u0173 civili\u0173 gr\u0105\u017einimo svarb\u0105.<\/p>\n<p>Kremlius kol kas nevertino \u0161ios iniciatyvos, tik patvirtino gav\u0119s lai\u0161k\u0105 ir pa\u017ead\u0117jo pateikti atsakym\u0105 v\u0117liau.<\/p>\n<p>Primenama, kad Rusijos vadovas anks\u010diau parei\u0161k\u0117 manantis, jog Rusija gali vienu metu ir perimti viso <a rel=\"noopener nofollow\" target=\"_blank\" href=\"https:\/\/www.delfi.lt\/temos\/donbasas\" tag-id=\"66604680\">Donbaso<\/a> kontrol\u0119, ir pasiekti taikos susitarim\u0105 su Ukraina.<\/p>\n","protected":false},"excerpt":{"rendered":"Pasak D. Peskovo, jei Ukrainos prezidentas Volodymyras Zelenskis i\u0161 ties\u0173 yra suinteresuotas susitikimu, jis gali atvykti \u012f Maskv\u0105.&hellip;\n","protected":false},"author":2,"featured_media":195505,"comment_status":"","ping_status":"","sticky":false,"template":"","format":"standard","meta":{"footnotes":"","_share_on_mastodon":"0"},"categories":[15],"tags":[25,30,31,1331,9110,34,35,24,121,32,33,37,39,36,38,40,23,22,44,28,29,26,27,360,120,971,74,75,76],"class_list":["post-195504","post","type-post","status-publish","format-standard","has-post-thumbnail","category-pasaulis","tag-antrastes","tag-breaking-news","tag-breakingnews","tag-dmitrijus-peskovas","tag-donbasas","tag-featured-news","tag-featurednews","tag-headlines","tag-karas-ukrainoje","tag-latest-news","tag-latestnews","tag-lietuva","tag-lietuviu","tag-lithuania","tag-lithuanian","tag-lt","tag-naujienos","tag-news","tag-pasaulis","tag-populiariausios-naujienos","tag-populiariausiosnaujienos","tag-top-stories","tag-topstories","tag-ukraina","tag-vladimiras-putinas","tag-volodymyras-zelenskis","tag-world","tag-world-news","tag-worldnews"],"share_on_mastodon":{"url":"https:\/\/pubeurope.com\/@lt\/116693666569664035","error":""},"_links":{"self":[{"href":"https:\/\/www.europesays.com\/lt\/wp-json\/wp\/v2\/posts\/195504","targetHints":{"allow":["GET"]}}],"collection":[{"href":"https:\/\/www.europesays.com\/lt\/wp-json\/wp\/v2\/posts"}],"about":[{"href":"https:\/\/www.europesays.com\/lt\/wp-json\/wp\/v2\/types\/post"}],"author":[{"embeddable":true,"href":"https:\/\/www.europesays.com\/lt\/wp-json\/wp\/v2\/users\/2"}],"replies":[{"embeddable":true,"href":"https:\/\/www.europesays.com\/lt\/wp-json\/wp\/v2\/comments?post=195504"}],"version-history":[{"count":0,"href":"https:\/\/www.europesays.com\/lt\/wp-json\/wp\/v2\/posts\/195504\/revisions"}],"wp:featuredmedia":[{"embeddable":true,"href":"https:\/\/www.europesays.com\/lt\/wp-json\/wp\/v2\/media\/195505"}],"wp:attachment":[{"href":"https:\/\/www.europesays.com\/lt\/wp-json\/wp\/v2\/media?parent=195504"}],"wp:term":[{"taxonomy":"category","embeddable":true,"href":"https:\/\/www.europesays.com\/lt\/wp-json\/wp\/v2\/categories?post=195504"},{"taxonomy":"post_tag","embeddable":true,"href":"https:\/\/www.europesays.com\/lt\/wp-json\/wp\/v2\/tags?post=195504"}],"curies":[{"name":"wp","href":"https:\/\/api.w.org\/{rel}","templated":true}]}}