{"id":195634,"date":"2026-06-05T03:43:15","date_gmt":"2026-06-05T03:43:15","guid":{"rendered":"https:\/\/www.europesays.com\/lt\/195634\/"},"modified":"2026-06-05T03:43:15","modified_gmt":"2026-06-05T03:43:15","slug":"ekonomika-leteja-ar-reikia-ruostis-sunkmeciui","status":"publish","type":"post","link":"https:\/\/www.europesays.com\/lt\/195634\/","title":{"rendered":"Ekonomika l\u0117t\u0117ja: ar reikia ruo\u0161tis sunkme\u010diui?"},"content":{"rendered":"<p>Ar tai pirmieji \u017eenklai, kad teks ver\u017etis dir\u017eus, LNK.lt ai\u0161kino \u201eArtea\u201c banko grup\u0117s vyriausioji ekonomist\u0117 Indr\u0117 Genyt\u0117-Pik\u010dien\u0117.<\/p>\n<p>\u2013 K\u0105 rodo \u0161is ma\u017e\u0117jantis BVP?<\/p>\n<p>\u2013 Nuog\u0105stauti tikrai dar anksti, nes bendr\u0105j\u012f vidaus produkt\u0105 (BVP) numyn\u0117 \u0161alta \u017eiema. Matyt, galima apibendrinti taip, nes matome vangesn\u0119 statyb\u0173 sektoriaus raid\u0105, o statyboms ta \u0161alta \u017eiema ypa\u010d paveiki \u2013 nelengva tvarkytis su darbais tokiomis aplinkyb\u0117mis. Taip pat transporto sektorius \u0161iek tiek vangiau kito, tai tos \u012ftakos yra labiau lokalios. <\/p>\n<p>Visgi situacija v\u0117lesniais m\u0117nesiais, matome, atsitiesia, didesn\u012f puls\u0105 \u012fgauna pramon\u0117, nes vis d\u0117lto d\u0117l pramon\u0117s buvo labai daug nuog\u0105stavim\u0173. Pernai met\u0173 antrajame pusmetyje steb\u0117jome i\u0161ties gerokai sul\u0117t\u0117jusi\u0105 pramon\u0117s raid\u0105, o tai yra vienas pamatini\u0173 Lietuvos ekonomikos stuburo slanksteli\u0173, nes preki\u0173 gamyba ir eksportas m\u016bs\u0173 ekonomikai yra ypa\u010d svarb\u016bs.<\/p>\n<p>       <img decoding=\"async\" src=\"https:\/\/www.europesays.com\/lt\/wp-content\/uploads\/2026\/06\/1780630992_855_1d36575f-4711-4b7e-ab17-dd739a5d284c.jpg\" loading=\"lazy\" alt=\"Indr\u0117 Genyt\u0117-Pik\u010dien\u0117\"\/>      <\/p>\n<p>\u2013 O kaip \u010dia taip gavosi, kad pramon\u0117 i\u0161 prad\u017ei\u0173 \u0161lubavo, o po to pademonstravo puikius rezultatus?<\/p>\n<p>\u2013 Tai kol kas gal irgi reik\u0117t\u0173 atsargiai vertinti duomenis. Kovas ir balandis buvo ypa\u010d energingi pramonininkams. Matyt, tai galima sieti ir su Irano krize, Hormuzo s\u0105siaurio blokada, nes tai s\u0105lygoja infliacijos \u0161ok\u0105, atvilnija tikrai pakankamai plataus masto infliacijos banga, ir gamintojai m\u016bs\u0173 kertin\u0117se eksporto rinkose stengiasi apsir\u016bpinti prek\u0117mis, tarpinio vartojimo produkcija i\u0161 anksto. <\/p>\n<p>Taip pat m\u016bs\u0173 gamintojai stengiasi pasigaminti kuo daugiau pigesn\u0117mis \u017ealiavomis, kol juos pasieks kylan\u010di\u0173 s\u0105naud\u0173 poveikis. Tai kol kas tie pramon\u0117s augimo rezultatai yra i\u0161ties puik\u016bs.<\/p>\n<p>\u2013 Bet gal dar ka\u017ekam irgi gerai sekasi be pramon\u0117s?<\/p>\n<p>\u2013 Vienareik\u0161mi\u0161kai. I\u0161 tikr\u0173j\u0173 nenustebinsiu pasakydama, kad \u0161i\u0173 met\u0173 BVP augimo pagrindin\u0117 kolona bus vartojimas, gyventoj\u0173 vartojimas. Ma\u017emenin\u0117 prekyba baland\u017eio m\u0117nes\u012f stebino net beveik 9 procent\u0173 metiniu augimu, atmetus kain\u0173 \u012ftak\u0105. Tai rei\u0161kia, kad realia apimtimi m\u016bs\u0173 prekyba suintensyv\u0117jo tikrai reik\u0161mingai. Ypa\u010d i\u0161augo, kone penktadaliu, prekyba ne maisto produktais. Tai yra jau antros pensij\u0173 pakopos pinig\u0173 \u012ftaka.<\/p>\n<p>\u2013 Bet \u0161alia yra infliacija. Tai jeigu taip stipriai brangsta, gal vis d\u0117lto gyventojai gal\u0117t\u0173 ma\u017eiau vartoti?<\/p>\n<p>    <img decoding=\"async\" src=\"https:\/\/www.europesays.com\/lt\/wp-content\/uploads\/2026\/06\/78ab6170-ca2d-11ed-97d7-ad52d29d3685.jpg\" loading=\"lazy\" alt=\"Grynieji pinigai\"\/>      <\/p>\n<p>\u2013 I\u0161 tikr\u0173j\u0173 reik\u0117t\u0173 pasteb\u0117ti, kad ne maisto produkt\u0173 infliacija buvo pakankamai nedidel\u0117. Tai galb\u016bt yra palankus signalas tuo, kad prekybininkai ar visa prid\u0117tin\u0117s vert\u0117s grandin\u0117 nei\u0161naudojo tos antros pensij\u0173 pakopos kain\u0173 didinimui, bent jau kol kas. Ir tai yra gerai, tai i\u0161saugo m\u016bs\u0173 gyventoj\u0173 perkam\u0105j\u0105 gali\u0105 bent ka\u017ekiek tokiame pakankamai a\u0161triame infliaciniame kontekste.<\/p>\n<p>\u2013 Bet kas bus, kai antrosios pensij\u0173 pakopos pinigai baigsis? Vieni prognozuoja, kad tai gali nutikti kitais metais, o kiti sako \u2013 palaukime 2 met\u0173 lango.<\/p>\n<p>\u2013 Man atrodo, kol kas gal anksti daryti i\u0161vadas. Reikia, matyt, vertinti pa\u010dias l\u0117\u0161as, kurios naudojamos vartojimui, nes kol kas n\u0117ra didel\u0117 dalis suvartota. Labai nema\u017eai l\u0117\u0161\u0173 dar vis tebeguli bank\u0173 atsiskaitomosiose s\u0105skaitose, nema\u017eai jau nukreipta ir \u012f taupymo produktus. Tad tas bendras paveikslas dar tik ry\u0161k\u0117ja. <\/p>\n<p>Kita vertus, jau i\u0161 makroekonominio ta\u0161ko, antros pensij\u0173 pakopos pinigai \u0161iemet veikia kaip tam tikra finansin\u0117 pagalv\u0117 t\u0173 pa\u010di\u0173 energetikos \u0161oko ir infliacin\u0117s aplinkos veiksni\u0173 i\u0161davoje, ir gyventojai turi daugiau l\u0117\u0161\u0173 atsispirti \u0161iems i\u0161bandymams. Tad i\u0161 tos makroekonomin\u0117s perspektyvos, atmetus ilgalaikius poveikius ir spaudim\u0105 m\u016bs\u0173 pensij\u0173 sistemai, \u0161iems metams turime tur\u0117ti pakankamai solid\u0173 kiek\u012f t\u0173 vietini\u0173, lokali\u0173 rezerv\u0173.<\/p>\n<p>       <img decoding=\"async\" src=\"https:\/\/www.europesays.com\/lt\/wp-content\/uploads\/2026\/06\/f121f3b4-42ac-43df-a697-286d72355bb0.jpg\" loading=\"lazy\" alt=\"Sodra\"\/>      <\/p>\n<p>\u2013 Bet klausimas, ar baigsis konfliktas Persijos \u012flankoje, nes nuo to irgi labai priklauso, kokios bus kuro kainos. Ir \u010dia ne vien apie degalus automobiliams reikia kalb\u0117ti, bet ir apie art\u0117jant\u012f \u0161ildymo sezon\u0105, kur daug kam kyla klausim\u0173: o kaip bus, jeigu konfliktas t\u0119sis?<\/p>\n<p>\u2013 I\u0161 tikr\u0173j\u0173 t\u0105 rizikos veiksn\u012f reikia \u012fskai\u010diuoti. Bet stebint daugel\u012f finans\u0173 rink\u0173 ir \u017ealiav\u0173 rink\u0173 indikatori\u0173, \u0161iandien l\u016bkes\u010diai yra tokie, kad pakankamai greitai \u0161itas konfliktas jau tur\u0117t\u0173 i\u0161sispr\u0119sti. Taip pat matome padidint\u0105 Europoje naftos perdirbimo spart\u0105.<\/p>\n<p>\u2013 Tai degalai bent jau tur\u0117t\u0173 pigti?<\/p>\n<p>\u2013 Kol kas ta tendencija yra matoma. Matome ir dyzelino vadinam\u0173j\u0173 pamatini\u0173 indeks\u0173, smukim\u0105. Tai yra i\u0161ties labiau raminanti situacija, negu steb\u0117jome prie\u0161 m\u0117nes\u012f.<\/p>\n","protected":false},"excerpt":{"rendered":"Ar tai pirmieji \u017eenklai, kad teks ver\u017etis dir\u017eus, LNK.lt ai\u0161kino \u201eArtea\u201c banko grup\u0117s vyriausioji ekonomist\u0117 Indr\u0117 Genyt\u0117-Pik\u010dien\u0117. \u2013&hellip;\n","protected":false},"author":2,"featured_media":195635,"comment_status":"","ping_status":"","sticky":false,"template":"","format":"standard","meta":{"footnotes":"","_share_on_mastodon":"0"},"categories":[17],"tags":[81,2233,1768,37,39,4474,36,38,40,9857,46],"class_list":["post-195634","post","type-post","status-publish","format-standard","has-post-thumbnail","category-verslas","tag-business","tag-bvp","tag-infliacija","tag-lietuva","tag-lietuviu","tag-lietuvos-ekonomika","tag-lithuania","tag-lithuanian","tag-lt","tag-pensiju-kaupimas","tag-verslas"],"share_on_mastodon":{"url":"https:\/\/pubeurope.com\/@lt\/116695440488670436","error":""},"_links":{"self":[{"href":"https:\/\/www.europesays.com\/lt\/wp-json\/wp\/v2\/posts\/195634","targetHints":{"allow":["GET"]}}],"collection":[{"href":"https:\/\/www.europesays.com\/lt\/wp-json\/wp\/v2\/posts"}],"about":[{"href":"https:\/\/www.europesays.com\/lt\/wp-json\/wp\/v2\/types\/post"}],"author":[{"embeddable":true,"href":"https:\/\/www.europesays.com\/lt\/wp-json\/wp\/v2\/users\/2"}],"replies":[{"embeddable":true,"href":"https:\/\/www.europesays.com\/lt\/wp-json\/wp\/v2\/comments?post=195634"}],"version-history":[{"count":0,"href":"https:\/\/www.europesays.com\/lt\/wp-json\/wp\/v2\/posts\/195634\/revisions"}],"wp:featuredmedia":[{"embeddable":true,"href":"https:\/\/www.europesays.com\/lt\/wp-json\/wp\/v2\/media\/195635"}],"wp:attachment":[{"href":"https:\/\/www.europesays.com\/lt\/wp-json\/wp\/v2\/media?parent=195634"}],"wp:term":[{"taxonomy":"category","embeddable":true,"href":"https:\/\/www.europesays.com\/lt\/wp-json\/wp\/v2\/categories?post=195634"},{"taxonomy":"post_tag","embeddable":true,"href":"https:\/\/www.europesays.com\/lt\/wp-json\/wp\/v2\/tags?post=195634"}],"curies":[{"name":"wp","href":"https:\/\/api.w.org\/{rel}","templated":true}]}}