{"id":195989,"date":"2026-06-05T12:01:11","date_gmt":"2026-06-05T12:01:11","guid":{"rendered":"https:\/\/www.europesays.com\/lt\/195989\/"},"modified":"2026-06-05T12:01:11","modified_gmt":"2026-06-05T12:01:11","slug":"per-dronu-ataka-pries-laivus-zuvo-5-azerbaidzanieciai","status":"publish","type":"post","link":"https:\/\/www.europesays.com\/lt\/195989\/","title":{"rendered":"Per dron\u0173 atak\u0105 prie\u0161 laivus \u017euvo 5 azerbaid\u017eanie\u010diai"},"content":{"rendered":"<p>Paklausta apie Taganrogo \u012flankoje atakuotus laivus, ministerija nurod\u0117, kad tarp \u012fgul\u0173 nari\u0173 buvo i\u0161 viso 25 Azerbaid\u017eano pilie\u010diai, ta\u010diau laivai es\u0105 nepriklauso Azerbaid\u017eanui. Su\u017eeistieji nugabenti \u012f ligonin\u0119 Rusijos Eisko mieste prie Azovo j\u016bros.<\/p>\n<p>Pasak rus\u0173 valstybin\u0117s \u017einiasklaidos, Rusijos u\u017esienio reikal\u0173 viceministras Michailas Galuzinas d\u0117l incidento apkaltino Ukrain\u0105.<\/p>\n<p>\u201eMes labai tiksliai \u017einome, kas naudoja dronus \u2013 tiek oro, tiek j\u016brinius, kad atakuot\u0173 taikius civilinius laivus Juodosios j\u016bros ir Vidur\u017eemio j\u016bros vandenyse\u201c, \u2013 sak\u0117 jis.<\/p>\n<p>Ukrainos kariuomen\u0117s dron\u0173 dalini\u0173 vadas Robertas Brovdis tinkle \u201eTelegram\u201c prane\u0161\u0117, kad nakt\u012f \u201esmogta penkiems laivams, kurie neteis\u0117tai buvo Mariupolio ir Berdiansko uostuose\u201c Rusijos okupuotoje Ukrainos teritorijos dalyje.<\/p>\n<p>Ta\u010diau  jis nenurod\u0117, ar tarp j\u0173 buvo laivai, kuriuose \u017euvo Azerbaid\u017eano pilie\u010diai. Nuo pernai met\u0173 daug\u0117ja Rusijos ir Ukrainos atak\u0173 prie\u0161 civilinius uostus ir laivus.<\/p>\n<p>Azovo j\u016bra yra Juodosios j\u016bros, su kuria j\u0105 jungia Ker\u010d\u0117s s\u0105siauris, dalis. Azovo j\u016bros \u0161alys yra Ukraina ir Rusija. Ta\u010diau nuo Rusijos invazijos prad\u017eios Ukraina nebeturi prieigos prie jos.<\/p>\n","protected":false},"excerpt":{"rendered":"Paklausta apie Taganrogo \u012flankoje atakuotus laivus, ministerija nurod\u0117, kad tarp \u012fgul\u0173 nari\u0173 buvo i\u0161 viso 25 Azerbaid\u017eano pilie\u010diai,&hellip;\n","protected":false},"author":2,"featured_media":195990,"comment_status":"","ping_status":"","sticky":false,"template":"","format":"standard","meta":{"footnotes":"","_share_on_mastodon":"0"},"categories":[15],"tags":[25,466,30431,30,31,34,35,24,32,33,37,39,36,38,40,23,22,44,28,29,26,27,74,75,76],"class_list":["post-195989","post","type-post","status-publish","format-standard","has-post-thumbnail","category-pasaulis","tag-antrastes","tag-azerbaidzanas","tag-azovo-jura","tag-breaking-news","tag-breakingnews","tag-featured-news","tag-featurednews","tag-headlines","tag-latest-news","tag-latestnews","tag-lietuva","tag-lietuviu","tag-lithuania","tag-lithuanian","tag-lt","tag-naujienos","tag-news","tag-pasaulis","tag-populiariausios-naujienos","tag-populiariausiosnaujienos","tag-top-stories","tag-topstories","tag-world","tag-world-news","tag-worldnews"],"share_on_mastodon":{"url":"https:\/\/pubeurope.com\/@lt\/116697398468793309","error":""},"_links":{"self":[{"href":"https:\/\/www.europesays.com\/lt\/wp-json\/wp\/v2\/posts\/195989","targetHints":{"allow":["GET"]}}],"collection":[{"href":"https:\/\/www.europesays.com\/lt\/wp-json\/wp\/v2\/posts"}],"about":[{"href":"https:\/\/www.europesays.com\/lt\/wp-json\/wp\/v2\/types\/post"}],"author":[{"embeddable":true,"href":"https:\/\/www.europesays.com\/lt\/wp-json\/wp\/v2\/users\/2"}],"replies":[{"embeddable":true,"href":"https:\/\/www.europesays.com\/lt\/wp-json\/wp\/v2\/comments?post=195989"}],"version-history":[{"count":0,"href":"https:\/\/www.europesays.com\/lt\/wp-json\/wp\/v2\/posts\/195989\/revisions"}],"wp:featuredmedia":[{"embeddable":true,"href":"https:\/\/www.europesays.com\/lt\/wp-json\/wp\/v2\/media\/195990"}],"wp:attachment":[{"href":"https:\/\/www.europesays.com\/lt\/wp-json\/wp\/v2\/media?parent=195989"}],"wp:term":[{"taxonomy":"category","embeddable":true,"href":"https:\/\/www.europesays.com\/lt\/wp-json\/wp\/v2\/categories?post=195989"},{"taxonomy":"post_tag","embeddable":true,"href":"https:\/\/www.europesays.com\/lt\/wp-json\/wp\/v2\/tags?post=195989"}],"curies":[{"name":"wp","href":"https:\/\/api.w.org\/{rel}","templated":true}]}}