{"id":195991,"date":"2026-06-05T12:09:14","date_gmt":"2026-06-05T12:09:14","guid":{"rendered":"https:\/\/www.europesays.com\/lt\/195991\/"},"modified":"2026-06-05T12:09:14","modified_gmt":"2026-06-05T12:09:14","slug":"juokiasi-is-salia-macrono-pozavusio-futbolininko","status":"publish","type":"post","link":"https:\/\/www.europesays.com\/lt\/195991\/","title":{"rendered":"Juokiasi i\u0161 \u0161alia Macrono pozavusio futbolininko"},"content":{"rendered":"<p>Stov\u0117jo ne\u012fprasta poza<\/p>\n<p>Rinktinei susirinkus Clairefontaine nacionaliniame futbolo centre tradicinei ceremonijai, atmosfera tur\u0117jo b\u016bti kupina nacionalinio pasidid\u017eiavimo. <\/p>\n<p>Vis d\u0117lto socialini\u0173 tinkl\u0173 vartotoj\u0173 d\u0117mes\u012f greitai patrauk\u0117 22 met\u0173 saugas, oficialioje komandos nuotraukoje u\u017efiksuotas pirmoje eil\u0117je itin ne\u012fprasta ir gana nepatogia poza.<\/p>\n<p>Nuotraukoje, kuri buvo pasidalinta \u012fvairiose oficialiose platformose, Rayanas Cherki matomas apatiniame de\u0161iniajame kadro kampe, \u012fsitemp\u0119s ir prit\u016bp\u0119s ne\u012fprastoje pozicijoje. <\/p>\n<p>Kol komandos draugai stov\u0117jo nat\u016braliai, \u201e<a rel=\"noopener nofollow\" target=\"_blank\" href=\"https:\/\/www.delfi.lt\/temos\/manchester-city-0\" tag-id=\"54273471\">Manchester City<\/a>\u201c <a rel=\"noopener nofollow\" target=\"_blank\" href=\"https:\/\/www.delfi.lt\/temos\/futbolininkas\" tag-id=\"64237802\">futbolininko<\/a> sustingusi laikysena internete suk\u0117l\u0117 tikr\u0105 juoko bang\u0105.<\/p>\n<p>\u0160i\u0105 poz\u0105 galite pamatyti \u010dia:<\/p>\n<p>Interneto vartotojai netruko sureaguoti \u012f ne\u012fprast\u0105 situacij\u0105 \u2013 nuotrauka per kelias minutes sulauk\u0117 t\u016bkstan\u010di\u0173 pasidalijim\u0173 ir patiktuk\u0173. <\/p>\n<p>Vienas gerb\u0117jas platformoje \u201eX\u201c klaus\u0117: \u201eAr Cherki viskas gerai?\u201c, o kitas steb\u0117josi: \u201eK\u0105 Cherki ten daro? Kas \u010dia per poza?\u201c<\/p>\n<p>Juokai t\u0119s\u0117si ir toliau, kai internautai \u0117m\u0117 kurti \u012fvairias teorijas, kod\u0117l futbolininkas atrod\u0117 taip nepatogiai. <\/p>\n<p>\u201ePra\u0161au, leiskite Cherki nueiti \u012f tualet\u0105\u201c, \u2013 juokavo vienas komentatorius. <\/p>\n<p>Kitas atsiduso: \u201eAr Cherki bent kart\u0105 gali tur\u0117ti visi\u0161kai normal\u0173 moment\u0105?\u201c<\/p>\n<p>Kai kurie gerb\u0117jai sp\u0117jo, kad kra\u0161to puol\u0117jas tiesiog steng\u0117si pasilenkti \u017eemiau, kad neu\u017estot\u0173 u\u017e jo stovin\u010di\u0173 komandos draug\u0173.<\/p>\n","protected":false},"excerpt":{"rendered":"Stov\u0117jo ne\u012fprasta poza Rinktinei susirinkus Clairefontaine nacionaliniame futbolo centre tradicinei ceremonijai, atmosfera tur\u0117jo b\u016bti kupina nacionalinio pasidid\u017eiavimo. Vis&hellip;\n","protected":false},"author":2,"featured_media":195992,"comment_status":"","ping_status":"","sticky":false,"template":"","format":"standard","meta":{"footnotes":"","_share_on_mastodon":"0"},"categories":[19],"tags":[1722,4824,37,39,36,38,40,5110,47,104],"class_list":["post-195991","post","type-post","status-publish","format-standard","has-post-thumbnail","category-sportas","tag-manchester-city","tag-futbolininkas","tag-lietuva","tag-lietuviu","tag-lithuania","tag-lithuanian","tag-lt","tag-pasaulio-futbolo-cempionatas","tag-sportas","tag-sports"],"share_on_mastodon":{"url":"https:\/\/pubeurope.com\/@lt\/116697429612375982","error":""},"_links":{"self":[{"href":"https:\/\/www.europesays.com\/lt\/wp-json\/wp\/v2\/posts\/195991","targetHints":{"allow":["GET"]}}],"collection":[{"href":"https:\/\/www.europesays.com\/lt\/wp-json\/wp\/v2\/posts"}],"about":[{"href":"https:\/\/www.europesays.com\/lt\/wp-json\/wp\/v2\/types\/post"}],"author":[{"embeddable":true,"href":"https:\/\/www.europesays.com\/lt\/wp-json\/wp\/v2\/users\/2"}],"replies":[{"embeddable":true,"href":"https:\/\/www.europesays.com\/lt\/wp-json\/wp\/v2\/comments?post=195991"}],"version-history":[{"count":0,"href":"https:\/\/www.europesays.com\/lt\/wp-json\/wp\/v2\/posts\/195991\/revisions"}],"wp:featuredmedia":[{"embeddable":true,"href":"https:\/\/www.europesays.com\/lt\/wp-json\/wp\/v2\/media\/195992"}],"wp:attachment":[{"href":"https:\/\/www.europesays.com\/lt\/wp-json\/wp\/v2\/media?parent=195991"}],"wp:term":[{"taxonomy":"category","embeddable":true,"href":"https:\/\/www.europesays.com\/lt\/wp-json\/wp\/v2\/categories?post=195991"},{"taxonomy":"post_tag","embeddable":true,"href":"https:\/\/www.europesays.com\/lt\/wp-json\/wp\/v2\/tags?post=195991"}],"curies":[{"name":"wp","href":"https:\/\/api.w.org\/{rel}","templated":true}]}}