{"id":196146,"date":"2026-06-05T15:15:21","date_gmt":"2026-06-05T15:15:21","guid":{"rendered":"https:\/\/www.europesays.com\/lt\/196146\/"},"modified":"2026-06-05T15:15:21","modified_gmt":"2026-06-05T15:15:21","slug":"lff-kirtis-riteriams-bauda-is-ii-lygos-ismesti-dubleriai","status":"publish","type":"post","link":"https:\/\/www.europesays.com\/lt\/196146\/","title":{"rendered":"LFF kirtis \u201eRiteriams\u201c: bauda, i\u0161 II lygos i\u0161mesti dubleriai"},"content":{"rendered":"<p>LFF Drausm\u0117s komitetas gavo informacij\u0105, kad FK \u201eRiteriai B\u201c neatvyko \u012f LFF II lygos A diviziono pirmenybi\u0173 2 turo rungtynes su FK Sirijus komanda, kurios tur\u0117jo vykti 2026-02-21.<\/p>\n<p>V\u0117liau LFF Drausm\u0117s komitetas taip pat gavo informacij\u0105, kad FK \u201eRiteriai B\u201c taip pat neatvyko ir \u012f LFF II lygos A diviziono pirmenybi\u0173 11 turo rungtynes su FK \u201e\u0160ilut\u0117\u201c komanda, kurios tur\u0117jo vykti 2026-05-30.<\/p>\n<p>Drausm\u0117s komitetui buvo pateikti klubo atstovo paai\u0161kinimai, d\u0117l ko komanda neatvyko \u012f abejas rungtynes, ta\u010diau, Drausm\u0117s komiteto vertinimu, klubas nepateik\u0117 pateisinam\u0173 prie\u017eas\u010di\u0173, d\u0117l kuri\u0173 Klubo komanda FK \u201eRiteriai B\u201c neatvyko \u012f abejas \u0161iame prane\u0161ime minimas rungtynes.<\/p>\n<p>Atsi\u017evelgdamas \u012f visas aplinkybes, LFF Drausm\u0117s komitetas nusprend\u0117:<\/p>\n<p>\u2013 Skirti \u201eRiteri\u0173\u201c klubui 2000 Eur (dviej\u0173 t\u016bkstan\u010di\u0173 eur\u0173) dyd\u017eio baud\u0105;<\/p>\n<p>\u2013 Skirti klubo komandai \u201eRiteriai B\u201c pa\u0161alinimo i\u0161 var\u017eyb\u0173 (LFF II lygos A diviziono pirmenybi\u0173) sankcij\u0105. Visi FK \u201eRiteriai B\u201c komandos pasiekti rezultatai (visa rungtyni\u0173 statistika), i\u0161skyrus rungtyni\u0173 drausmines nuobaudas, LFF II lygos A diviziono pirmenyb\u0117se anuliuojami.<\/p>\n<p>Apeliacinis skundas d\u0117l \u0161io LFF Drausm\u0117s komiteto sprendimo, gali b\u016bti pateikiamas LFF Apeliaciniam komitetui Drausm\u0117s kodekse nustatyta tvarka ne v\u0117liau kaip per 7 (septynias) dienas nuo \u0161io sprendimo \u012fteikimo dienos. Apeliacinis skundas turi atitikti Kodekse nustatytus reikalavimus.<\/p>\n<p>\u201e\u0160iuo atveju, atsi\u017evelgiant \u012f komandos padarytus drausminius nusi\u017eengimus bei var\u017eyb\u0173 nuostatus, Drausm\u0117s komitetas pri\u0117m\u0117 sprendim\u0105 \u0161alinti \u201eRiteri\u0173\u201c komandos dubleri\u0173 ekip\u0105 i\u0161 tolimesni\u0173 LFF II lygos kov\u0173.<\/p>\n<p>\u017dmogi\u0161kai gaila jaun\u0173j\u0173 komandos \u017eaid\u0117j\u0173, kurie d\u0117l oficiali\u0173 komandos asmen\u0173 aplaidumo neteko galimyb\u0117s toliau t\u0119sti \u0161io \u010dempionato ir \u012fgauti reikalingos patirties vyr\u0173 futbole.<\/p>\n<p>    <img decoding=\"async\" src=\"https:\/\/www.europesays.com\/lt\/wp-content\/uploads\/2026\/06\/124020cb-6697-415a-a434-10bd45fe0a85.jpg\" loading=\"lazy\" alt=\"Edgaras Stankevi\u010dius\"\/>    <\/p>\n<p>\u0160is sprendimas gali tur\u0117ti \u012ftakos ir pagrindin\u0117s komandos atei\u010diai. \u0160iuo metu \u201eRiteri\u0173\u201c klubas negali registruoti nauj\u0173 \u017eaid\u0117j\u0173, o kritin\u0117 data yra bir\u017eelio 15-oji \u2013 jeigu iki to laiko naujasis klubo savininkas padengs visus \u012fsiskolinimus, Vykdomasis komitetas spr\u0119s d\u0117l galimyb\u0117s leisti klubui t\u0119sti pasirodym\u0105 TOPLYGOS pirmenyb\u0117se\u201c, \u2013 teig\u0117 LFF vadovas.<\/p>\n","protected":false},"excerpt":{"rendered":"LFF Drausm\u0117s komitetas gavo informacij\u0105, kad FK \u201eRiteriai B\u201c neatvyko \u012f LFF II lygos A diviziono pirmenybi\u0173 2&hellip;\n","protected":false},"author":2,"featured_media":196147,"comment_status":"","ping_status":"","sticky":false,"template":"","format":"standard","meta":{"footnotes":"","_share_on_mastodon":"0"},"categories":[19],"tags":[8147,5034,37,39,36,38,40,47,104,1113],"class_list":["post-196146","post","type-post","status-publish","format-standard","has-post-thumbnail","category-sportas","tag-edgaras-stankevicius","tag-lff","tag-lietuva","tag-lietuviu","tag-lithuania","tag-lithuanian","tag-lt","tag-sportas","tag-sports","tag-vilniaus-riteriai"],"share_on_mastodon":{"url":"https:\/\/pubeurope.com\/@lt\/116698161272823176","error":""},"_links":{"self":[{"href":"https:\/\/www.europesays.com\/lt\/wp-json\/wp\/v2\/posts\/196146","targetHints":{"allow":["GET"]}}],"collection":[{"href":"https:\/\/www.europesays.com\/lt\/wp-json\/wp\/v2\/posts"}],"about":[{"href":"https:\/\/www.europesays.com\/lt\/wp-json\/wp\/v2\/types\/post"}],"author":[{"embeddable":true,"href":"https:\/\/www.europesays.com\/lt\/wp-json\/wp\/v2\/users\/2"}],"replies":[{"embeddable":true,"href":"https:\/\/www.europesays.com\/lt\/wp-json\/wp\/v2\/comments?post=196146"}],"version-history":[{"count":0,"href":"https:\/\/www.europesays.com\/lt\/wp-json\/wp\/v2\/posts\/196146\/revisions"}],"wp:featuredmedia":[{"embeddable":true,"href":"https:\/\/www.europesays.com\/lt\/wp-json\/wp\/v2\/media\/196147"}],"wp:attachment":[{"href":"https:\/\/www.europesays.com\/lt\/wp-json\/wp\/v2\/media?parent=196146"}],"wp:term":[{"taxonomy":"category","embeddable":true,"href":"https:\/\/www.europesays.com\/lt\/wp-json\/wp\/v2\/categories?post=196146"},{"taxonomy":"post_tag","embeddable":true,"href":"https:\/\/www.europesays.com\/lt\/wp-json\/wp\/v2\/tags?post=196146"}],"curies":[{"name":"wp","href":"https:\/\/api.w.org\/{rel}","templated":true}]}}