{"id":196250,"date":"2026-06-05T18:13:13","date_gmt":"2026-06-05T18:13:13","guid":{"rendered":"https:\/\/www.europesays.com\/lt\/196250\/"},"modified":"2026-06-05T18:13:13","modified_gmt":"2026-06-05T18:13:13","slug":"ukraina-pirmoji-privati-oro-gynyba-jau-veikia-respublika-lt","status":"publish","type":"post","link":"https:\/\/www.europesays.com\/lt\/196250\/","title":{"rendered":"Ukraina: pirmoji \u201eprivati oro gynyba\u201c jau veikia &#8211; Respublika.lt"},"content":{"rendered":"<p style=\"text-align: justify;\" class=\"desktop_banner\">\u00a0<\/p>\n<p>Prad\u017ei\u0173 prad\u017eia<\/p>\n<p>2025 m. bir\u017eel\u012f ministr\u0173 kabinetas prad\u0117jo bandom\u0105j\u012f projekt\u0105. Realizuojant j\u012f keli\u0173 kategorij\u0173 pilie\u010diai, kuriems netaikoma mobilizacija (moterys, veteranai, 18-25 met\u0173 vyrai, su\u017eeisti kariai), gal\u0117jo sudaryti trej\u0173 met\u0173 sutart\u012f su teritorin\u0117mis savanori\u0173 formacijomis ir ginti Ukrainos dang\u0173 &#8211; vietos bendruomeni\u0173, o ne valstyb\u0117s pinigais.<\/p>\n<p>2025 m. lapkrit\u012f eksperimentas buvo i\u0161pl\u0117stas: vis\u0173 nuosavyb\u0117s form\u0173 \u012fmon\u0117s, \u012fskaitant priva\u010dias, gavo teis\u0119 kurti savo oro gynybos grupes.<\/p>\n<p>2026 m. kov\u0105 joms buvo leista laikinai i\u0161duoti ginklus bei \u0161audmenis ir projektas \u0117m\u0117 veikti prakti\u0161kai. Jis truks iki 2027 m. lapkri\u010dio 22 d.<\/p>\n<p>Po to Ukrainos gynybos ministerija pateiks vyriausybei ataskait\u0105.<\/p>\n<p>Ministerijos leidim\u0105 gavo ma\u017edaug 30 \u012fmoni\u0173, dar 10 yra integruotos \u012f nacionalin\u0119 oro gynybos sistem\u0105.<\/p>\n<p>\u201eTiesa, \u0161iuo metu tik kiek ma\u017eiau nei pus\u0117 j\u0173 tiesiogiai atlieka kovin\u0119 tarnyb\u0105. Likusios yra sutar\u010di\u0173 pasira\u0161ymo, \u012frangos pirkimo, personalo mokymo ir derinimo su Ukrainos oro paj\u0117g\u0173 vadovybe etape&#8221;, &#8211; sakoma straipsnyje.<\/p>\n<p>\u201ePriva\u010dios oro gynybos&#8221; atsiradimo Ukrainoje id\u0117ja priklauso Ukrainos ginkluot\u0173j\u0173 paj\u0117g\u0173 vyriausiojo vado pavaduotojui generolui Andrijui Lebedenko.<\/p>\n<p>Pasak jo, laikui b\u0117gant saugotin\u0173 objekt\u0173 skai\u010dius augo, o esam\u0173 oro gynybos sistem\u0173 nebepakako.<\/p>\n<p>\u201eTapo ai\u0161ku, kad simetri\u0161kas atsakas \u012f \u0161i\u0105 gr\u0117sm\u0119 neveikia, tod\u0117l nusprend\u0117me elgtis asimetri\u0161kai&#8221;, &#8211; patikslino A.Lebedenko.<\/p>\n<p>Kaip viskas vyksta<\/p>\n<p>Nor\u0117dama suformuoti oro gynybos padalin\u012f, \u012fmon\u0117 pateikia pra\u0161ym\u0105 Gynybos ministerijai. Jame nurodo informacij\u0105 apie \u012fmon\u0119, valdym\u0105, \u012frangos laikymui tinkan\u010dius sand\u0117lius ir turt\u0105, pasirengim\u0105 \u012fsigyti oro gynybos sistemas.<\/p>\n<p>Darbuotojai privalo praeiti psichiatrin\u0119 ir narkologin\u0119 ekspertiz\u0119, netur\u0117ti teistumo, sveikatos apribojim\u0173 ir ry\u0161i\u0173 su Rusija ar sankcionuotais asmenimis.<\/p>\n<p>Priva\u010dios komandos neveikia savaranki\u0161kai, jas koordinuoja Karini\u0173 oro paj\u0117g\u0173 vadovyb\u0117. Ji i\u0161duoda taikini\u0173 koordinates, prieig\u0105 prie oro erdv\u0117s steb\u0117jimo sistem\u0173 ir leid\u017eia atidengti ugn\u012f.<\/p>\n<p>\u201ePriva\u010dios paj\u0117gos papildo karini\u0173 oro paj\u0117g\u0173 sistem\u0105. Jos veikia pana\u0161iu principu kaip priva\u010dios apsaugos \u012fmon\u0117s. Mes turime policij\u0105, bet tvark\u0105 palaiko ir priva\u010dios agent\u016bros. I\u0161 esm\u0117s, privati oro gynyba &#8211; ta pati apsaugos \u012fmon\u0117, tik ji saugo ne \u017eem\u0117s perimetr\u0105, o oro erdv\u0119&#8221;,- paai\u0161kino A.Lebedenko.<\/p>\n<p>BBC atkreip\u0117 d\u0117mes\u012f \u012f tai, kad tarp leidim\u0105 gavusi\u0173 bei dirbti prad\u0117jusi\u0173 buvo \u012fmon\u0117 \u201eCarmine Sky&#8221;, kurios vadovas Jegoras Kornijenko yra ilgametis gynybos ministro Michailo Fedorovo draugas.<\/p>\n<p>J.Kornijenko neig\u0117, kad M.Fedorovas jam pad\u0117jo. Pasak verslininko, jis pateik\u0117 pra\u0161ym\u0105 dar prie\u0161 paskiriant pastar\u0105j\u012f ministru.<\/p>\n<p>Ta\u010diau kai M.Fedorovas kovo 30 d. paskelb\u0117 apie \u201epriva\u010di\u0105 oro gynyb\u0105&#8221;, jis socialiniuose tinkluose pavie\u0161ino vaizdo \u012fra\u0161\u0105, kuriame buvo u\u017efiksuota b\u016btent \u201eCarmine Sky&#8221; veikla.<\/p>\n<p>Tarp kit\u0173 projekto kandidat\u0173 minimi \u201eUkrzaliznytsia&#8221;, \u201eUkrenergo&#8221; ir korporacijos \u201eRoshen&#8221; \u201eVinicos konditerijos gamykla&#8221;, priklausanti buvusiam Ukrainos prezidentui Petro Poro\u0161enkai.<\/p>\n<p>I\u0161 kur ginklai<\/p>\n<p>Operatoriai turi teis\u0119 savaranki\u0161kai \u012fsigyti elektronin\u0117s kovos \u012frang\u0105, bok\u0161telius, kulkosvaid\u017eius, dronus per\u0117m\u0117jus ir radarus &#8211; pastarieji turi b\u016bti integruoti \u012f oro paj\u0117g\u0173 sistem\u0105.<\/p>\n<p>Pasak vienos i\u0161 projekte dalyvaujan\u010di\u0173 \u012fmoni\u0173 atstovo, dalis ginkl\u0173 gaunama i\u0161 valstyb\u0117s: bud\u0117jimui jie apr\u016bpinami radarais, ne\u0161iojamomis oro gynybos sistemomis ir \u0161aunamaisiais ginklais.<\/p>\n<p>Kovo 2 d. Ukrainos ministr\u0173 kabineto nutarimas leid\u017eia karini\u0173 oro paj\u0117g\u0173 vadovybei perduoti \u012frang\u0105 ir amunicij\u0105 privatiems asmenims.<\/p>\n<p>Viskas gr\u0105\u017einama per tris dienas po u\u017eduoties atlikimo; kritinis liku\u010di\u0173 kiekis turi sudaryti 50 proc. pradinio t\u016brio. Ukrainos ginkluotosios paj\u0117gos rekomenduoja, bet ne\u012fpareigoja naudoti konkre\u010dius ginklus.<\/p>\n<p>Kiek tai kainuoja<\/p>\n<p>\u201ePriva\u010dios oro gynybos&#8221; paslaugos gali kainuoti milijonus grivin\u0173 per m\u0117nes\u012f, nors bendrov\u0117s konkre\u010di\u0173 skai\u010di\u0173 ne\u012fvardija.<\/p>\n<p>Pasak vieno i\u0161 BBC pa\u0161nekov\u0173, i\u0161laidos oro gynybai vidutini\u0161kai siekia 2-7 proc. nuo dron\u0173 atak\u0173 pridarom\u0173 nuostoli\u0173.<\/p>\n<p>\u201eForbes Ukraine&#8221; duomenimis, pradin\u0117s investicijos \u012f vieno objekto saugum\u0105, atsi\u017evelgiant \u012f \u012frang\u0105, infrastrukt\u016br\u0105, sistemos diegim\u0105 ir personalo darb\u0105, prasideda nuo 20 mln. grivin\u0173. Vienas i\u0161 rinkos dalyvi\u0173 saugojimo kain\u0105 \u012fvertino apie 10 proc. nuo objekto kainos.<\/p>\n<p>\u201eAr oro paj\u0117gos patenkintos \u0161iuo eksperimentu? Manau, kad taip&#8221;, &#8211; apibendrino A.Lebedenko.<\/p>\n<p>Pasak jo, rugs\u0117jo prad\u017eioje Ukrainos ginkluotosios paj\u0117gos ir Gynybos ministerija parengs tarpin\u0119 projekto efektyvumo ataskait\u0105.<\/p>\n<p>Ukrainos vald\u017eia tikisi, kad susidom\u0117jimas eksperimentu augs ir pik\u0105 pasieks vasar\u0105. Be to, ateityje pilnas mobilios oro apsaugos paslaug\u0173 paketas gali sudominti u\u017esienio klientus.<\/p>\n<p>Darosi vis aktualiau<\/p>\n<p>Ankstyv\u0105 antradienio ryt\u0105 Rusija smog\u0117 Ukrainai \u0161imtais dron\u0173 ir de\u0161imtimis raket\u0173. Per atakas visoje \u0161alyje \u017euvo ma\u017eiausiai 23 \u017emon\u0117s. Jos \u012fvyko pra\u0117jus kelioms dienoms po Rusijos grasinim\u0173 surengti didelio masto sm\u016bg\u012f ir \u012fsp\u0117jimo u\u017esienie\u010diams palikti Kijev\u0105.<\/p>\n<p>\u017duvusi\u0173j\u0173 per rus\u0173 dron\u0173 ir raket\u0173 antskryd\u012f Ukrainos sostin\u0117je skai\u010dius i\u0161augo iki septyni\u0173, dar 89 asmenys \u0161io i\u0161puolio metu buvo su\u017eeisti. Apie tai platformoje \u201eTelegram&#8221; prane\u0161\u0117 miesto meras Vitalijus Kli\u010dko.<\/p>\n<p>Dnepro miesto gyvenamajame rajone, kuriam nakt\u012f smog\u0117 Rusijos raketos, baigtos paie\u0161kos ir gelb\u0117jimo operacijos. Per atak\u0105 \u017euvo 16 \u017emoni\u0173, o dar 42 buvo su\u017eeisti.<\/p>\n<p>Ukrainos oro gynybos paj\u0117gos \u201eTelegram&#8221; kanale nurod\u0117, kad per gegu\u017e\u0119 sunaikino daugiau kaip 57 t\u016bkst. Rusijos oro taikini\u0173.<\/p>\n<p>Tre\u010diadien\u012f Rusija prane\u0161\u0117 numu\u0161usi link Maskvos art\u0117jusius ir vir\u0161 Leningrado srities pasteb\u0117tus dronus. V\u0117liau pasirod\u0117 informacija, kad ataka prie\u0161 Sankt Peterburg\u0105 bei Leningrado srit\u012f t\u0119siasi, nukent\u0117jo infrastrukt\u016bros objektai, \u012fskaitant naftos terminal\u0105, yra su\u017eeist\u0173j\u0173.<\/p>\n<p>Ukrainai surengus nauj\u0105 antpuol\u012f prie\u0161 Rusij\u0105, vakar anksti ryte Latvijos ir Estijos vald\u017eios institucijoms teko persp\u0117ti gyventojus apie galim\u0105 oro pavoj\u0173. Apie 6 val. pavojus abejose \u0161alyse buvo at\u0161auktas.<\/p>\n","protected":false},"excerpt":{"rendered":"\u00a0 Prad\u017ei\u0173 prad\u017eia 2025 m. bir\u017eel\u012f ministr\u0173 kabinetas prad\u0117jo bandom\u0105j\u012f projekt\u0105. Realizuojant j\u012f keli\u0173 kategorij\u0173 pilie\u010diai, kuriems netaikoma&hellip;\n","protected":false},"author":2,"featured_media":196251,"comment_status":"","ping_status":"","sticky":false,"template":"","format":"standard","meta":{"footnotes":"","_share_on_mastodon":"0"},"categories":[15],"tags":[25,30,31,267,34,35,17761,225,224,24,20512,32,33,30457,37,39,36,38,40,23,22,44,28,29,6086,30456,26,27,360,74,75,76],"class_list":["post-196250","post","type-post","status-publish","format-standard","has-post-thumbnail","category-pasaulis","tag-antrastes","tag-breaking-news","tag-breakingnews","tag-dronai","tag-featured-news","tag-featurednews","tag-fedorovas","tag-ginklai","tag-gynyba","tag-headlines","tag-kornijenko","tag-latest-news","tag-latestnews","tag-lebedenko","tag-lietuva","tag-lietuviu","tag-lithuania","tag-lithuanian","tag-lt","tag-naujienos","tag-news","tag-pasaulis","tag-populiariausios-naujienos","tag-populiariausiosnaujienos","tag-porosenka","tag-privati","tag-top-stories","tag-topstories","tag-ukraina","tag-world","tag-world-news","tag-worldnews"],"share_on_mastodon":{"url":"https:\/\/pubeurope.com\/@lt\/116698861145485517","error":""},"_links":{"self":[{"href":"https:\/\/www.europesays.com\/lt\/wp-json\/wp\/v2\/posts\/196250","targetHints":{"allow":["GET"]}}],"collection":[{"href":"https:\/\/www.europesays.com\/lt\/wp-json\/wp\/v2\/posts"}],"about":[{"href":"https:\/\/www.europesays.com\/lt\/wp-json\/wp\/v2\/types\/post"}],"author":[{"embeddable":true,"href":"https:\/\/www.europesays.com\/lt\/wp-json\/wp\/v2\/users\/2"}],"replies":[{"embeddable":true,"href":"https:\/\/www.europesays.com\/lt\/wp-json\/wp\/v2\/comments?post=196250"}],"version-history":[{"count":0,"href":"https:\/\/www.europesays.com\/lt\/wp-json\/wp\/v2\/posts\/196250\/revisions"}],"wp:featuredmedia":[{"embeddable":true,"href":"https:\/\/www.europesays.com\/lt\/wp-json\/wp\/v2\/media\/196251"}],"wp:attachment":[{"href":"https:\/\/www.europesays.com\/lt\/wp-json\/wp\/v2\/media?parent=196250"}],"wp:term":[{"taxonomy":"category","embeddable":true,"href":"https:\/\/www.europesays.com\/lt\/wp-json\/wp\/v2\/categories?post=196250"},{"taxonomy":"post_tag","embeddable":true,"href":"https:\/\/www.europesays.com\/lt\/wp-json\/wp\/v2\/tags?post=196250"}],"curies":[{"name":"wp","href":"https:\/\/api.w.org\/{rel}","templated":true}]}}