{"id":196489,"date":"2026-06-06T06:00:12","date_gmt":"2026-06-06T06:00:12","guid":{"rendered":"https:\/\/www.europesays.com\/lt\/196489\/"},"modified":"2026-06-06T06:00:12","modified_gmt":"2026-06-06T06:00:12","slug":"vitalijus-digrevicius-reikalingas-karo-ministras-respublika-lt","status":"publish","type":"post","link":"https:\/\/www.europesays.com\/lt\/196489\/","title":{"rendered":"Vitalijus DIGREVI\u010cIUS: Reikalingas karo ministras &#8211; Respublika.lt"},"content":{"rendered":"<p><img loading=\"lazy\" decoding=\"async\" src=\"https:\/\/www.respublika.lt\/lt\/naujienos\/nuomones_ir_komentarai\/isklausyk-respublika\/vitalijus-digrevicius-reikalingas-karo-ministras\/images\/ico_camera_white.gif\" class=\"camera\" width=\"22\" height=\"15\" alt=\"nuotr.\" style=\"position:relative; top:-2px; right:2px;\"\/> 1 nuotr.<\/p>\n<p>Asociatyvi magnific.com nuotr.<\/p>\n<p style=\"text-align: justify;\" class=\"desktop_banner\">\u00a0<\/p>\n<p>Lietuvos vald\u017eia<\/p>\n<p>D\u0117l karo ministro posto steigimo<\/p>\n<p>Nesibaigiant dron\u0173 ir balion\u0173 atakoms \u012f gimt\u0105 \u0161al\u012f, negaunant nupirkt\u0173 leopard\u0173 ir nepasta\u010dius sviedini\u0173 jiems gamyklos Lietuvos jungtin\u0117 vald\u017eia steigia karo ministro post\u0105 ir skelbia paprastut\u012f vie\u0161\u0105 konkurs\u0105 \u0161iai k\u0117dei u\u017eimti.<\/p>\n<p>Reikalavimai kandidatams:<\/p>\n<p>\u2022 Mok\u0117ti lietuvi\u0173 kalb\u0105 bent C lygiu;<\/p>\n<p>\u2022 Tur\u0117ti leidim\u0105 gyventi Lietuvos teritorijoje bent tris metus;<\/p>\n<p>\u2022 Tur\u0117ti karin\u0119 patirt\u012f, i\u0161skyrus tarnyb\u0105 soviet\u0173 armijoje;<\/p>\n<p>\u2022 I\u0161manyti meteorologini\u0173 balion\u0173 prip\u016btimo technik\u0105;<\/p>\n<p>\u2022 B\u016bti baigusiems gra\u017ebylyst\u0117s kursus (bent prad\u017eiamoksl\u012f);<\/p>\n<p>\u2022 Tur\u0117ti pa\u017ein\u010di\u0173 valdan\u010diosiose karin\u0117se strukt\u016brose;<\/p>\n<p>\u2022 Mok\u0117ti naudotis kardu ir arkliu parad\u0173 metu;<\/p>\n<p>\u2022 Tur\u0117ti nuosav\u0105, ministrui pritinkan\u010di\u0105, uniform\u0105 ir batus;<\/p>\n<p>\u2022 B\u016bti lojaliam NATO, USA, PSO ir koalicijai.<\/p>\n<p>Am\u017eius neribojamas. Bet koks i\u0161silavinimas bus laikomas prioritetu konkurse.<\/p>\n<p>Anketas CV si\u0173sti kuo grei\u010diau.<\/p>\n<p>Dalyvio konkurse CV anketos pavyzdys:<\/p>\n<p>\u201eEsu Viktoras \u017demkasis-Zemliakopas, imigrav\u0119s \u012f Lietuv\u0105 2014 metais ir turintis teis\u0119 gyventi iki gyvos galvos su apsauga. Bi\u0161k\u012f moku gramatikos. Esu komunikabilus, prie \u010dierkos susikalbu su kitais draugais. Dalyvavau keliose karo misijose, tik nesakysiu kokioj armijoj d\u0117l paslapties pasira\u0161ymo, esu dr\u0105sus &#8211; esu \u0117j\u0119s su granata prie\u0161 tank\u0105, tai dron\u0173 tikrai nebijau. Turiu likus\u012f kitel\u012f be atpa\u017einimo \u017eenkl\u0173. Vaikyst\u0117j su chebra da\u017enai \u017eaisdami p\u016btin\u0117dami prezervatyvus, daba an\u016bkams balionus, tai patirties oro p\u016btime tikrai turiu. Daba dirbu pas \u016bkinink\u0105 su kumele Astra Zeneca, kard\u0105 \u017eadu gauti tarnyboje. Mano \u0161vogerio pusbrolis da\u017enai \u201etrinasi&#8221; prie kra\u0161to apsaugos kanceliarijos, \u017emona irgi pensinink\u0117, populiarios partijos nar\u0117. Kartu su Lietuva esu NATO narys. I\u0161silavinimas &#8211; tarp nebaigto ir auk\u0161tesniojo u\u017esienio valstyb\u0117je (nesakysiu kurioje). Labai pra\u0161au priimti \u012f ministrus&#8221;.<\/p>\n","protected":false},"excerpt":{"rendered":"1 nuotr. Asociatyvi magnific.com nuotr. \u00a0 Lietuvos vald\u017eia D\u0117l karo ministro posto steigimo Nesibaigiant dron\u0173 ir balion\u0173 atakoms&hellip;\n","protected":false},"author":2,"featured_media":196490,"comment_status":"","ping_status":"","sticky":false,"template":"","format":"standard","meta":{"footnotes":"","_share_on_mastodon":"0"},"categories":[13],"tags":[25,30,31,374,34,35,4085,24,1559,3910,32,33,37,39,36,38,40,2051,23,22,28,29,26,27,30476],"class_list":["post-196489","post","type-post","status-publish","format-standard","has-post-thumbnail","category-lietuva","tag-antrastes","tag-breaking-news","tag-breakingnews","tag-digrevicius","tag-featured-news","tag-featurednews","tag-feljetonas","tag-headlines","tag-karo","tag-konkursas","tag-latest-news","tag-latestnews","tag-lietuva","tag-lietuviu","tag-lithuania","tag-lithuanian","tag-lt","tag-ministras","tag-naujienos","tag-news","tag-populiariausios-naujienos","tag-populiariausiosnaujienos","tag-top-stories","tag-topstories","tag-viesas"],"share_on_mastodon":{"url":"https:\/\/pubeurope.com\/@lt\/116701641164289320","error":""},"_links":{"self":[{"href":"https:\/\/www.europesays.com\/lt\/wp-json\/wp\/v2\/posts\/196489","targetHints":{"allow":["GET"]}}],"collection":[{"href":"https:\/\/www.europesays.com\/lt\/wp-json\/wp\/v2\/posts"}],"about":[{"href":"https:\/\/www.europesays.com\/lt\/wp-json\/wp\/v2\/types\/post"}],"author":[{"embeddable":true,"href":"https:\/\/www.europesays.com\/lt\/wp-json\/wp\/v2\/users\/2"}],"replies":[{"embeddable":true,"href":"https:\/\/www.europesays.com\/lt\/wp-json\/wp\/v2\/comments?post=196489"}],"version-history":[{"count":0,"href":"https:\/\/www.europesays.com\/lt\/wp-json\/wp\/v2\/posts\/196489\/revisions"}],"wp:featuredmedia":[{"embeddable":true,"href":"https:\/\/www.europesays.com\/lt\/wp-json\/wp\/v2\/media\/196490"}],"wp:attachment":[{"href":"https:\/\/www.europesays.com\/lt\/wp-json\/wp\/v2\/media?parent=196489"}],"wp:term":[{"taxonomy":"category","embeddable":true,"href":"https:\/\/www.europesays.com\/lt\/wp-json\/wp\/v2\/categories?post=196489"},{"taxonomy":"post_tag","embeddable":true,"href":"https:\/\/www.europesays.com\/lt\/wp-json\/wp\/v2\/tags?post=196489"}],"curies":[{"name":"wp","href":"https:\/\/api.w.org\/{rel}","templated":true}]}}