{"id":196595,"date":"2026-06-06T09:15:24","date_gmt":"2026-06-06T09:15:24","guid":{"rendered":"https:\/\/www.europesays.com\/lt\/196595\/"},"modified":"2026-06-06T09:15:24","modified_gmt":"2026-06-06T09:15:24","slug":"penki-azerbaidzano-pilieciai-zuvo-per-dronu-ataka-pries-laivus-azovo-juroje-respublika-lt","status":"publish","type":"post","link":"https:\/\/www.europesays.com\/lt\/196595\/","title":{"rendered":"Penki Azerbaid\u017eano pilie\u010diai \u017euvo per dron\u0173 atak\u0105 prie\u0161 laivus Azovo j\u016broje &#8211; Respublika.lt"},"content":{"rendered":"<p>    \u00d7<\/p>\n<p>    (1\/1) Asociatyvi Dirbtinio intelekto sugeneruota nuotr. <a href=\"https:\/\/www.respublika.lt\/uploads\/img\/catalog\/1\/photo_1_30946928.jpg\" class=\"swiper-photo-download\" download=\"\" rel=\"nofollow noopener\" target=\"_blank\">Atsisi\u0173sti<\/a><\/p>\n<p><img loading=\"lazy\" decoding=\"async\" src=\"https:\/\/www.respublika.lt\/lt\/naujienos\/pasaulis\/kitos_pasaulio_naujienos\/penki-azerbaidzano-pilieciai-zuvo-per-dronu-ataka-pries-laivus-azovo-juroje\/images\/ico_camera_white.gif\" class=\"camera\" width=\"22\" height=\"15\" alt=\"nuotr.\" style=\"position:relative; top:-2px; right:2px;\"\/> 1 nuotr.<\/p>\n<p>Asociatyvi Dirbtinio intelekto sugeneruota nuotr.<\/p>\n<p style=\"text-align: left;\">Per dron\u0173 atak\u0105 prie\u0161 du krovininius laivus Azovo j\u016broje, Azerbaid\u017eano vyriausyb\u0117s duomenimis, \u017euvo penki azerbaid\u017eanie\u010diai. Dar trys azerbaid\u017eanie\u010diai buvo su\u017eeisti, penktadien\u012f prane\u0161\u0117 U\u017esienio reikal\u0173 ministerija, remdamasi prane\u0161imu i\u0161 Rusijos.<\/p>\n<p style=\"text-align: justify;\" class=\"desktop_banner\">\u00a0<\/p>\n<p style=\"text-align: left;\">\u00a0<\/p>\n<p style=\"text-align: left;\">Paklausta apie Taganrogo \u012flankoje atakuotus laivus, ministerija nurod\u0117, kad tarp \u012fgul\u0173 nari\u0173 buvo i\u0161 viso 25 Azerbaid\u017eano pilie\u010diai, ta\u010diau laivai es\u0105 nepriklauso Azerbaid\u017eanui.<\/p>\n<p style=\"text-align: left;\">Su\u017eeistieji nugabenti \u012f ligonin\u0119 Rusijos Eisko mieste prie Azovo j\u016bros.<\/p>\n<p style=\"text-align: left;\">Pasak rus\u0173 valstybin\u0117s \u017einiasklaidos, Rusijos u\u017esienio reikal\u0173 viceministras Michailas Galuzinas d\u0117l incidento apkaltino Ukrain\u0105.<\/p>\n<p style=\"text-align: left;\">\u201eMes labai tiksliai \u017einome, kas naudoja dronus \u2013 tiek oro, tiek j\u016brinius, kad atakuot\u0173 taikius civilinius laivus Juodosios j\u016bros ir Vidur\u017eemio j\u016bros vandenyse\u201c, \u2013 sak\u0117 jis.<\/p>\n<p style=\"text-align: left;\">Ukrainos kariuomen\u0117s dron\u0173 dalini\u0173 vadas Robertas Brovdis tinkle \u201eTelegram\u201c prane\u0161\u0117, kad nakt\u012f \u201esmogta penkiems laivams, kurie neteis\u0117tai buvo Mariupolio ir Berdiansko uostuose\u201c Rusijos okupuotoje Ukrainos teritorijos dalyje.<\/p>\n<p style=\"text-align: left;\">Ta\u010diau\u00a0 jis nenurod\u0117, ar tarp j\u0173 buvo laivai, kuriuose \u017euvo Azerbaid\u017eano pilie\u010diai.<\/p>\n<p style=\"text-align: left;\">Nuo pernai met\u0173 daug\u0117ja Rusijos ir Ukrainos atak\u0173 prie\u0161 civilinius uostus ir laivus.<\/p>\n<p style=\"text-align: left;\">Azovo j\u016bra yra Juodosios j\u016bros, su kuria j\u0105 jungia Ker\u010d\u0117s s\u0105siauris, dalis. Azovo j\u016bros \u0161alys yra Ukraina ir Rusija.<\/p>\n<p style=\"text-align: left;\">Ta\u010diau nuo Rusijos invazijos prad\u017eios Ukraina nebeturi prieigos prie jos.<\/p>\n<p>Patiko straipsnis? Leisk mums apie tai su\u017einoti. Nepamir\u0161k pasidalinti Facebook! <\/p>\n<p><img loading=\"lazy\" decoding=\"async\" class=\"p2_social_circle_icon\" src=\"https:\/\/www.respublika.lt\/images\/thumbs_up.svg\" width=\"21\" height=\"22\" alt=\"L\"\/><\/p>\n<p><img loading=\"lazy\" decoding=\"async\" class=\"p2_social_circle_icon\" src=\"https:\/\/www.respublika.lt\/images\/facebook.svg\" alt=\"F\" width=\"22\" height=\"22\" style=\"filter: invert(37%) sepia(55%) saturate(2351%) hue-rotate(187deg) brightness(102%) contrast(106%);\"\/><\/p>\n<p>&#13;<br \/>\n\tNesutinkate &#8211; diskutuokime!<br \/>&#13;<br \/>\n\tNepykite komentatoriai, bet komentarai su keiksma\u017eod\u017eiais bus \u0161alinami automati\u0161kai, be atsipra\u0161ymo.\n    <\/p>\n<p>&#13;<br \/>\n              Respublika.lt pasilieka teis\u0119 pa\u0161alinti nekult\u016bringus, keiksma\u017eod\u017eiais pagardintus, su tema nesusijusius, kito asmens vardu pasira\u0161ytus, \u012fstatymus pa\u017eeid\u017eian\u010dius, \u0161lam\u0161t\u0105 reklamuojan\u010dius ar nusikalsti kurstan\u010dius komentarus. Jei kurstysite smurt\u0105, rasin\u0119, tautin\u0119, religin\u0119 ar kitokio pob\u016bd\u017eio neapykant\u0105, \u017evirbliu i\u0161skrid\u0119 j\u016bs\u0173 \u017eod\u017eiai gr\u012f\u017edami gali virsti ton\u0105 sverian\u010diu jau\u010diu &#8211; specialiosioms Lietuvos tarnyboms pareikalavus suteiksime j\u016bs\u0173 duomenis.\n            <\/p>\n","protected":false},"excerpt":{"rendered":"\u00d7 (1\/1) Asociatyvi Dirbtinio intelekto sugeneruota nuotr. Atsisi\u0173sti 1 nuotr. Asociatyvi Dirbtinio intelekto sugeneruota nuotr. Per dron\u0173 atak\u0105&hellip;\n","protected":false},"author":2,"featured_media":196596,"comment_status":"","ping_status":"","sticky":false,"template":"","format":"standard","meta":{"footnotes":"","_share_on_mastodon":"0"},"categories":[15],"tags":[25,4443,2780,466,25071,30,31,92,34,35,24,2284,32,33,37,39,36,38,40,23,22,44,28,29,26,27,74,75,76],"class_list":["post-196595","post","type-post","status-publish","format-standard","has-post-thumbnail","category-pasaulis","tag-antrastes","tag-ataka","tag-aukos","tag-azerbaidzanas","tag-azovo","tag-breaking-news","tag-breakingnews","tag-dronas","tag-featured-news","tag-featurednews","tag-headlines","tag-jura","tag-latest-news","tag-latestnews","tag-lietuva","tag-lietuviu","tag-lithuania","tag-lithuanian","tag-lt","tag-naujienos","tag-news","tag-pasaulis","tag-populiariausios-naujienos","tag-populiariausiosnaujienos","tag-top-stories","tag-topstories","tag-world","tag-world-news","tag-worldnews"],"share_on_mastodon":{"url":"https:\/\/pubeurope.com\/@lt\/116702408266079193","error":""},"_links":{"self":[{"href":"https:\/\/www.europesays.com\/lt\/wp-json\/wp\/v2\/posts\/196595","targetHints":{"allow":["GET"]}}],"collection":[{"href":"https:\/\/www.europesays.com\/lt\/wp-json\/wp\/v2\/posts"}],"about":[{"href":"https:\/\/www.europesays.com\/lt\/wp-json\/wp\/v2\/types\/post"}],"author":[{"embeddable":true,"href":"https:\/\/www.europesays.com\/lt\/wp-json\/wp\/v2\/users\/2"}],"replies":[{"embeddable":true,"href":"https:\/\/www.europesays.com\/lt\/wp-json\/wp\/v2\/comments?post=196595"}],"version-history":[{"count":0,"href":"https:\/\/www.europesays.com\/lt\/wp-json\/wp\/v2\/posts\/196595\/revisions"}],"wp:featuredmedia":[{"embeddable":true,"href":"https:\/\/www.europesays.com\/lt\/wp-json\/wp\/v2\/media\/196596"}],"wp:attachment":[{"href":"https:\/\/www.europesays.com\/lt\/wp-json\/wp\/v2\/media?parent=196595"}],"wp:term":[{"taxonomy":"category","embeddable":true,"href":"https:\/\/www.europesays.com\/lt\/wp-json\/wp\/v2\/categories?post=196595"},{"taxonomy":"post_tag","embeddable":true,"href":"https:\/\/www.europesays.com\/lt\/wp-json\/wp\/v2\/tags?post=196595"}],"curies":[{"name":"wp","href":"https:\/\/api.w.org\/{rel}","templated":true}]}}