{"id":19703,"date":"2025-10-17T13:54:15","date_gmt":"2025-10-17T13:54:15","guid":{"rendered":"https:\/\/www.europesays.com\/lt\/19703\/"},"modified":"2025-10-17T13:54:15","modified_gmt":"2025-10-17T13:54:15","slug":"olekas-kariuomenes-vado-pasisakymai-apie-gynybos-biudzeta-nera-tinkami","status":"publish","type":"post","link":"https:\/\/www.europesays.com\/lt\/19703\/","title":{"rendered":"Olekas: kariuomen\u0117s vado pasisakymai apie gynybos biud\u017eet\u0105 n\u0117ra tinkami"},"content":{"rendered":"<p>\u201eMan atrodo, kad tokie pasisakymai n\u0117ra tinkami\u201c, \u2013 penktadien\u012f \u017eurnalistams teig\u0117 J. Olekas.<\/p>\n<p>\u201eTokie pasisakymai neatitinka tos situacijos, kuri yra, ir kaip tur\u0117t\u0173 reaguoti kariuomen\u0117s vadas \u012f diskusijas, kurios vyksta\u201c, \u2013 pabr\u0117\u017e\u0117 Seimo pirmininkas.<\/p>\n<p>Kariuomen\u0117s vadas R. Vaik\u0161noras LRT teig\u0117 gird\u0117j\u0119s apie nor\u0105 investuoti \u012f trinkeles savivaldyb\u0117se tai pateikiant kaip gynybos stiprinim\u0105.\u00a0<\/p>\n<p>Savo ruo\u017etu I. Ruginien\u0117 tvirtino, kad toks kariuomen\u0117s vado elgesys yra neatsakingas.<\/p>\n<p>\u201eNeatsakinga kariuomen\u0117s vadui komentuoti biud\u017eet\u0105 per trinkeli\u0173 formavim\u0105. Neatsakinga\u201c, \u2013 ketvirtadien\u012f \u017eurnalistams Seime sak\u0117 I. Ruginien\u0117 pa\u017eym\u0117dama, kad \u0161iuo sud\u0117tingu laikotarpiu reikia susitelkti bendram tikslui.<\/p>\n<p>ELTA primena, kad tre\u010diadien\u012f Vyriausyb\u0117s vadov\u0117 prane\u0161\u0117, jog kit\u0173 met\u0173 valstyb\u0117s biud\u017eete <a rel=\"noopener nofollow\" target=\"_blank\" href=\"https:\/\/www.delfi.lt\/temos\/gynyba\" tag-id=\"45616031\">gynybai<\/a> numatyta skirti 5,38 proc. nuo BVP. Finans\u0173 ministro Kristupo Vaitiek\u016bno teigimu, finansavimas kra\u0161to apsaugai kit\u0105met i\u0161 viso sieks vir\u0161 4,79 mlrd. eur\u0173. Planuojama, kad gynybai nebus skiriama skolint\u0173 l\u0117\u0161\u0173.<\/p>\n<p>Tiesa, premjer\u0117 taip pat kalb\u0117jo apie tai, kad dalis i\u0161 5,38 proc. nuo BVP finansavimo bus skirta su gynyba susijusios karin\u0117s infrastrukt\u016bros reikm\u0117ms.<\/p>\n<p>V\u0117liau abejones d\u0117l realaus kra\u0161to apsaugai skirto finansavimo k\u0117l\u0117 tiek opozicijos, tiek verslo atstovai, teig\u0119, kad biud\u017eete numatytos didesn\u0117s l\u0117\u0161os gynybai gali b\u016bti panaudotos ne\u00a0pagal\u00a0paskirt\u012f.<\/p>\n<p>Olekas pasitiki ministre \u0160akaliene: turime ger\u0105 bendr\u0105 ry\u0161\u012f<\/p>\n<p>Tarp premjer\u0117s Ingos Ruginien\u0117s bei kra\u0161to apsaugos ministr\u0117s <a rel=\"noopener nofollow\" target=\"_blank\" href=\"https:\/\/www.delfi.lt\/temos\/dovile-sakaliene\" tag-id=\"61590775\">Dovil\u0117s \u0160akalien\u0117s<\/a> kilus \u012ftampoms d\u0117l gynybos finansavimo klausim\u0173, Seimo pirmininkas Juozas Olekas teigia pasitikintis ministre. <\/p>\n<p>\u201eManau, kad taip. Mes turime ger\u0105 bendr\u0105 ry\u0161\u012f\u201c, \u2013 penktadien\u012f \u017eurnalistams sak\u0117 J. Olekas.<\/p>\n<p>Anot jo, pirmadien\u012f \u012fvyksiantis ministr\u0117s pirminink\u0117s ir D. \u0160akalien\u0117s susitikimas yra geras sprendimas, leisiantis t\u0119sti reikiamus darbus.<\/p>\n<p>\u201eMan atrodo, dabar yra priimtas geras sprendimas susitikti, pasikalb\u0117ti, pasiai\u0161kinti, kaip buvo, ir tada dirbti toliau\u201c, \u2013 tvirtino politikas.<\/p>\n<p>ELTA primena, kad ketvirtadien\u012f \u017eurnalistams Seime kra\u0161to apsaugos viceministras Tomas Godliauskas patvirtino, kad \u0161i\u0105 savait\u0119 ministerijoje vyko neoficial\u016bs pokalbiai su visuomenininkais ir \u017eurnalistais d\u0117l gynybos finansavimo klausim\u0173. Vis tik, detaliau pokalbi\u0173 turinio jis nekomentavo.<\/p>\n<p>Valdan\u010di\u0173j\u0173 socialdemokrat\u0173 pirmininkas Mindaugas Sinkevi\u010dius teig\u0117, kad tokie pokalbiai yra \u201ekeistas \u017eanras\u201c, o ministr\u0117s D. \u0160akalien\u0117s elges\u012f politikas \u012fvertino kaip nekomandi\u0161k\u0105 ir nenuosekl\u0173.<\/p>\n<p>Savo ruo\u017etu premjer\u0117 I. Ruginien\u0117 \u017ead\u0117jo \u201erimt\u0105 pokalb\u012f\u201c su D. \u0160akaliene. I\u0161 prad\u017ei\u0173 KAM vykusius neoficialius pokalbius pavadinusi sabota\u017eu, netrukus Vyriausyb\u0117s vadov\u0117 \u0161velnino pozicij\u0105 ir patikino, kad \u012fvyko nesusipratimas.<\/p>\n<p>Savo ruo\u017etu ministr\u0117 D. \u0160akalien\u0117 Eltai tvirtino, kad apie KAM vykus\u012f neoficial\u0173 susitikim\u0105 nieko ne\u017einojo ir \u017ead\u0117jo su I. Ruginiene i\u0161siai\u0161kinti situacij\u0105. Toks susitikimas numatytas pirmadien\u012f.<\/p>\n<p>ELTA primena, kad kit\u0173 met\u0173 valstyb\u0117s biud\u017eete gynybai \u017eadama skirti 5,38 proc. nuo BVP \u2013 ma\u017edaug 4,79 mlrd. eur\u0173.<\/p>\n","protected":false},"excerpt":{"rendered":"\u201eMan atrodo, kad tokie pasisakymai n\u0117ra tinkami\u201c, \u2013 penktadien\u012f \u017eurnalistams teig\u0117 J. Olekas. \u201eTokie pasisakymai neatitinka tos situacijos,&hellip;\n","protected":false},"author":2,"featured_media":19704,"comment_status":"","ping_status":"","sticky":false,"template":"","format":"standard","meta":{"footnotes":""},"categories":[13],"tags":[25,30,31,69,34,35,224,6046,24,32,33,37,39,36,38,40,23,22,28,29,3557,26,27],"class_list":{"0":"post-19703","1":"post","2":"type-post","3":"status-publish","4":"format-standard","5":"has-post-thumbnail","7":"category-lietuva","8":"tag-antrastes","9":"tag-breaking-news","10":"tag-breakingnews","11":"tag-dovile-sakaliene","12":"tag-featured-news","13":"tag-featurednews","14":"tag-gynyba","15":"tag-gynybos-biudzetas","16":"tag-headlines","17":"tag-latest-news","18":"tag-latestnews","19":"tag-lietuva","20":"tag-lietuviu","21":"tag-lithuania","22":"tag-lithuanian","23":"tag-lt","24":"tag-naujienos","25":"tag-news","26":"tag-populiariausios-naujienos","27":"tag-populiariausiosnaujienos","28":"tag-raimundas-vaiksnoras","29":"tag-top-stories","30":"tag-topstories"},"share_on_mastodon":{"url":"","error":""},"_links":{"self":[{"href":"https:\/\/www.europesays.com\/lt\/wp-json\/wp\/v2\/posts\/19703","targetHints":{"allow":["GET"]}}],"collection":[{"href":"https:\/\/www.europesays.com\/lt\/wp-json\/wp\/v2\/posts"}],"about":[{"href":"https:\/\/www.europesays.com\/lt\/wp-json\/wp\/v2\/types\/post"}],"author":[{"embeddable":true,"href":"https:\/\/www.europesays.com\/lt\/wp-json\/wp\/v2\/users\/2"}],"replies":[{"embeddable":true,"href":"https:\/\/www.europesays.com\/lt\/wp-json\/wp\/v2\/comments?post=19703"}],"version-history":[{"count":0,"href":"https:\/\/www.europesays.com\/lt\/wp-json\/wp\/v2\/posts\/19703\/revisions"}],"wp:featuredmedia":[{"embeddable":true,"href":"https:\/\/www.europesays.com\/lt\/wp-json\/wp\/v2\/media\/19704"}],"wp:attachment":[{"href":"https:\/\/www.europesays.com\/lt\/wp-json\/wp\/v2\/media?parent=19703"}],"wp:term":[{"taxonomy":"category","embeddable":true,"href":"https:\/\/www.europesays.com\/lt\/wp-json\/wp\/v2\/categories?post=19703"},{"taxonomy":"post_tag","embeddable":true,"href":"https:\/\/www.europesays.com\/lt\/wp-json\/wp\/v2\/tags?post=19703"}],"curies":[{"name":"wp","href":"https:\/\/api.w.org\/{rel}","templated":true}]}}