{"id":197411,"date":"2026-06-07T15:42:37","date_gmt":"2026-06-07T15:42:37","guid":{"rendered":"https:\/\/www.europesays.com\/lt\/197411\/"},"modified":"2026-06-07T15:42:37","modified_gmt":"2026-06-07T15:42:37","slug":"grunskiene-auga-padejimo-kitai-valstybei-veikti-pries-lietuva-atveju-skaicius-respublika-lt","status":"publish","type":"post","link":"https:\/\/www.europesays.com\/lt\/197411\/","title":{"rendered":"Grunskien\u0117: auga pad\u0117jimo kitai valstybei veikti prie\u0161 Lietuv\u0105 atvej\u0173 skai\u010dius &#8211; Respublika.lt"},"content":{"rendered":"<p><img loading=\"lazy\" decoding=\"async\" src=\"https:\/\/www.respublika.lt\/lt\/naujienos\/lietuva\/lietuvos_politika\/grunskiene-auga-padejimo-kitai-valstybei-veikti-pries-lietuva-atveju-skaicius\/images\/ico_camera_white.gif\" class=\"camera\" width=\"22\" height=\"15\" alt=\"nuotr.\" style=\"position:relative; top:-2px; right:2px;\"\/> 1 nuotr.<\/p>\n<p>Nida Grunskien\u0117. Eltos nuotr.<\/p>\n<p style=\"text-align: justify;\" class=\"desktop_banner\">\u00a0<\/p>\n<p style=\"text-align: left;\">\u00a0<\/p>\n<p style=\"text-align: left;\">\u201ePernai prad\u0117ti net 7 ikiteisminiai tyrimai d\u0117l pad\u0117jimo kitai valstybei veikti prie\u0161 Lietuvos Respublik\u0105. Fiksuojamas \u0161ios kategorijos nusikalstam\u0173 veik\u0173 skai\u010diaus augimas. Palyginimui, 2021 metais buvo prad\u0117tas tik vienas ikiteisminis tyrimas, o pernai \u2013 net septyni ikiteisminiai tyrimai (d\u0117l pad\u0117jimo kitai valstybei veikti prie\u0161 Lietuv\u0105 \u2013 ELTA)\u201c, \u2013 antradien\u012f Seime pristatydama Generalin\u0117s prokurat\u016bros 2025 m. veiklos ataskait\u0105 kalb\u0117jo N. Grunskien\u0117. \u00a0<\/p>\n<p style=\"text-align: left;\">Kalb\u0117dama apie nusikalstamumo statistik\u0105, generalin\u0117 prokuror\u0117 teig\u0117, kad pernai i\u0161 viso registruota 9 proc. ma\u017eiau nusikalstam\u0173 veik\u0173. Ta\u010diau augo sunki\u0173 ir labai sunki\u0173 nusikaltim\u0173 skai\u010dius \u2013 pernai, palyginus su 2024 metais, toki\u0173 veik\u0173 u\u017eregistruota 5 proc. daugiau.<\/p>\n<p style=\"text-align: left;\">Anot N. Grunskien\u0117s, stebimas ma\u017e\u0117jantis korupcinio pob\u016bd\u017eio nusikaltim\u0173 skai\u010dius.<\/p>\n<p style=\"text-align: left;\">\u201eStebimas ry\u0161kus u\u017eregistruot\u0173 nusikalstam\u0173 veik\u0173 ma\u017e\u0117jimas \u2013 net 40 procent\u0173, palyginus, su 2024 metais, ir net 75 procentais ma\u017eiau, palyginus su 2021 metais\u201c, \u2013 apie korupcinio pob\u016bd\u017eio nusikalstam\u0173 veik\u0173 statistik\u0105 kalb\u0117jo generalin\u0117 prokuror\u0117.<\/p>\n<p style=\"text-align: left;\">Jos teigimu, nusikalstamumo statistikoje i\u0161siskiria su prekyba \u017emon\u0117mis susij\u0119 nusikaltimai ir kvai\u0161al\u0173 platinimo nepilname\u010diams atvejai.\u00a0<\/p>\n<p style=\"text-align: left;\">Pra\u0117jusi\u0173 met\u0173 met\u0173 duomenys rodo, kad padid\u0117jo Lietuvoje tre\u010di\u0173j\u0173 \u0161ali\u0173 pilie\u010di\u0173 i\u0161naudojimo priverstiniam darbui atvej\u0173 skai\u010dius. Tokie nusikaltimai fiksuojami, kai \u017emon\u0117s i\u0161naudojami darbui statybos, transporto, gamybos sektoriuose.<\/p>\n<p style=\"text-align: left;\">Kalb\u0117dama apie narkotini\u0173 med\u017eiag\u0173 platinimo nepilname\u010diams atvejus, N. Grunskien\u0117 pa\u017eym\u0117jo, kad tyr\u0117jai vis da\u017eniau nustato, jog tokie nusikaltimai vykdomi ir vie\u0161ose vietose.<\/p>\n<p style=\"text-align: left;\">\u201eDuomenys rodo pagrindines (kvai\u0161al\u0173 \u2013 ELTA) platinimo kryptis \u2013 mokykl\u0173 teritorijos, jaunimo susib\u016brimo vietos, vie\u0161osios erdv\u0117s, socialiniai tinklai, \u017einu\u010di\u0173 platformos\u201c, \u2013 d\u0117st\u0117 ji.\u00a0<\/p>\n<p style=\"text-align: left;\">Pra\u0117jusi\u0173 met\u0173 duomenimis, prokurat\u016broje dirba 583 prokurorai. Pernai i\u0161 darbo i\u0161\u0117jo 15 prokuror\u0173, 4 mir\u0117. 2025 m. prokuror\u0173 bendruomen\u0119 papild\u0117 15 nauj\u0173 prokuror\u0173.\u00a0<\/p>\n<p style=\"text-align: left;\">Tiesa, kaip rodo duomenys, prokuror\u0173 skai\u010dius ma\u017e\u0117ja. 2020 m. prokurat\u016broje dirbo 644 prokurorai, per penkerius metus j\u0173 skai\u010dius suma\u017e\u0117jo 61, o nuo 2014 m. prokuror\u0173 skai\u010dius suma\u017e\u0117jo 137 prokurorais \u2013 tuo metu dirbo 720 prokuror\u0173.<\/p>\n","protected":false},"excerpt":{"rendered":"1 nuotr. Nida Grunskien\u0117. Eltos nuotr. \u00a0 \u00a0 \u201ePernai prad\u0117ti net 7 ikiteisminiai tyrimai d\u0117l pad\u0117jimo kitai valstybei&hellip;\n","protected":false},"author":2,"featured_media":197412,"comment_status":"","ping_status":"","sticky":false,"template":"","format":"standard","meta":{"footnotes":"","_share_on_mastodon":"0"},"categories":[13],"tags":[25,30,31,34,35,6343,24,32,33,37,39,36,38,40,23,22,2716,28,29,26,27,450,4173,30578],"class_list":["post-197411","post","type-post","status-publish","format-standard","has-post-thumbnail","category-lietuva","tag-antrastes","tag-breaking-news","tag-breakingnews","tag-featured-news","tag-featurednews","tag-grunskiene","tag-headlines","tag-latest-news","tag-latestnews","tag-lietuva","tag-lietuviu","tag-lithuania","tag-lithuanian","tag-lt","tag-naujienos","tag-news","tag-nusikaltimai","tag-populiariausios-naujienos","tag-populiariausiosnaujienos","tag-top-stories","tag-topstories","tag-tyrimai","tag-valstybe","tag-veikos"],"share_on_mastodon":{"url":"https:\/\/pubeurope.com\/@lt\/116709592502502797","error":""},"_links":{"self":[{"href":"https:\/\/www.europesays.com\/lt\/wp-json\/wp\/v2\/posts\/197411","targetHints":{"allow":["GET"]}}],"collection":[{"href":"https:\/\/www.europesays.com\/lt\/wp-json\/wp\/v2\/posts"}],"about":[{"href":"https:\/\/www.europesays.com\/lt\/wp-json\/wp\/v2\/types\/post"}],"author":[{"embeddable":true,"href":"https:\/\/www.europesays.com\/lt\/wp-json\/wp\/v2\/users\/2"}],"replies":[{"embeddable":true,"href":"https:\/\/www.europesays.com\/lt\/wp-json\/wp\/v2\/comments?post=197411"}],"version-history":[{"count":0,"href":"https:\/\/www.europesays.com\/lt\/wp-json\/wp\/v2\/posts\/197411\/revisions"}],"wp:featuredmedia":[{"embeddable":true,"href":"https:\/\/www.europesays.com\/lt\/wp-json\/wp\/v2\/media\/197412"}],"wp:attachment":[{"href":"https:\/\/www.europesays.com\/lt\/wp-json\/wp\/v2\/media?parent=197411"}],"wp:term":[{"taxonomy":"category","embeddable":true,"href":"https:\/\/www.europesays.com\/lt\/wp-json\/wp\/v2\/categories?post=197411"},{"taxonomy":"post_tag","embeddable":true,"href":"https:\/\/www.europesays.com\/lt\/wp-json\/wp\/v2\/tags?post=197411"}],"curies":[{"name":"wp","href":"https:\/\/api.w.org\/{rel}","templated":true}]}}