{"id":197446,"date":"2026-06-07T16:12:11","date_gmt":"2026-06-07T16:12:11","guid":{"rendered":"https:\/\/www.europesays.com\/lt\/197446\/"},"modified":"2026-06-07T16:12:11","modified_gmt":"2026-06-07T16:12:11","slug":"kinija-apginklavo-karius-naujomis-raketomis","status":"publish","type":"post","link":"https:\/\/www.europesays.com\/lt\/197446\/","title":{"rendered":"Kinija apginklavo karius naujomis raketomis"},"content":{"rendered":"<p>Portalo teigimu, raketos HQ-16F charakteristikos pana\u0161ios \u012f amerikie\u010di\u0173 sistem\u0173 \u201ePatriot\u201c PAC2 ir PAC3.<\/p>\n<p class=\"MsoNormal\">Pirmuosius naujosios raketos bandym\u0173 kadrus paskelb\u0117 Kinijos valstybinis transliuotojas CCTV. Bandymus sureng\u0117 73-ioji ginkluot\u0173j\u0173 paj\u0117g\u0173 grup\u0117 Gobio dykumoje, skelbia UNIAN.<\/p>\n<p class=\"MsoNormal\">Siu\u017eete teigiama, kad Kinijos liaudies i\u0161laisvinimo armijos Ryt\u0173 vadavietei pavald\u016bs daliniai i\u0161 savo baz\u0117s Fudziano provincijoje \u012fveik\u0117 t\u016bkstan\u010dius kilometr\u0173, kad pasiekt\u0173 dykum\u0105 ir gal\u0117t\u0173 i\u0161bandyti nauj\u0105j\u0105 sistem\u0105.<\/p>\n<p class=\"MsoNormal\">Bandym\u0173 metu HQ-16F buvo paleista i\u0161 mobiliojo paleidimo \u012frenginio. \u017durnalistai tvirtina, kad raketa s\u0117kmingai pataik\u0117 \u012f ma\u017edaug u\u017e 50 kilometr\u0173 buvus\u012f judant\u012f taikin\u012f.<\/p>\n<p class=\"MsoNormal\">Sprend\u017eiant i\u0161 vaizdo \u012fra\u0161o, raketa pasi\u017eymi aerodinamine konstrukcija, neturi sparn\u0173, o galin\u0117je dalyje sumontuoti keturi stabilizatoriai skryd\u017eio tikslumui u\u017etikrinti.<\/p>\n<p class=\"MsoNormal\">Kinija neseniai prad\u0117jo speciali\u0105j\u0105 karin\u0119 operacij\u0105 vandenyse \u012f rytus nuo Taivano. Pekinas parei\u0161k\u0117, kad operacijos tikslas \u2013 didinti laivybos kontrol\u0119, u\u017etikrinti j\u016br\u0173 teis\u0117s laikym\u0105si ir ginti \u0161alies nacionalinius interesus.<\/p>\n<p class=\"MsoNormal\">Tuo tarpu Taivane padidintas ginkluot\u0173j\u0173 paj\u0117g\u0173 parengties lygis strateginiuose vandenyse pasirod\u017eius Kinijos karo laivams. Reaguodama \u012f i\u0161augusi\u0105 gr\u0117sm\u0119, sala taip pat planuoja sustiprinti pakran\u010di\u0173 apsaug\u0105.<\/p>\n","protected":false},"excerpt":{"rendered":"Portalo teigimu, raketos HQ-16F charakteristikos pana\u0161ios \u012f amerikie\u010di\u0173 sistem\u0173 \u201ePatriot\u201c PAC2 ir PAC3. Pirmuosius naujosios raketos bandym\u0173 kadrus&hellip;\n","protected":false},"author":2,"featured_media":197447,"comment_status":"","ping_status":"","sticky":false,"template":"","format":"standard","meta":{"footnotes":"","_share_on_mastodon":"0"},"categories":[15],"tags":[25,30,31,34,35,24,479,32,33,37,39,36,38,40,23,22,44,28,29,1295,26,27,74,75,76],"class_list":["post-197446","post","type-post","status-publish","format-standard","has-post-thumbnail","category-pasaulis","tag-antrastes","tag-breaking-news","tag-breakingnews","tag-featured-news","tag-featurednews","tag-headlines","tag-kinija","tag-latest-news","tag-latestnews","tag-lietuva","tag-lietuviu","tag-lithuania","tag-lithuanian","tag-lt","tag-naujienos","tag-news","tag-pasaulis","tag-populiariausios-naujienos","tag-populiariausiosnaujienos","tag-taivanas","tag-top-stories","tag-topstories","tag-world","tag-world-news","tag-worldnews"],"share_on_mastodon":{"url":"https:\/\/pubeurope.com\/@lt\/116709709978013140","error":""},"_links":{"self":[{"href":"https:\/\/www.europesays.com\/lt\/wp-json\/wp\/v2\/posts\/197446","targetHints":{"allow":["GET"]}}],"collection":[{"href":"https:\/\/www.europesays.com\/lt\/wp-json\/wp\/v2\/posts"}],"about":[{"href":"https:\/\/www.europesays.com\/lt\/wp-json\/wp\/v2\/types\/post"}],"author":[{"embeddable":true,"href":"https:\/\/www.europesays.com\/lt\/wp-json\/wp\/v2\/users\/2"}],"replies":[{"embeddable":true,"href":"https:\/\/www.europesays.com\/lt\/wp-json\/wp\/v2\/comments?post=197446"}],"version-history":[{"count":0,"href":"https:\/\/www.europesays.com\/lt\/wp-json\/wp\/v2\/posts\/197446\/revisions"}],"wp:featuredmedia":[{"embeddable":true,"href":"https:\/\/www.europesays.com\/lt\/wp-json\/wp\/v2\/media\/197447"}],"wp:attachment":[{"href":"https:\/\/www.europesays.com\/lt\/wp-json\/wp\/v2\/media?parent=197446"}],"wp:term":[{"taxonomy":"category","embeddable":true,"href":"https:\/\/www.europesays.com\/lt\/wp-json\/wp\/v2\/categories?post=197446"},{"taxonomy":"post_tag","embeddable":true,"href":"https:\/\/www.europesays.com\/lt\/wp-json\/wp\/v2\/tags?post=197446"}],"curies":[{"name":"wp","href":"https:\/\/api.w.org\/{rel}","templated":true}]}}