{"id":197454,"date":"2026-06-07T16:20:10","date_gmt":"2026-06-07T16:20:10","guid":{"rendered":"https:\/\/www.europesays.com\/lt\/197454\/"},"modified":"2026-06-07T16:20:10","modified_gmt":"2026-06-07T16:20:10","slug":"naujas-jurgeleviciutes-ivaizdis-sukele-audra","status":"publish","type":"post","link":"https:\/\/www.europesays.com\/lt\/197454\/","title":{"rendered":"Naujas Jurgelevi\u010di\u016bt\u0117s \u012fvaizdis suk\u0117l\u0117 audr\u0105"},"content":{"rendered":"<p>\u0160e\u0161tadienio vakar\u0105 Taurag\u0117je skamb\u0117jo legendin\u0117s \u201eDinamikos\u201c dainos. I\u0161tikimiausi grup\u0117s gerb\u0117jai \u0161io koncerto lauk\u0117 ne vien\u0105 m\u0117nes\u012f, o renginys pateisino j\u0173 l\u016bkes\u010dius.<\/p>\n<p>Vakaro staigmena tapo ne tik muzikin\u0117 programa, bet ir i\u0161skirtinis I. Jurgelevi\u010di\u016bt\u0117s \u012fvaizdis. \u012e scen\u0105 atlik\u0117ja \u017eeng\u0117 vilk\u0117dama juod\u0105 kostium\u0117l\u012f, av\u0117dama auk\u0161takulnius, pasipuo\u0161usi vinta\u017einio stiliaus akiniais ir ilgais garbanotais plaukais.<\/p>\n<p>B\u016btent naujoji \u0161ukuosena sulauk\u0117 daugiausia publikos d\u0117mesio. Dalis gerb\u0117j\u0173 pripa\u017eino, kad i\u0161 pirmo \u017evilgsnio atlik\u0117jos net neatpa\u017eino.<\/p>\n<p>\u201e\u010cia ne Irma, ir balsas ne jos\u201c, \u2013 juokavo viena gerb\u0117ja.<\/p>\n<p>\u201e\u012edomiai sugalvota taip pakeisti \u012fvaizd\u012f, kad atpa\u017einti galima tik i\u0161 balso\u201c, \u2013 pasteb\u0117jo kitas gerb\u0117jas.<\/p>\n<p>\u201eKokia neatpa\u017e\u012fstama&#8230; labai pasikeitusi\u201c, \u2013 ra\u0161\u0117 dar viena koncerto lankytoja.<\/p>\n<p>\u201eVisi\u0161kai nepana\u0161i \u012f Irm\u0105\u201c, \u2013 steb\u0117josi dar vienas gerb\u0117jas.<\/p>\n","protected":false},"excerpt":{"rendered":"\u0160e\u0161tadienio vakar\u0105 Taurag\u0117je skamb\u0117jo legendin\u0117s \u201eDinamikos\u201c dainos. I\u0161tikimiausi grup\u0117s gerb\u0117jai \u0161io koncerto lauk\u0117 ne vien\u0105 m\u0117nes\u012f, o renginys&hellip;\n","protected":false},"author":2,"featured_media":197455,"comment_status":"","ping_status":"","sticky":false,"template":"","format":"standard","meta":{"footnotes":"","_share_on_mastodon":"0"},"categories":[6],"tags":[25,30,31,34,35,24,11693,1888,32,33,37,39,36,38,40,23,22,28,29,26,27],"class_list":["post-197454","post","type-post","status-publish","format-standard","has-post-thumbnail","category-antrastes","tag-antrastes","tag-breaking-news","tag-breakingnews","tag-featured-news","tag-featurednews","tag-headlines","tag-irma-jurgeleviciute","tag-ivaizdis","tag-latest-news","tag-latestnews","tag-lietuva","tag-lietuviu","tag-lithuania","tag-lithuanian","tag-lt","tag-naujienos","tag-news","tag-populiariausios-naujienos","tag-populiariausiosnaujienos","tag-top-stories","tag-topstories"],"share_on_mastodon":{"url":"https:\/\/pubeurope.com\/@lt\/116709741308186222","error":""},"_links":{"self":[{"href":"https:\/\/www.europesays.com\/lt\/wp-json\/wp\/v2\/posts\/197454","targetHints":{"allow":["GET"]}}],"collection":[{"href":"https:\/\/www.europesays.com\/lt\/wp-json\/wp\/v2\/posts"}],"about":[{"href":"https:\/\/www.europesays.com\/lt\/wp-json\/wp\/v2\/types\/post"}],"author":[{"embeddable":true,"href":"https:\/\/www.europesays.com\/lt\/wp-json\/wp\/v2\/users\/2"}],"replies":[{"embeddable":true,"href":"https:\/\/www.europesays.com\/lt\/wp-json\/wp\/v2\/comments?post=197454"}],"version-history":[{"count":0,"href":"https:\/\/www.europesays.com\/lt\/wp-json\/wp\/v2\/posts\/197454\/revisions"}],"wp:featuredmedia":[{"embeddable":true,"href":"https:\/\/www.europesays.com\/lt\/wp-json\/wp\/v2\/media\/197455"}],"wp:attachment":[{"href":"https:\/\/www.europesays.com\/lt\/wp-json\/wp\/v2\/media?parent=197454"}],"wp:term":[{"taxonomy":"category","embeddable":true,"href":"https:\/\/www.europesays.com\/lt\/wp-json\/wp\/v2\/categories?post=197454"},{"taxonomy":"post_tag","embeddable":true,"href":"https:\/\/www.europesays.com\/lt\/wp-json\/wp\/v2\/tags?post=197454"}],"curies":[{"name":"wp","href":"https:\/\/api.w.org\/{rel}","templated":true}]}}