{"id":197653,"date":"2026-06-08T02:42:11","date_gmt":"2026-06-08T02:42:11","guid":{"rendered":"https:\/\/www.europesays.com\/lt\/197653\/"},"modified":"2026-06-08T02:42:11","modified_gmt":"2026-06-08T02:42:11","slug":"bent-10-zmoniu-zuvo-prie-maltos-apsivertus-laivui-su-migrantais","status":"publish","type":"post","link":"https:\/\/www.europesays.com\/lt\/197653\/","title":{"rendered":"Bent 10 \u017emoni\u0173 \u017euvo prie Maltos apsivertus laivui su migrantais"},"content":{"rendered":"<p>\u201eLaivas, i\u0161plauk\u0119s nuo Libijos krant\u0173&#8230; plukd\u0117 ma\u017edaug 60 \u017emoni\u0173\u201c, \u2013 teigiama tarnybos prane\u0161ime. &#8211; \u201eRemiantis naujausia informacija, \u0161ioje teritorijoje buv\u0119s \u017evejybos laivas i\u0161gelb\u0117jo ma\u017edaug 48 \u017emones.&#8221;<\/p>\n<p>Pakran\u010di\u0173 apsauga prane\u0161\u0117, kad <a rel=\"noopener nofollow\" target=\"_blank\" href=\"https:\/\/www.delfi.lt\/temos\/malta\" tag-id=\"21801717\">Malta<\/a> papra\u0161\u0117 pagalbos paie\u0161kos ir gelb\u0117jimo operacijoje, \u201epo to, kai buvo prane\u0161ta apie apsivertus\u012f laiv\u0105 su migrantais ir \u017emon\u0117mis vandenyje&#8221;.<\/p>\n<p>Laivo avarija \u012fvyko ma\u017edaug 45 j\u016brmyli\u0173 \u012f pietry\u010dius nuo Maltos, o Italijos pakran\u010di\u0173 apsaugos tarnyba prisijung\u0117 prie paie\u0161kos sekmadienio popiet\u0119, teigiama prane\u0161ime.<\/p>\n<p>Patrulinis laivas \u201eiki \u0161iol i\u0161trauk\u0117 10 k\u016bn\u0173\u201c, teigiama prane\u0161ime, ir paie\u0161ka \u0161ioje teritorijoje t\u0119siasi.<\/p>\n","protected":false},"excerpt":{"rendered":"\u201eLaivas, i\u0161plauk\u0119s nuo Libijos krant\u0173&#8230; plukd\u0117 ma\u017edaug 60 \u017emoni\u0173\u201c, \u2013 teigiama tarnybos prane\u0161ime. &#8211; \u201eRemiantis naujausia informacija, \u0161ioje&hellip;\n","protected":false},"author":2,"featured_media":197654,"comment_status":"","ping_status":"","sticky":false,"template":"","format":"standard","meta":{"footnotes":"","_share_on_mastodon":"0"},"categories":[15],"tags":[25,30,31,3346,34,35,24,32,33,37,39,36,38,40,10674,23,22,44,28,29,26,27,74,75,76],"class_list":["post-197653","post","type-post","status-publish","format-standard","has-post-thumbnail","category-pasaulis","tag-antrastes","tag-breaking-news","tag-breakingnews","tag-elta-uzsienio-naujiena","tag-featured-news","tag-featurednews","tag-headlines","tag-latest-news","tag-latestnews","tag-lietuva","tag-lietuviu","tag-lithuania","tag-lithuanian","tag-lt","tag-malta","tag-naujienos","tag-news","tag-pasaulis","tag-populiariausios-naujienos","tag-populiariausiosnaujienos","tag-top-stories","tag-topstories","tag-world","tag-world-news","tag-worldnews"],"share_on_mastodon":{"url":"https:\/\/pubeurope.com\/@lt\/116712187233712191","error":""},"_links":{"self":[{"href":"https:\/\/www.europesays.com\/lt\/wp-json\/wp\/v2\/posts\/197653","targetHints":{"allow":["GET"]}}],"collection":[{"href":"https:\/\/www.europesays.com\/lt\/wp-json\/wp\/v2\/posts"}],"about":[{"href":"https:\/\/www.europesays.com\/lt\/wp-json\/wp\/v2\/types\/post"}],"author":[{"embeddable":true,"href":"https:\/\/www.europesays.com\/lt\/wp-json\/wp\/v2\/users\/2"}],"replies":[{"embeddable":true,"href":"https:\/\/www.europesays.com\/lt\/wp-json\/wp\/v2\/comments?post=197653"}],"version-history":[{"count":0,"href":"https:\/\/www.europesays.com\/lt\/wp-json\/wp\/v2\/posts\/197653\/revisions"}],"wp:featuredmedia":[{"embeddable":true,"href":"https:\/\/www.europesays.com\/lt\/wp-json\/wp\/v2\/media\/197654"}],"wp:attachment":[{"href":"https:\/\/www.europesays.com\/lt\/wp-json\/wp\/v2\/media?parent=197653"}],"wp:term":[{"taxonomy":"category","embeddable":true,"href":"https:\/\/www.europesays.com\/lt\/wp-json\/wp\/v2\/categories?post=197653"},{"taxonomy":"post_tag","embeddable":true,"href":"https:\/\/www.europesays.com\/lt\/wp-json\/wp\/v2\/tags?post=197653"}],"curies":[{"name":"wp","href":"https:\/\/api.w.org\/{rel}","templated":true}]}}