{"id":197708,"date":"2026-06-08T04:42:15","date_gmt":"2026-06-08T04:42:15","guid":{"rendered":"https:\/\/www.europesays.com\/lt\/197708\/"},"modified":"2026-06-08T04:42:15","modified_gmt":"2026-06-08T04:42:15","slug":"ekonomikos-augimas-priklausys-nuo-to-kaip-zmones-priims-technologijas-atskleide-kokie-pokyciai-laukia-kasose-2","status":"publish","type":"post","link":"https:\/\/www.europesays.com\/lt\/197708\/","title":{"rendered":"Ekonomikos augimas priklausys nuo to, kaip \u017emon\u0117s priims technologijas: atskleid\u0117, kokie poky\u010diai laukia kasose"},"content":{"rendered":"<p>Tyrimai tai patvirtina. Pavyzd\u017eiui, \u201eNielsen Norman Group\u201c tyr\u0117jai atskleid\u017eia, kad \u017emogus dar nesp\u0117ja paliesti \u012frenginio, bet pas\u0105moningai jau nusprend\u017eia, ar gal\u0117s juo pasitik\u0117ti ir lengvai j\u012f valdyti. Pasak Povilo Kepalavi\u010diaus, i\u0161mani\u0173j\u0173 sprendim\u0173 bendrov\u0117s \u201eStrongPoint\u201c produkt\u0173 direktoriaus, \u0161is \u012fvertinimas ir nulemia tai, ar inovacija bus s\u0117kminga ir naudojama.\u00a0<\/p>\n<p>\u201eEkonomikos pl\u0117tr\u0105 lemia ne vien verslo investicijos \u012f inovacijas, bet, vis\u0173 pirma, visuomen\u0117s geb\u0117jimas greitai jas perimti ir pritaikyti kasdienyb\u0117je. Tod\u0117l kasdieniai \u012frenginiai kei\u010diasi, o technologij\u0173 dizaino reik\u0161m\u0117 auga. Dizaineriai trina a\u0161trius kampus, net savitarnos kas\u0173 ekranus daro pana\u0161esnius \u012f telefon\u0173 ir net ruo\u0161iasi atei\u010diai, kai \u017emogaus fizinis kontaktas su ekranu visi\u0161kai i\u0161nyks\u201c, \u2013 sako P. Kepalavi\u010dius.<\/p>\n<p>Dizainas veda pirk\u0117j\u0105<\/p>\n<p>Parduotuv\u0117s \u0161iandien privalo ne tik pasir\u016bpinti, kad \u012frenginiai veikt\u0173 skland\u017eiai,\u00a0 bet ir vizualiai nukreipti pirk\u0117j\u0105 ir jam pad\u0117ti. D\u0117l to \u0161iandien nauji techniniai sprendimai organi\u0161kai \u012fsilieja \u012f aplink\u0105.<\/p>\n<p>\u201eKai dizainas atrodo tvarkingai ir ai\u0161kiai, pirk\u0117jai i\u0161kart labiau pasitiki sistema, net jei ji veikia lygiai taip pat, kaip ir kitos. \u017dmon\u0117ms r\u016bpi ne tik tai, k\u0105 technologija daro, bet ir kaip ji veikia. Suprantamai suprojektuotas \u012frenginys i\u0161kart transliuoja, kad \u0161tai prie jo pri\u0117j\u0119s i\u0161 tikr\u0173j\u0173 sutaupysi laiko, tau bus paprasta. Pavyzd\u017eiui, \u0161viesa, spalvos ir ry\u0161k\u016bs indikatoriai padeda grei\u010diau susigaudyti erdv\u0117je. Tod\u0117l dizainu formuojamas pasitik\u0117jimas\u201c, \u2013 teigia P. Kepalavi\u010dius.<\/p>\n<p>Anot jo, visoje Europoje ma\u017emenin\u0117s prekybos tinklai atsikrato masyvi\u0173, daug vietos u\u017eiman\u010di\u0173 agregat\u0173. Vietoje j\u0173 parduotuv\u0117s diegia sprendimus, kurie taupo erdv\u0119 ir leid\u017eia pirk\u0117jams lengviau orientuotis.<\/p>\n<p>\u201ePrekybos vietose savitarnos kas\u0173 skai\u010dius pastebimai auga, tod\u0117l nat\u016braliai kyla poreikis kuo efektyviau i\u0161naudoti turim\u0105 plot\u0105. Atsi\u017evelgiant \u012f tai, prekybininkai teikia pirmenyb\u0119 toms savitarnos kasoms, kurios u\u017eima kuo ma\u017eiau vietos. D\u0117l savo nedideli\u0173 matmen\u0173 \u0161ios kasos telpa ten, kur kiekvienas centimetras yra svarbus \u2013 pavyzd\u017eiui, knygynuose\u201c, \u2013 sako P. Kepalavi\u010dius.<\/p>\n<p>Kod\u0117l metalin\u0117s d\u0117\u017e\u0117s mokosi kalb\u0117ti \u0161viesomis?<\/p>\n<p>Kuriant \u0161ias kasas, pirmiausia gim\u0117 dizaino vizija, o in\u017eineriniai sprendimai buvo pritaikyti jai \u012fgyvendinti.Dizaineriai nori, kad \u012frenginys nat\u016braliai \u012fsiliet\u0173 \u012f aplink\u0105, o pirk\u0117jas juo naudot\u0173si kiek galima labiau intuityviai. Industrinio dizaino studijos \u201eDesdorp\u201c bendra\u012fk\u016br\u0117jas Deividas Juozulynas pastebi, jog psichologi\u0161kai veikia net tos detal\u0117s, kuri\u0173 plika akimi beveik nematome.<\/p>\n<p>\u201eFormos yra u\u017eapvalintos, be a\u0161tri\u0173 kamp\u0173, nes a\u0161trumas \u017emogui pas\u0105moningai signalizuoja apie pavoj\u0173, o aptakumas kvie\u010dia prieiti. Kitas svarbus sprendimas \u2013 vertikali ekrano orientacija. Net savitarnos kas\u0173 ekranai po truput\u012f virsta ant \u0161ono ir darosi vertikal\u016bs. Pirk\u0117jai jau priprato prie i\u0161mani\u0173j\u0173 telefon\u0173 ir apsipirkimo princip\u0173 internete, tod\u0117l tokia ekrano pad\u0117tis sukuria jiems \u012fprast\u0105, telefoni\u0161k\u0105 patirt\u012f\u201c, \u2013 pasakoja D. Juozulynas.<\/p>\n<p>Pirk\u0117jai kei\u010dia \u012fpro\u010dius, tod\u0117l tobul\u0117ja ir indikatoriai, kurie padeda personalui. Prie \u012fprasto \u201e\u0161viesoforo\u201c principo (raudona signalizuoja klaid\u0105, \u017ealia kvie\u010dia prieiti) prisid\u0117jo balta \u0161viesa. Kai u\u017esidega raudonas klaidos signalas, jame palaipsniui ima ry\u0161k\u0117ti ir ilg\u0117ti balta juosta, rodanti, kiek laiko pirk\u0117jas laukia pagalbos. Kuo balta juosta ilgesn\u0117, tuo ilgiau problema lieka nei\u0161spr\u0119sta. Taip darbuotojai objektyviai mato, prie kurio \u017emogaus jie tur\u0117t\u0173 prieiti pirmiausia.<\/p>\n<p>Pasak D. Juozulyno, kai dizaineriai testuoja prototipus realiomis s\u0105lygomis, jie neretai atranda netik\u0117t\u0173 niuans\u0173. Pavyzd\u017eiui, pirm\u0173j\u0173 kas\u0173 r\u0117melis-pad\u0117klas atsid\u016br\u0117 \u0161iek tiek per arti kra\u0161to. \u017diem\u0105 pirk\u0117jai su storais paltais nety\u010dia j\u012f paliesdavo, o sistema i\u0161kart fiksuodavo klaid\u0105. Tokias smulkmenas k\u016br\u0117jai pastebi ir i\u0161taiso tik tada, kai stebi real\u0173 \u017emoni\u0173 elges\u012f prie kasos.<\/p>\n<p>\u201eTechnologijoms spar\u010diai \u017eengiant \u012f priek\u012f, tam tikras savitarnos kas\u0173 funkcijas palaipsniui perima DI\u00a0ir vaizdo kameros. Jau dabar matome, kaip DI moduliai atpa\u017e\u012fsta prek\u0119 anks\u010diau, nei pirk\u0117jas j\u0105 pasirenka ekrane, aktyviai testuojamos ir automatin\u0117s am\u017eiaus patvirtinimo sistemos. Ilgainiui vis daugiau funkcij\u0173 bus automatizuojama\u201c, \u2013 \u012f\u017evalgomis dalijasi P. Kepalavi\u010dius.<\/p>\n<p>\t\t\t\t\t\t\t\t\t\t\t\t <img decoding=\"async\" src=\"https:\/\/www.europesays.com\/lt\/wp-content\/uploads\/2026\/06\/1780893735_289_jp-1.png\"\/><\/p>\n","protected":false},"excerpt":{"rendered":"Tyrimai tai patvirtina. Pavyzd\u017eiui, \u201eNielsen Norman Group\u201c tyr\u0117jai atskleid\u017eia, kad \u017emogus dar nesp\u0117ja paliesti \u012frenginio, bet pas\u0105moningai jau&hellip;\n","protected":false},"author":2,"featured_media":197709,"comment_status":"","ping_status":"","sticky":false,"template":"","format":"standard","meta":{"footnotes":"","_share_on_mastodon":"0"},"categories":[17],"tags":[81,1648,37,39,36,38,40,1649,46],"class_list":["post-197708","post","type-post","status-publish","format-standard","has-post-thumbnail","category-verslas","tag-business","tag-kasa","tag-lietuva","tag-lietuviu","tag-lithuania","tag-lithuanian","tag-lt","tag-savitarnos-kasa","tag-verslas"],"share_on_mastodon":{"url":"https:\/\/pubeurope.com\/@lt\/116712659341932736","error":""},"_links":{"self":[{"href":"https:\/\/www.europesays.com\/lt\/wp-json\/wp\/v2\/posts\/197708","targetHints":{"allow":["GET"]}}],"collection":[{"href":"https:\/\/www.europesays.com\/lt\/wp-json\/wp\/v2\/posts"}],"about":[{"href":"https:\/\/www.europesays.com\/lt\/wp-json\/wp\/v2\/types\/post"}],"author":[{"embeddable":true,"href":"https:\/\/www.europesays.com\/lt\/wp-json\/wp\/v2\/users\/2"}],"replies":[{"embeddable":true,"href":"https:\/\/www.europesays.com\/lt\/wp-json\/wp\/v2\/comments?post=197708"}],"version-history":[{"count":0,"href":"https:\/\/www.europesays.com\/lt\/wp-json\/wp\/v2\/posts\/197708\/revisions"}],"wp:featuredmedia":[{"embeddable":true,"href":"https:\/\/www.europesays.com\/lt\/wp-json\/wp\/v2\/media\/197709"}],"wp:attachment":[{"href":"https:\/\/www.europesays.com\/lt\/wp-json\/wp\/v2\/media?parent=197708"}],"wp:term":[{"taxonomy":"category","embeddable":true,"href":"https:\/\/www.europesays.com\/lt\/wp-json\/wp\/v2\/categories?post=197708"},{"taxonomy":"post_tag","embeddable":true,"href":"https:\/\/www.europesays.com\/lt\/wp-json\/wp\/v2\/tags?post=197708"}],"curies":[{"name":"wp","href":"https:\/\/api.w.org\/{rel}","templated":true}]}}