{"id":19777,"date":"2025-10-17T15:54:15","date_gmt":"2025-10-17T15:54:15","guid":{"rendered":"https:\/\/www.europesays.com\/lt\/19777\/"},"modified":"2025-10-17T15:54:15","modified_gmt":"2025-10-17T15:54:15","slug":"i-ligonines-priemima-su-keliu-dienu-kudikiu-atvykes-tetis-liko-uz-duru-respublika-lt","status":"publish","type":"post","link":"https:\/\/www.europesays.com\/lt\/19777\/","title":{"rendered":"\u012e ligonin\u0117s pri\u0117mim\u0105 su keli\u0173 dien\u0173 k\u016bdikiu atvyk\u0119s t\u0117tis liko u\u017e dur\u0173 &#8211; Respublika.lt"},"content":{"rendered":"<p><img loading=\"lazy\" decoding=\"async\" src=\"https:\/\/www.respublika.lt\/lt\/naujienos\/lietuva\/kitos-lietuvos-zinios\/i-ligonines-priemima-su-keliu-dienu-kudikiu-atvykes-tetis-liko-uz-duru\/images\/ico_camera_white.gif\" class=\"camera\" width=\"22\" height=\"15\" alt=\"nuotr.\" style=\"position:relative; top:-2px; right:2px;\"\/> 1 nuotr.<\/p>\n<p>T\u0117tis skund\u017eiasi, jog su naujagimiu net kelioms valandoms buvo paliktas u\u017e ligonin\u0117s dur\u0173. Gydymo \u012fstaiga teisinasi, kad saugojo vaik\u0105 nuo COVID-19. Pixabay.com nuotr.<\/p>\n<p style=\"text-align: justify;\" class=\"desktop_banner\">\u00a0<\/p>\n<p>Vyras sako, kad su vos keli\u0173 dien\u0173 ma\u017eyliu buvo paliktas u\u017e dur\u0173 ir automobilyje tur\u0117jo praleisti net kelias valandas. Tuo tarpu gydymo \u012fstaiga teigia saugojusi naujagim\u012f nuo COVID-19, ta\u010diau i\u0161 situacijos pasimok\u0117.<\/p>\n<p>\u0160i situacija nutiko Tomo \u0161eimai, kai po cezario pj\u016bvio, staiga sukar\u0161\u010diavo \u017emona. \u012e Marijampol\u0117s ligonin\u0117s pri\u0117mimo skyri\u0173 jie atvyko visi trys: Tomas, neseniai pagimd\u017eiusi \u017emona ir a\u0161tuoni\u0173 dien\u0173 naujagimis.<\/p>\n<p>\u201eVos tik atvykus mums buvo pasakyta, kad skyriuje yra sergan\u010di\u0173 COVID-19, tod\u0117l su naujagimiu turime laukti automobilyje. \u017dmona liko skyriuje, o mes su vaiku lauk\u0117me ma\u0161inoje apie 4 valandas. Tik po to buvome nukreipti \u012f vaik\u0173 pri\u0117mim\u0105, kad \u017emona gal\u0117t\u0173 j\u012f pamaitinti, pakeisti sauskelnes.<\/p>\n<p>Ar normalu 8 dien\u0173 k\u016bdik\u012f laikyti 4 valandas ma\u0161inos k\u0117dut\u0117je prie 26 laipsni\u0173 kar\u0161\u010dio, nesudarant jam s\u0105lyg\u0173 nei i\u0161sitiesti, nei laiku pamaitinti, kai tokio am\u017eiaus naujagimis maitinamas kas 2 valandas? Man tai atrodo nepriimtina&#8221;, &#8211; pasakoja Tomas situacij\u0105, kuri nutiko rugs\u0117jo 6 d.<\/p>\n<p>Jis sako, kad i\u0161 viso pri\u0117mime \u0161eima praleido beveik 5 valandas: \u201e\u017dmonai nustat\u0117 galim\u0105 apendicit\u0105 ir i\u0161ra\u0161\u0117 siuntim\u0105 \u012f Kauno klinikas. Vos atvykus \u012f Kaun\u0105, dar neprad\u0117jus tyrim\u0173, \u017emonai buvo paskirta atskira palata. Tyrimai buvo pakartoti ir paai\u0161k\u0117jo, kad tai nebuvo apendicito simptomai. Galiausiai diagnoz\u0117 atmesta, \u017emona palikta steb\u0117jimui, bet operacijos nereik\u0117jo.<\/p>\n<p>Gerai bent tiek, kad Marijampol\u0117je nesugalvojo operuoti i\u0161 karto, o siunt\u0117 \u012f Kaun\u0105.&#8221;<\/p>\n<p>Po nemalonios patirties vyras dvi dienas band\u0117 susisiekti su Marijampol\u0117s ligonin\u0117s vadovu, ta\u010diau nepavyko. Tod\u0117l kreip\u0117si \u012f \u017einiasklaid\u0105.<\/p>\n<p>\u201eVakaro \u017einios&#8221; kreip\u0117si \u012f Marijampol\u0117s ligonin\u0117s administracij\u0105. \u012estaigos atstov\u0117 Aist\u0117 Visockien\u0117 patvirtino, kad atvejis \u017einomas, ir atsipra\u0161\u0117 \u0161eimos u\u017e patirtus nemalonumus.<\/p>\n<p>\u201eNoriu pabr\u0117\u017eti, jog \u0161iuo metu Marijampol\u0117s ligonin\u0117je vyksta Skubiosios medicinos pagalbos skyriaus rekonstrukcijos darbai, d\u0117l to kol kas n\u0117ra galimyb\u0117s pacientus nukreipti \u012f atskir\u0105 infekcin\u0119 izoliacin\u0119 zon\u0105.<\/p>\n<p>Pasibaigus rekonstrukcijai, tokia galimyb\u0117 tikrai bus u\u017etikrinta &#8211; bus \u012frengtos atskiros patalpos infekciniams pacientams bei numatyti atskiri srautai, taip siekiant maksimalaus pacient\u0173 saugumo ir komforto&#8221;, &#8211; nurod\u0117 atstov\u0117.<\/p>\n<p>Ji papasakojo, kad t\u0105 dien\u0105, kai Tomo \u0161eima atvyko \u012f gydymo \u012fstaig\u0105, skyriuje tuo metu buvo gydomi trys pacientai, sergantys arba \u012ftariamai sergantys COVID-19: \u201eAtsi\u017evelgiant \u012f tai, buvo nuspr\u0119sta pasir\u016bpinti, kad vos keli\u0173 dien\u0173 naujagimis neb\u016bt\u0173 bendroje laukimo zonoje, kur gal\u0117jo kilti u\u017esikr\u0117timo pavojus. <\/p>\n<p>B\u016btent d\u0117l \u0161ios prie\u017easties ligonin\u0117s darbuotojai pri\u0117m\u0117 sprendim\u0105 \u0161eimos narius papra\u0161yti palaukti kitur, taip u\u017etikrinant maksimaliai \u012fmanom\u0105 k\u016bdikio saugum\u0105.&#8221;<\/p>\n<p>Ji patikino suprantanti, kad laukimas automobilyje suk\u0117l\u0117 nepatogum\u0173, ypa\u010d d\u0117l oro temperat\u016bros ir k\u016bdikio maitinimo grafiko: \u201eTod\u0117l, kai at\u0117jo laikas maitinti k\u016bdik\u012f, \u0161eimai buvo sudaryta galimyb\u0117 pamaitinti ir palaukti visiems kartu atskiroje patalpoje, kur nebuvo galimos infekcijos rizikos.&#8221;<\/p>\n<p>Pasak jos, atsi\u017evelgus \u012f pacient\u0173 pastabas, Marijampol\u0117s ligonin\u0117s Skubiosios medicinos pagalbos skyriuje \u0161iuo metu jau veikia specialiai \u012frengta palata, skirta pacientams, turintiems didesn\u0119 u\u017esikr\u0117timo rizik\u0105 ar susilpn\u0117jus\u012f imunitet\u0105.<\/p>\n<p>Tod\u0117l ateityje, jei pacientams i\u0161kils poreikis, gal\u0117s laukti kartu su k\u016bdikiu, j\u012f pamaitinti, ar pervystyti.<\/p>\n","protected":false},"excerpt":{"rendered":"1 nuotr. T\u0117tis skund\u017eiasi, jog su naujagimiu net kelioms valandoms buvo paliktas u\u017e ligonin\u0117s dur\u0173. Gydymo \u012fstaiga teisinasi,&hellip;\n","protected":false},"author":2,"featured_media":19778,"comment_status":"","ping_status":"","sticky":false,"template":"","format":"standard","meta":{"footnotes":""},"categories":[13],"tags":[25,30,31,6418,34,35,24,6421,4468,32,33,6419,37,39,492,36,38,40,6417,5215,23,22,28,29,2175,26,27,6420],"class_list":{"0":"post-19777","1":"post","2":"type-post","3":"status-publish","4":"format-standard","5":"has-post-thumbnail","7":"category-lietuva","8":"tag-antrastes","9":"tag-breaking-news","10":"tag-breakingnews","11":"tag-covid","12":"tag-featured-news","13":"tag-featurednews","14":"tag-headlines","15":"tag-izoliacija","16":"tag-kudikis","17":"tag-latest-news","18":"tag-latestnews","19":"tag-laukti","20":"tag-lietuva","21":"tag-lietuviu","22":"tag-ligonine","23":"tag-lithuania","24":"tag-lithuanian","25":"tag-lt","26":"tag-marijampole","27":"tag-naujagimis","28":"tag-naujienos","29":"tag-news","30":"tag-populiariausios-naujienos","31":"tag-populiariausiosnaujienos","32":"tag-rekonstrukcija","33":"tag-top-stories","34":"tag-topstories","35":"tag-visockiene"},"share_on_mastodon":{"url":"","error":""},"_links":{"self":[{"href":"https:\/\/www.europesays.com\/lt\/wp-json\/wp\/v2\/posts\/19777","targetHints":{"allow":["GET"]}}],"collection":[{"href":"https:\/\/www.europesays.com\/lt\/wp-json\/wp\/v2\/posts"}],"about":[{"href":"https:\/\/www.europesays.com\/lt\/wp-json\/wp\/v2\/types\/post"}],"author":[{"embeddable":true,"href":"https:\/\/www.europesays.com\/lt\/wp-json\/wp\/v2\/users\/2"}],"replies":[{"embeddable":true,"href":"https:\/\/www.europesays.com\/lt\/wp-json\/wp\/v2\/comments?post=19777"}],"version-history":[{"count":0,"href":"https:\/\/www.europesays.com\/lt\/wp-json\/wp\/v2\/posts\/19777\/revisions"}],"wp:featuredmedia":[{"embeddable":true,"href":"https:\/\/www.europesays.com\/lt\/wp-json\/wp\/v2\/media\/19778"}],"wp:attachment":[{"href":"https:\/\/www.europesays.com\/lt\/wp-json\/wp\/v2\/media?parent=19777"}],"wp:term":[{"taxonomy":"category","embeddable":true,"href":"https:\/\/www.europesays.com\/lt\/wp-json\/wp\/v2\/categories?post=19777"},{"taxonomy":"post_tag","embeddable":true,"href":"https:\/\/www.europesays.com\/lt\/wp-json\/wp\/v2\/tags?post=19777"}],"curies":[{"name":"wp","href":"https:\/\/api.w.org\/{rel}","templated":true}]}}