{"id":198642,"date":"2026-06-09T08:00:09","date_gmt":"2026-06-09T08:00:09","guid":{"rendered":"https:\/\/www.europesays.com\/lt\/198642\/"},"modified":"2026-06-09T08:00:09","modified_gmt":"2026-06-09T08:00:09","slug":"siu-laiku-lyderiai-kuria-verte-matuojama-ne-tik-pinigais","status":"publish","type":"post","link":"https:\/\/www.europesays.com\/lt\/198642\/","title":{"rendered":"\u0160i\u0173 laik\u0173 lyderiai: kuria vert\u0119, matuojam\u0105 ne tik pinigais"},"content":{"rendered":"<p>Nugal\u0117tojus, kaip ir kasmet, penkiose kategorijose rinko BMI alumn\u0173 bendruomen\u0117, o vienoje j\u0173 \u2013 renkant did\u017eiausi\u0105 poveik\u012f padarius\u012f lyder\u012f \u2013 lemiam\u0105 \u017eod\u012f tar\u0117 visuomen\u0117. Daugiausia bals\u0173 surink\u0119 laureatai apdovanoti i\u0161kilmingame \u201eBMI Alumni Gala\u201c renginyje.<\/p>\n<p>Kandidatai buvo atrinkti i\u0161 tarptautin\u0117s vadov\u0173 verslo vadybos programos (International Executive MBA, EMBA) alumn\u0173 bendruomen\u0117s, kuri per 26 metus jau gerokai perkop\u0117 t\u016bkstant\u012f nari\u0173.<\/p>\n<p>\u201eBMI bendruomen\u0119 vienija tikslas kurti vert\u0119, per\u017eengian\u010di\u0105 savo organizacij\u0173 ribas. Lietuvoje \u012fleid\u017eia \u0161aknis gr\u0105\u017eos visuomenei kult\u016bra \u2013 d\u017eiaugiuosi, kad prie to aktyviai prisidedame. M\u016bs\u0173 alumnai aktyviai dalijasi \u017einiomis, prisideda prie visuomenei svarbi\u0173 iniciatyv\u0173 ir kuria realius poky\u010dius valstyb\u0117je. B\u016btent tokius lyderius ir siekiame \u012fvertinti\u201c, \u2013 sako alumnus vienijan\u010dio \u201eBMI Alumni Executive Club\u201c tarybos nar\u0117 Lina Daujot\u0117 (Taranenko).<\/p>\n<p>Visuomen\u0117 pirmenyb\u0119 teik\u0117 \u0161vietimui<\/p>\n<p>\u201eImpact Award\u201c kategorijoje apdovanojimas skiriamas u\u017e poveik\u012f visuomenei. Tad \u0161iemet nuspr\u0119sta, kad renkant laureat\u0105 svarbiausias tur\u0117t\u0173 b\u016bti pa\u010dios visuomen\u0117s balsas.<\/p>\n<p>Kartu su DELFI surengtame balsavime dalyvavo daugiau nei 8 t\u016bkst. skaitytoj\u0173. I\u0161 j\u0173 daugiausia \u2013 3 t\u016bkstan\u010diai \u2013 savo bals\u0105 skyr\u0117 dr. Agnei Liubertaitei-Am\u0161iejei, Vilniaus priva\u010dios gimnazijos \u012fk\u016br\u0117jai ir vadovei. Ji \u012fvertinta u\u017e reik\u0161ming\u0105 ind\u0117l\u012f modernizuojant Lietuvos \u0161vietimo sistem\u0105, stiprinant t\u0117v\u0173 \u0161vietim\u0105 ir emocin\u012f visuomen\u0117s atsparum\u0105.<\/p>\n<p>    <img decoding=\"async\" src=\"https:\/\/www.europesays.com\/lt\/wp-content\/uploads\/2026\/06\/a5d8976a-29c3-46c7-8e46-0b5d128d8b21.jpg\" loading=\"lazy\" alt=\"\u012eteikti BMI Alumni Awards apdovanojimai 2026\"\/>    <\/p>\n<p>\u201eMes visi esame \u0161vietimas. Tod\u0117l dalijimasis yra tai, k\u0105 mes privalome daryti. O svarbiausias dalykas, kuriuo galime pasidalinti, yra m\u016bs\u0173 laikas. Tai pati brangiausia m\u016bs\u0173 valiuta\u201c, &#8211; pasakoja dr. A. Liubertait\u0117-Am\u0161iej\u0117.<\/p>\n<p>Tuo tarpu BMI alumn\u0173 bendruomen\u0117s balsavime \u0161ioje kategorijoje daugiausia palaikymo sulauk\u0117 Vytautas \u0160ilinskas \u2013 \u201eInvestuotoj\u0173 forumo\u201c vadovas, buv\u0119s socialin\u0117s apsaugos ir darbo ministras. Jis \u012fvertintas u\u017e ind\u0117l\u012f stiprinant Lietuvos investicin\u0119 aplink\u0105 bei kuriant efektyvesn\u012f, modernesn\u012f vie\u0161\u0105j\u012f sektori\u0173.<\/p>\n<p>\u012evertino lyderyst\u0119 ir dalijim\u0105si \u017einiomis<\/p>\n<p>Geriausia vie\u0161\u0105ja kalb\u0117toja \u0161iemet i\u0161rinkta Milda Mitkut\u0117 \u2013 \u201eVinted\u201c bendra\u012fk\u016br\u0117ja. Ji aktyviai prisideda prie verslumo ir \u0161vietimo tem\u0173 sklaidos, o pra\u0117jusiais metais tapo pirm\u0105ja lietuve prane\u0161\u0117ja \u201eNordic Business Forum\u201c, inicijavo edukacin\u012f projekt\u0105 \u201eAHA Stories\u201c, publikavo straipsn\u012f presti\u017ein\u0117je IMD platformoje.<\/p>\n<p>    <img decoding=\"async\" src=\"https:\/\/www.europesays.com\/lt\/wp-content\/uploads\/2026\/06\/fd02d444-168c-4759-9f45-cc85305ef53a.jpg\" loading=\"lazy\" alt=\"\u012eteikti BMI Alumni Awards apdovanojimai 2026\"\/>    <\/p>\n<p>\u201eJeigu visuomen\u0117 nori klest\u0117ti, ji turi dalintis: \u017einiomis ir i\u0161\u0161\u016bkiais. Dirbti kartu. Dalijimasis \u2013 tai ne tiesiog atidavimas. Tai kaip investicija, padedanti kitam augti\u201c, &#8211; teigia M. Mitkut\u0117.<\/p>\n<p>\u201eDedication to Country\u201c apdovanojimas skirtas Lietuvos banko valdybos pirmininko pavaduotojai Vaidai Markevi\u010dienei. Ji \u012fvertinta u\u017e lyderyst\u0119 kuriant Lietuv\u0105 kaip vien\u0105 pa\u017eangiausi\u0173 ir patikimiausi\u0173 finansini\u0173 technologij\u0173 centr\u0173 Europoje, stiprinant vartotoj\u0173 apsaug\u0105, pinig\u0173 plovimo prevencij\u0105 bei skaitmenini\u0173 finans\u0173 inovacijas.<\/p>\n<p>    <img decoding=\"async\" src=\"https:\/\/www.europesays.com\/lt\/wp-content\/uploads\/2026\/06\/317aa736-eb45-49ab-aa19-111f2b7a5cfd.jpg\" loading=\"lazy\" alt=\"\u012eteikti BMI Alumni Awards apdovanojimai 2026\"\/>    <\/p>\n<p>Geriausio verslininko apdovanojimas atiteko Pauliui Aleksejevui, \u201eGEALAN Window Systems Inc.\u201c prezidentui ir vadovui JAV. Jam vadovaujant bendrov\u0117 2025 metais u\u017ebaig\u0117 strategin\u0119 pl\u0117tr\u0105 \u012f \u0160iaur\u0117s Amerik\u0105, \u012fsteigdama b\u016bstin\u0119 ir gamybos paj\u0117gumus Ohajo valstijoje.<\/p>\n<p>Karjeros progreso kategorijoje daugiausia bals\u0173 surinko Simonas Lisauskas. 2025 met\u0173 pabaigoje jis tapo \u201eLietuvos draudimo\u201c generaliniu direktoriumi ir valdybos pirmininku. Iki tol S. Lisauskas vadovavo Komercini\u0173 pardavim\u0173 departamentui.<\/p>\n","protected":false},"excerpt":{"rendered":"Nugal\u0117tojus, kaip ir kasmet, penkiose kategorijose rinko BMI alumn\u0173 bendruomen\u0117, o vienoje j\u0173 \u2013 renkant did\u017eiausi\u0105 poveik\u012f padarius\u012f&hellip;\n","protected":false},"author":2,"featured_media":198643,"comment_status":"","ping_status":"","sticky":false,"template":"","format":"standard","meta":{"footnotes":"","_share_on_mastodon":"0"},"categories":[17],"tags":[8211,81,37,39,36,38,40,3026,46],"class_list":["post-198642","post","type-post","status-publish","format-standard","has-post-thumbnail","category-verslas","tag-bmi","tag-business","tag-lietuva","tag-lietuviu","tag-lithuania","tag-lithuanian","tag-lt","tag-studijos","tag-verslas"],"share_on_mastodon":{"url":"https:\/\/pubeurope.com\/@lt\/116719100230000992","error":""},"_links":{"self":[{"href":"https:\/\/www.europesays.com\/lt\/wp-json\/wp\/v2\/posts\/198642","targetHints":{"allow":["GET"]}}],"collection":[{"href":"https:\/\/www.europesays.com\/lt\/wp-json\/wp\/v2\/posts"}],"about":[{"href":"https:\/\/www.europesays.com\/lt\/wp-json\/wp\/v2\/types\/post"}],"author":[{"embeddable":true,"href":"https:\/\/www.europesays.com\/lt\/wp-json\/wp\/v2\/users\/2"}],"replies":[{"embeddable":true,"href":"https:\/\/www.europesays.com\/lt\/wp-json\/wp\/v2\/comments?post=198642"}],"version-history":[{"count":0,"href":"https:\/\/www.europesays.com\/lt\/wp-json\/wp\/v2\/posts\/198642\/revisions"}],"wp:featuredmedia":[{"embeddable":true,"href":"https:\/\/www.europesays.com\/lt\/wp-json\/wp\/v2\/media\/198643"}],"wp:attachment":[{"href":"https:\/\/www.europesays.com\/lt\/wp-json\/wp\/v2\/media?parent=198642"}],"wp:term":[{"taxonomy":"category","embeddable":true,"href":"https:\/\/www.europesays.com\/lt\/wp-json\/wp\/v2\/categories?post=198642"},{"taxonomy":"post_tag","embeddable":true,"href":"https:\/\/www.europesays.com\/lt\/wp-json\/wp\/v2\/tags?post=198642"}],"curies":[{"name":"wp","href":"https:\/\/api.w.org\/{rel}","templated":true}]}}