{"id":198825,"date":"2026-06-09T11:39:14","date_gmt":"2026-06-09T11:39:14","guid":{"rendered":"https:\/\/www.europesays.com\/lt\/198825\/"},"modified":"2026-06-09T11:39:14","modified_gmt":"2026-06-09T11:39:14","slug":"zemaitaitis-mano-kad-keiciantis-koalicijai-ruginiene-neturi-sansu-likti-pareigose-respublika-lt","status":"publish","type":"post","link":"https:\/\/www.europesays.com\/lt\/198825\/","title":{"rendered":"\u017demaitaitis mano, kad kei\u010diantis koalicijai Ruginien\u0117 neturi \u0161ans\u0173 likti pareigose &#8211; Respublika.lt"},"content":{"rendered":"<p><img loading=\"lazy\" decoding=\"async\" src=\"https:\/\/www.respublika.lt\/lt\/naujienos\/lietuva\/lietuvos_politika\/zemaitaitis-mano-kad-keiciantis-koalicijai-ruginiene-neturi-sansu-likti-pareigose\/images\/ico_camera_white.gif\" class=\"camera\" width=\"22\" height=\"15\" alt=\"nuotr.\" style=\"position:relative; top:-2px; right:2px;\"\/> 1 nuotr.<\/p>\n<p>Remigijus \u017demaitaitis. Eltos nuotr.<\/p>\n<p style=\"text-align: justify;\" class=\"desktop_banner\">\u00a0<\/p>\n<p style=\"text-align: left;\">\u00a0<\/p>\n<p style=\"text-align: left;\">\u201e\u0160ans\u0173 joki\u0173 neturi, nes pasikeit\u0117 socialdemokrat\u0173 partijos pirmininkas. Nat\u016bralu, kad partijos pirmininkas nori u\u017eimti ir tikrai u\u017eims vadovaujan\u010dias pozicijas\u201c, \u2013 antradien\u012f Seime \u017eurnalistams teig\u0117 R. \u017demaitaitis.\u00a0<\/p>\n<p style=\"text-align: left;\">Kaip skelbta, po \u0161e\u0161tadien\u012f vykusio Lietuvos socialdemokrat\u0173 partijos (LSDP) tarybos pos\u0117d\u017eio Mindaugas Sinkevi\u010dius patikino, jog prisiima atsakomyb\u0119 u\u017e inicijuojamus poky\u010dius Vyriausyb\u0117je, ta\u010diau \u012f klausim\u0105, ar matyt\u0173 save ministro pirmininko k\u0117d\u0117je, neatsak\u0117.\u00a0<\/p>\n<p style=\"text-align: left;\">Savo ruo\u017etu dabartin\u0117 Vyriausyb\u0117s vadov\u0117 Inga Ruginien\u0117 anks\u010diau nepatvirtino, ar su socdem\u0173 lyderiu aptar\u0117 galimyb\u0119 \u0161iam perimti jos einamas pareigas. Vis tik ji pati tikino nesanti \u201e\u012fsikibusi\u201c \u012f savo post\u0105.\u00a0<\/p>\n<p style=\"text-align: left;\">Kaip skelb\u0117 ELTA, \u0161e\u0161tadien\u012f LSDP taryba nusprend\u0117 keisti pernai vasar\u0105 sudaryt\u0105 valdan\u010di\u0105j\u0105 daugum\u0105, i\u0161 jos pa\u0161alinant \u201eNemuno au\u0161r\u0105\u201c ir pradedant konsultacijas su Demokrat\u0173 s\u0105junga \u201eVardan Lietuvos\u201c.<\/p>\n<p style=\"text-align: left;\">LSDP lyderis M. Sinkevi\u010dius teig\u0117 negal\u012fs patikinti, jog performavus valdan\u010di\u0105j\u0105 daugum\u0105 pareigose liks u\u017esienio reikal\u0173 ministras K\u0119stutis Budrys, taip pat tikino, jog naujuoju diplomatijos vadovu gal\u0117t\u0173 tapti ir laikinasis Demokrat\u0173 s\u0105jungos \u201eVardan Lietuvos\u201c pirmininkas, jeigu ry\u017et\u0173si tokiam \u017eingsniui.<\/p>\n<p style=\"text-align: left;\">Neoficialiai skelbta, kad naujoje Vyriausyb\u0117je socialdemokratai gali svarstyti keisti finans\u0173 ministr\u0105 Kristup\u0105 Vaitiek\u016bn\u0105, vidaus reikal\u0173 ministr\u0105 V. Kondratovi\u010di\u0173, kult\u016bros ministr\u0119 Vaid\u0105 Aleknavi\u010dien\u0119.<\/p>\n<p style=\"text-align: left;\">ELTA primena, kad \u012ftampa dabartin\u0117je koalicijoje padid\u0117jo po to, kai dalis valdan\u010di\u0173j\u0173 partneri\u0173 Seime nepalaik\u0117 Kap\u010diamies\u010dio karinio poligono steigimo.\u00a0<\/p>\n<p style=\"text-align: left;\">Kritik\u0105 dabartinei koalicijai su \u201eNemuno au\u0161ra\u201c ne kart\u0105 yra i\u0161sak\u0119 kai kurie LSDP nariai, pastaruoju metu socialdemokrat\u0173 darb\u0105 su \u201eau\u0161rie\u010diais\u201c vis da\u017eniau sukritikuodavo ir \u0161alies vadovas Gitanas Naus\u0117da.\u00a0<\/p>\n<p style=\"text-align: left;\">Vie\u0161oje erdv\u0117je keliant id\u0117jas, jog sub\u016brus nauj\u0105 koalicij\u0105 I. Ruginien\u0119 premjero poste tur\u0117t\u0173 keisti M. Sinkevi\u010dius, prezidentas teig\u0117, jog d\u0117l poreikio \u201eradikalesniems\u201c koalicijos perkrovimams tur\u0117t\u0173 apsispr\u0119sti patys socialdemokratai.<\/p>\n","protected":false},"excerpt":{"rendered":"1 nuotr. Remigijus \u017demaitaitis. Eltos nuotr. \u00a0 \u00a0 \u201e\u0160ans\u0173 joki\u0173 neturi, nes pasikeit\u0117 socialdemokrat\u0173 partijos pirmininkas. Nat\u016bralu, kad&hellip;\n","protected":false},"author":2,"featured_media":198826,"comment_status":"","ping_status":"","sticky":false,"template":"","format":"standard","meta":{"footnotes":"","_share_on_mastodon":"0"},"categories":[6],"tags":[25,30,31,34,35,24,414,32,33,37,39,36,38,4281,40,23,22,28,29,412,26,27,413],"class_list":["post-198825","post","type-post","status-publish","format-standard","has-post-thumbnail","category-antrastes","tag-antrastes","tag-breaking-news","tag-breakingnews","tag-featured-news","tag-featurednews","tag-headlines","tag-koalicija","tag-latest-news","tag-latestnews","tag-lietuva","tag-lietuviu","tag-lithuania","tag-lithuanian","tag-lsdp","tag-lt","tag-naujienos","tag-news","tag-populiariausios-naujienos","tag-populiariausiosnaujienos","tag-ruginiene","tag-top-stories","tag-topstories","tag-zemaitaitis"],"share_on_mastodon":{"url":"https:\/\/pubeurope.com\/@lt\/116719961092705782","error":""},"_links":{"self":[{"href":"https:\/\/www.europesays.com\/lt\/wp-json\/wp\/v2\/posts\/198825","targetHints":{"allow":["GET"]}}],"collection":[{"href":"https:\/\/www.europesays.com\/lt\/wp-json\/wp\/v2\/posts"}],"about":[{"href":"https:\/\/www.europesays.com\/lt\/wp-json\/wp\/v2\/types\/post"}],"author":[{"embeddable":true,"href":"https:\/\/www.europesays.com\/lt\/wp-json\/wp\/v2\/users\/2"}],"replies":[{"embeddable":true,"href":"https:\/\/www.europesays.com\/lt\/wp-json\/wp\/v2\/comments?post=198825"}],"version-history":[{"count":0,"href":"https:\/\/www.europesays.com\/lt\/wp-json\/wp\/v2\/posts\/198825\/revisions"}],"wp:featuredmedia":[{"embeddable":true,"href":"https:\/\/www.europesays.com\/lt\/wp-json\/wp\/v2\/media\/198826"}],"wp:attachment":[{"href":"https:\/\/www.europesays.com\/lt\/wp-json\/wp\/v2\/media?parent=198825"}],"wp:term":[{"taxonomy":"category","embeddable":true,"href":"https:\/\/www.europesays.com\/lt\/wp-json\/wp\/v2\/categories?post=198825"},{"taxonomy":"post_tag","embeddable":true,"href":"https:\/\/www.europesays.com\/lt\/wp-json\/wp\/v2\/tags?post=198825"}],"curies":[{"name":"wp","href":"https:\/\/api.w.org\/{rel}","templated":true}]}}