{"id":199007,"date":"2026-06-09T15:17:00","date_gmt":"2026-06-09T15:17:00","guid":{"rendered":"https:\/\/www.europesays.com\/lt\/199007\/"},"modified":"2026-06-09T15:17:00","modified_gmt":"2026-06-09T15:17:00","slug":"stringa-paramos-saules-elektrinems-dalybos-luzta-sistema","status":"publish","type":"post","link":"https:\/\/www.europesays.com\/lt\/199007\/","title":{"rendered":"Stringa paramos saul\u0117s elektrin\u0117ms dalybos: l\u016b\u017eta sistema"},"content":{"rendered":"<p>Bir\u017eelio 9 dien\u0105 gyventojai, \u012fsireng\u0119 saul\u0117s elektrines, gali teikti parai\u0161kas Energetikos ministerijos inicijuotai paramai gauti \u2013 tam skirta 13 mln. eur\u0173.<\/p>\n<p>\u201eTai \u2013 lenktyn\u0117s\u201c<\/p>\n<p>Skaitytojas Robertas (vardas pakeistas, redakcijai \u017einomas) sako, kad paramos kvietimas startavo 8 val. ryto, bet i\u0161kart matyti nesklandum\u0173. <\/p>\n<p>\u201eKaip jau Lietuvoje da\u017enai b\u016bna, APVA nepasiruo\u0161\u0117 tam \u2013 sistema prad\u0117jo l\u016b\u017ein\u0117ti dar prie\u0161 8 val., v\u0117liau prisijungus neleido \u012fkelti reikiam\u0173 dokument\u0173, \u0161iuo metu i\u0161 viso puslapis yra nepasiekiamas\u201c, \u2013 \u0161iek tiek po 9 valandos ra\u0161\u0117 skaitytojas.<\/p>\n<p>Jis atkreipia d\u0117mes\u012f, kad socialiniame tinkle \u201eFacebook\u201c \u017emon\u0117s dalijasi savo prasta patirtimi.<\/p>\n<p>\u201eArgi nebuvo galima pasiruo\u0161ti \u0161iai dienai i\u0161 anksto?\u201c, \u2013 klausia Robertas, reikalaudamas institucij\u0173 atsakomyb\u0117s.<\/p>\n<p>Pasak jo, \u012f Aplinkos projekt\u0173 valdymo agent\u016br\u0105 (APVA) ne\u012fmanoma prisiskambinti, o Aplinkos ministerijoje sulauk\u0117 si\u016blymo ra\u0161yti lai\u0161k\u0105 (agent\u016bra pavaldi ministerijai).<\/p>\n<p>\u201eLabai maloniai paai\u0161kino, kad ra\u0161ykite lai\u0161k\u0105. Taip. Tik per 20 darbo dien\u0173 \u2013 kol \u012f j\u012f bus atsakyta, \u2013 paramos tikrai nebus, nes kelis kartus kai leido prisijungti, tai galima buvo matyti, kad apie 1,5 milijono i\u0161 13 milijon\u0173 (eur\u0173) jau i\u0161dalinta\u201c, \u2013 sako vyras.<\/p>\n<p>\u201eFacebook\u201c tinkle vienas \u017emogus ra\u0161o, kad vis kelia po vien\u0105 byl\u0105 ir \u201enul\u016b\u017ein\u0117ja nuo 8:00\u201c. Dar viena moteris sako, jog \u201eli\u016bdnoka su sistema. Pusantros valandos jau bandau pateikti, bet vis ne\u012fkelia dokument\u0173\u201c.<\/p>\n<p>\u201eDelfi\u201c sulauk\u0117 kito skaitytojo pra\u0161ymo \u201ei\u0161vie\u0161inti did\u017eiul\u0119 problem\u0105 d\u0117l APVIS\u201c, tai yra agent\u016bros informacin\u0117 sistema,<\/p>\n<p>\u201eNiekaip ne\u012fmanoma pateikti per sistem\u0105 parai\u0161kos \u2013 tai visi\u0161kas ty\u010diojimasis i\u0161 \u017emoni\u0173 (&#8230;) Tik visuomen\u0117je suk\u016brimas iliuzijos, pliuso u\u017ed\u0117jimas valdinink\u0173, kad yra ka\u017ekokios kompensacijos, kuri\u0173 ne\u012fmanoma gauti\u201c, \u2013 sako \u017emogus, prisistat\u0119s Linu.<\/p>\n<p>Pasak Lino, paramos teikimas virto lenktyn\u0117mis.<\/p>\n<p>\u201eTuri dalyvauti kaip kokiame sprinte, ka\u017ekokiose lenktyn\u0117se, taip netur\u0117t\u0173 b\u016bti. Reikt\u0173 paklausti ministerijos ar tai yra normalu. Mint\u012f, manau, supratote\u201c, \u2013 teig\u0117 skaitytojas, matyt, irgi tur\u0117damas omenyje Aplinkos ministerij\u0105.<\/p>\n<p>\u201eDelfi\u201c band\u0117 prisijungti prie APVIS apie 10 val. 20 min., ta\u010diau puslapis neveik\u0117:<\/p>\n<p>    <img decoding=\"async\" src=\"https:\/\/www.europesays.com\/lt\/wp-content\/uploads\/2026\/06\/5a8b550c-768e-464d-93a2-355c1e62c23e.jpg\" loading=\"lazy\" alt=\"APVIS sistemos b\u016bkl\u0117 10.18 val., antradien\u012f\"\/>    <\/p>\n<p>V\u0117liau, apie 10 val. 35 min. jau galima buvo prisijungti:<\/p>\n<p>    <img decoding=\"async\" src=\"https:\/\/www.europesays.com\/lt\/wp-content\/uploads\/2026\/06\/71678f93-9777-4cdb-9977-56d1bbeb9c75.jpg\" loading=\"lazy\" alt=\"Sistemos b\u016bkl\u0117 apie 10 val. 35 min.\"\/>    <\/p>\n<p>Tre\u010dias skaitytojas Lionginas (vardas pakeistas, redakcijai \u017einomas) sako, kad \u201eXXI am\u017eiuje nesugeb\u0117ti paruo\u0161ti IT infrastrukt\u016bros didesniam vartotoj\u0173 srautui \u2013 tai ne tik did\u017eiulis aplaidumas, bet ir akivaizdus kompetencijos tr\u016bkumas\u201c. Pasak jo, u\u017e tai atsakingi asmenys tur\u0117t\u0173 prisiimti asmenin\u0119 atsakomyb\u0119.<\/p>\n<p>APVA: jungiasi t\u016bkstan\u010diai \u017emoni\u0173<\/p>\n<p>Aplinkos projekt\u0173 valdymo agent\u016bra komentuoja \u201eDelfi\u201c, kad trikd\u017eiai pa\u0161alinti. <\/p>\n<p>\u201e\u0160iame procese dalyvauja ir Registr\u0173 centras, ir Valstybin\u0117 skaitmenini\u0173 sprendim\u0173 agent\u016bra, m\u016bs\u0173 sistemos tiek\u0117jai ir duomen\u0173 pateikimo etape tie trikd\u017eiai ir \u012fvyko, bet vis\u0173 partneri\u0173 d\u0117ka jie operatyviai buvo pa\u0161alinti ir dabar sistema v\u0117l veikia\u201c, \u2013 sak\u0117 APVA atstov\u0117 Egl\u0117 Pliuskuvien\u0117. <\/p>\n<p>    <img decoding=\"async\" src=\"https:\/\/www.europesays.com\/lt\/wp-content\/uploads\/2026\/06\/2d08997a-ad94-49dd-ab16-d2646033b469.jpg\" loading=\"lazy\" alt=\"Elektros skaitiklis\"\/>    <\/p>\n<p>Pasak jos, daugiausiai prie sistemos gali jungtis 2,5 t\u016bkst. klient\u0173 vienu metu. <\/p>\n<p>\u201eJeigu vir\u0161ija, reikia palaukti\u201c, \u2013 prid\u016br\u0117 ji. <\/p>\n<p>Kaip matyti i\u0161 auk\u0161\u010diau pateiktos ekrano kopijos, jau i\u0161dalyta apie 3,5 mln. eur\u0173 paramos, lieka apie 9,5 mln. eur\u0173. <\/p>\n<p>Paramos dydis \u0161\u012fkart siekia 169,96 Eur su PVM u\u017e 1 kW \u012frengtosios galios saul\u0117s elektrin\u0119, kai bent vienas saul\u0117s elektrin\u0117s pagrindinis specifinis komponentas pagamintas tre\u010diojoje \u0161alyje (Kinijoje) ir 220,97 Eur su PVM, kai visi saul\u0117s elektrin\u0117s pagrindiniai specifiniai komponentai n\u0117ra pagaminti Kinijoje.<\/p>\n<p>Tai toli gra\u017eu n\u0117ra pirmas toks incidentas, kai stringa sistema: <\/p>\n<p>Trumpa i\u0161trauka i\u0161 laidos \u201eVerslo tema\u201c: Valstybin\u0117s energetikos reguliavimo tarybos (VERT) pirmininkas Renatas Pocius \u012fvertino, ar vis dar apsimoka \u012fsirengti saul\u0117s elektrin\u0119:  <\/p>\n","protected":false},"excerpt":{"rendered":"Bir\u017eelio 9 dien\u0105 gyventojai, \u012fsireng\u0119 saul\u0117s elektrines, gali teikti parai\u0161kas Energetikos ministerijos inicijuotai paramai gauti \u2013 tam skirta&hellip;\n","protected":false},"author":2,"featured_media":199008,"comment_status":"","ping_status":"","sticky":false,"template":"","format":"standard","meta":{"footnotes":"","_share_on_mastodon":"0"},"categories":[6],"tags":[25,9969,30,31,34,35,24,5361,32,33,37,39,36,38,40,23,22,28,29,11525,26,27],"class_list":["post-199007","post","type-post","status-publish","format-standard","has-post-thumbnail","category-antrastes","tag-antrastes","tag-apva","tag-breaking-news","tag-breakingnews","tag-featured-news","tag-featurednews","tag-headlines","tag-kompensacijos","tag-latest-news","tag-latestnews","tag-lietuva","tag-lietuviu","tag-lithuania","tag-lithuanian","tag-lt","tag-naujienos","tag-news","tag-populiariausios-naujienos","tag-populiariausiosnaujienos","tag-saules-elektrine","tag-top-stories","tag-topstories"],"share_on_mastodon":{"url":"https:\/\/pubeurope.com\/@lt\/116720818710832187","error":""},"_links":{"self":[{"href":"https:\/\/www.europesays.com\/lt\/wp-json\/wp\/v2\/posts\/199007","targetHints":{"allow":["GET"]}}],"collection":[{"href":"https:\/\/www.europesays.com\/lt\/wp-json\/wp\/v2\/posts"}],"about":[{"href":"https:\/\/www.europesays.com\/lt\/wp-json\/wp\/v2\/types\/post"}],"author":[{"embeddable":true,"href":"https:\/\/www.europesays.com\/lt\/wp-json\/wp\/v2\/users\/2"}],"replies":[{"embeddable":true,"href":"https:\/\/www.europesays.com\/lt\/wp-json\/wp\/v2\/comments?post=199007"}],"version-history":[{"count":0,"href":"https:\/\/www.europesays.com\/lt\/wp-json\/wp\/v2\/posts\/199007\/revisions"}],"wp:featuredmedia":[{"embeddable":true,"href":"https:\/\/www.europesays.com\/lt\/wp-json\/wp\/v2\/media\/199008"}],"wp:attachment":[{"href":"https:\/\/www.europesays.com\/lt\/wp-json\/wp\/v2\/media?parent=199007"}],"wp:term":[{"taxonomy":"category","embeddable":true,"href":"https:\/\/www.europesays.com\/lt\/wp-json\/wp\/v2\/categories?post=199007"},{"taxonomy":"post_tag","embeddable":true,"href":"https:\/\/www.europesays.com\/lt\/wp-json\/wp\/v2\/tags?post=199007"}],"curies":[{"name":"wp","href":"https:\/\/api.w.org\/{rel}","templated":true}]}}