{"id":199152,"date":"2026-06-09T17:40:45","date_gmt":"2026-06-09T17:40:45","guid":{"rendered":"https:\/\/www.europesays.com\/lt\/199152\/"},"modified":"2026-06-09T17:40:45","modified_gmt":"2026-06-09T17:40:45","slug":"salcininku-komisariato-uzkulisiai-delfi","status":"publish","type":"post","link":"https:\/\/www.europesays.com\/lt\/199152\/","title":{"rendered":"\u0160al\u010dinink\u0173 komisariato u\u017ekulisiai &#8211; Delfi"},"content":{"rendered":"<p>Smulkmenos, kaip i\u0161ties atrod\u0117 tarnyba komisariate, paai\u0161k\u0117jo po to, kai Lietuvos vyriausiasis administracinis teismas (LVAT) gegu\u017e\u0117s 20 dien\u0105 i\u0161nagrin\u0117jo byl\u0105 d\u0117l \u0160al\u010dinink\u0173 policijos Veiklos skyriaus vir\u0161inink\u0117s Aksanos Vasilevskos (ankstesn\u0117 pavard\u0117 \u2013 Mucharskien\u0117) atleidimo. <\/p>\n<p>Aksana Vasilevska i\u0161 policijos i\u0161mesta 2024 met\u0173 lapkrit\u012f d\u0117l pareig\u016bno vardo pa\u017eeminimo. Ta\u010diau tuomet policija nedetalizavo, u\u017e kokias nuod\u0117mes ji atleid\u017eiama. Jos paai\u0161k\u0117jo tik dabar, pri\u0117mus teismo sprendim\u0105. <\/p>\n","protected":false},"excerpt":{"rendered":"Smulkmenos, kaip i\u0161ties atrod\u0117 tarnyba komisariate, paai\u0161k\u0117jo po to, kai Lietuvos vyriausiasis administracinis teismas (LVAT) gegu\u017e\u0117s 20 dien\u0105&hellip;\n","protected":false},"author":2,"featured_media":199153,"comment_status":"","ping_status":"","sticky":false,"template":"","format":"standard","meta":{"footnotes":"","_share_on_mastodon":"0"},"categories":[13],"tags":[30741,25,30,31,34,35,24,2960,2717,32,33,37,39,36,38,40,23,22,28,29,30742,26,27],"class_list":["post-199152","post","type-post","status-publish","format-standard","has-post-thumbnail","category-lietuva","tag-andzejus-grudinskis","tag-antrastes","tag-breaking-news","tag-breakingnews","tag-featured-news","tag-featurednews","tag-headlines","tag-kontrabanda","tag-korupcija","tag-latest-news","tag-latestnews","tag-lietuva","tag-lietuviu","tag-lithuania","tag-lithuanian","tag-lt","tag-naujienos","tag-news","tag-populiariausios-naujienos","tag-populiariausiosnaujienos","tag-salcininku-rajono-policijos-komisariatas","tag-top-stories","tag-topstories"],"share_on_mastodon":{"url":"https:\/\/pubeurope.com\/@lt\/116721380413643049","error":""},"_links":{"self":[{"href":"https:\/\/www.europesays.com\/lt\/wp-json\/wp\/v2\/posts\/199152","targetHints":{"allow":["GET"]}}],"collection":[{"href":"https:\/\/www.europesays.com\/lt\/wp-json\/wp\/v2\/posts"}],"about":[{"href":"https:\/\/www.europesays.com\/lt\/wp-json\/wp\/v2\/types\/post"}],"author":[{"embeddable":true,"href":"https:\/\/www.europesays.com\/lt\/wp-json\/wp\/v2\/users\/2"}],"replies":[{"embeddable":true,"href":"https:\/\/www.europesays.com\/lt\/wp-json\/wp\/v2\/comments?post=199152"}],"version-history":[{"count":0,"href":"https:\/\/www.europesays.com\/lt\/wp-json\/wp\/v2\/posts\/199152\/revisions"}],"wp:featuredmedia":[{"embeddable":true,"href":"https:\/\/www.europesays.com\/lt\/wp-json\/wp\/v2\/media\/199153"}],"wp:attachment":[{"href":"https:\/\/www.europesays.com\/lt\/wp-json\/wp\/v2\/media?parent=199152"}],"wp:term":[{"taxonomy":"category","embeddable":true,"href":"https:\/\/www.europesays.com\/lt\/wp-json\/wp\/v2\/categories?post=199152"},{"taxonomy":"post_tag","embeddable":true,"href":"https:\/\/www.europesays.com\/lt\/wp-json\/wp\/v2\/tags?post=199152"}],"curies":[{"name":"wp","href":"https:\/\/api.w.org\/{rel}","templated":true}]}}