{"id":199222,"date":"2026-06-09T19:08:01","date_gmt":"2026-06-09T19:08:01","guid":{"rendered":"https:\/\/www.europesays.com\/lt\/199222\/"},"modified":"2026-06-09T19:08:01","modified_gmt":"2026-06-09T19:08:01","slug":"vasara-mieste-ant-vandens-goda-problema-apie-sporta-kuris-istraukia-is-kasdienio-ritmo","status":"publish","type":"post","link":"https:\/\/www.europesays.com\/lt\/199222\/","title":{"rendered":"Vasara mieste ant vandens: Goda Problema apie sport\u0105, kuris i\u0161traukia i\u0161 kasdienio ritmo"},"content":{"rendered":"<p>\u201eVasar\u0105 norisi daugiau veikl\u0173, kurios i\u0161traukt\u0173 i\u0161 \u012fprasto dienos ritmo \u2013 po darb\u0173 ne visada norisi tiesiog gr\u012f\u017eti namo ar eiti \u012f sporto sal\u0119. Vanduo, geras oras ir \u0161iek tiek adrenalino man labai tinka, tod\u0117l vandenlen\u010di\u0173 sportas tapo veikla, \u012f kuri\u0105 norisi gr\u012f\u017eti. Man svarbu, kad sportas teikt\u0173 malonum\u0105, o ne virst\u0173 dar vienu rezultatu, kur\u012f reikia pasiekti\u201c, \u2013 sako Goda Problema.<\/p>\n<p>Nuo pirm\u0173 nes\u0117kmi\u0173 iki veiklos, kuri tapo sava<\/p>\n<p>Godos pa\u017eintis su vandens sportu prasid\u0117jo televizijos projekte, kuriame ji mok\u0117si stov\u0117ti ant lentos dirbtin\u0117s bangos baseine. Nors \u0161iandien vandenlen\u010di\u0173 sportas jai atrodo neatsiejama vasaros dalis, pirmieji bandymai buvo kur kas sud\u0117tingesni, nei gal\u0117t\u0173 pasirodyti i\u0161 \u0161alies.<\/p>\n<p>Pasak turinio k\u016br\u0117jos, iki tol ji nebuvo tur\u0117jusi pana\u0161ios patirties, tod\u0117l mokytis teko nuo nulio. Dalis kit\u0173 projekto dalyvi\u0173 jau buvo band\u0119 pana\u0161ias veiklas ar tur\u0117jo daugiau \u012fg\u016bd\u017ei\u0173, o jai kur\u012f laik\u0105 nepavykdavo i\u0161silaikyti ant lentos. Vis d\u0117lto b\u016btent dalyvavimas projekte pad\u0117jo nenuleisti rank\u0173 ir t\u0119sti net tada, kai pirmieji bandymai k\u0117l\u0117 daugiau \u012ftampos nei d\u017eiaugsmo.<\/p>\n<p>\u201eKai pirm\u0105 kart\u0105 paband\u017eiau atsistoti ant lentos, man labai nesisek\u0117. A\u0161 prie\u0161 tai nebuvau tur\u0117jusi jokios pana\u0161ios patirties, tod\u0117l tas procesas u\u017etruko ir k\u0117l\u0117 nema\u017eai streso. Jeigu ne projektas, tikriausiai po keli\u0173 kart\u0173 b\u016b\u010diau pasakiusi, kad \u0161itas dalykas ne man. Bet tada atsirado noras sau \u012frodyti, kad galiu. Galiausiai pasiekiau final\u0105 ir visai neblogai pasirod\u017eiau, tod\u0117l labai gerai, kad \u0161ios veiklos neatsisakiau. Pasirod\u0117, kad ji kaip tik man tinka \u2013 tiesiog reik\u0117jo daugiau laiko ir darbo\u201c, \u2013 dalijasi Goda Problema.<\/p>\n<p>\u012egytas \u012fg\u016bdis v\u0117liau paskatino prie vandens sporto gr\u012f\u017eti ir toliau. Pasak Godos, plaukimas vandenlente jai primin\u0117 tai, k\u0105 buvo i\u0161mokusi ant dirbtin\u0117s bangos, tik vasar\u0105 \u0161i\u0105 patirt\u012f papild\u0117 atvira erdv\u0117, geras oras ir buvimas ant vandens.<\/p>\n<p>    <img decoding=\"async\" src=\"https:\/\/www.europesays.com\/lt\/wp-content\/uploads\/2026\/06\/62281d08-0cf4-44a9-988b-c69319c5dca8.jpg\" loading=\"lazy\" alt=\"Goda Problema\"\/>      <\/p>\n<p>Ne d\u0117l estetikos, o d\u0117l jausmo<\/p>\n<p>Nors vandenlen\u010di\u0173 sportas i\u0161 \u0161alies da\u017enai siejamas su vasari\u0161ku \u012fvaizd\u017eiu, gra\u017eiais kadrais ir aktyviu laisvalaikiu ant vandens, Goda sako sporto pagal estetik\u0105 nesirenkanti. Jai daug svarbiau tai, kok\u012f jausm\u0105 veikla sukuria ir ar leid\u017eia bent trumpam pakeisti \u012fprast\u0105 miesto ritm\u0105.<\/p>\n<p>Pasak turinio k\u016br\u0117jos, vasar\u0105 tokios veiklos \u012f dien\u0105 \u012fsipai\u0161o daug lengviau nei \u012fprastos treniruot\u0117s. Net ir po darb\u0173 ar filmavim\u0173 nereikia planuoti ilgos i\u0161vykos \u2013 kartais u\u017etenka keli\u0173 valand\u0173 ant vandens, kad vakaras pasisukt\u0173 visai kita kryptimi. Tuo metu mintys nat\u016braliai atsitraukia nuo lai\u0161k\u0173, plan\u0173 ar nebaigt\u0173 darb\u0173, nes visas d\u0117mesys lieka tam, k\u0105 darai \u010dia ir dabar.<\/p>\n<p>\u201eA\u0161 sporto nesirenku pagal tai, kaip jis atrodo. Man svarbiau, kad veikla mane \u012fkv\u0117pt\u0173, duot\u0173 adrenalino ir energijos. Vandenlen\u010di\u0173 sportas man tai ir suteikia \u2013 poj\u016bt\u012f, energij\u0105 ir nor\u0105 dar kart\u0105 gr\u012f\u017eti atgal\u201c, \u2013 teigia Goda Problema.<\/p>\n<p>D\u0117l to vandenlen\u010di\u0173 sportas jai n\u0117ra tik gra\u017eus vasaros fonas ar b\u016bdas papildyti socialini\u0173 tinkl\u0173 turin\u012f. Nors tokia veikla kartais nat\u016braliai tampa \u012fdomia istorija sek\u0117jams, Godai svarbiausia i\u0161lieka pats poj\u016btis \u2013 vanduo, greitis, koncentracija ir galimyb\u0117 net mieste susikurti vakar\u0105, kuris jau\u010diasi kaip trumpas pab\u0117gimas i\u0161 \u012fprastos dienos.<\/p>\n<p>Toks ritmas Godai ir yra \u0161ios vasaros siekis \u2013 ma\u017eiau grie\u017eto plano, daugiau veikl\u0173, kurios atsiranda nat\u016braliai ir leid\u017eia geriau pajusti, ko tuo metu norisi. Vien\u0105 dien\u0105 tai gali b\u016bti ilgesnis pasivaik\u0161\u010diojimas mieste, kit\u0105 \u2013 vakaras prie vandens ar kelios valandos ant lentos. Kai dienos taip kei\u010diasi, svarbu tampa ne tik daugiau jud\u0117ti, bet ir geriau suprasti savo energij\u0105, poils\u012f bei bendr\u0105 savijaut\u0105.<\/p>\n<p>Laikrodis aktyviam miesto ritmui<\/p>\n<p>Aktyvi vasara mieste retai atrodo tokia, koki\u0105 j\u0105 susiplanuoji ryte. Diena gali prasid\u0117ti darbais ar susitikimais, o baigtis pasivaik\u0161\u010diojimu mieste, spontani\u0161ku planu prie vandens ar keliomis valandomis ant lentos. Tod\u0117l svarbu, kad kasdien naudojami \u012frenginiai netrukdyt\u0173 tokiam ritmui, o paprastai prie jo prisitaikyt\u0173.<\/p>\n<p>    <img decoding=\"async\" src=\"https:\/\/www.europesays.com\/lt\/wp-content\/uploads\/2026\/06\/7fa7f93b-ddec-454e-84ba-915874caa154.jpg\" loading=\"lazy\" alt=\"Goda Problema\"\/>    <\/p>\n<p>\u201eHuawei Watch Fit 5 Pro\u201c tokiame ritme veikia ne kaip laikrodis vien treniruot\u0117ms, o kaip kasdienis aksesuaras aktyvesnei vasarai. Daugiau nei 100 sporto re\u017eim\u0173 padeda steb\u0117ti skirtingas aktyvumo formas, ry\u0161kus ekranas i\u0161lieka patogiai matomas lauke, o lengvas korpusas leid\u017eia laikrod\u012f ne\u0161ioti vis\u0105 dien\u0105 \u2013 nuo darb\u0173 iki vakaro mieste ar prie vandens.<\/p>\n<p>Laikrodis padeda matyti ir platesn\u012f dienos vaizd\u0105: fizin\u012f aktyvum\u0105, \u0161irdies ritm\u0105, miego kokyb\u0119 bei kitus savijautos rodiklius. Taip aktyvesn\u0117s dienos tampa ne tik \u012fsp\u016bd\u017eiu, bet ir lengviau pastebimu ritmu \u2013 kiek jud\u0117jai, kaip ils\u0117jaisi, ar u\u017eteko laiko atsigauti. O kai ilgesnei treniruotei vietos dienoje neatsiranda, trump\u0173j\u0173 treniruo\u010di\u0173 re\u017eimas leid\u017eia trumpai pajud\u0117ti be papildomos \u012frangos ar ilgo pasiruo\u0161imo.<\/p>\n<p>Tokiai vasarai prakti\u0161kumo suteikia ir iki 10 dien\u0173 veikianti baterija. Kai planai kei\u010diasi greitai, ma\u017eiau norisi galvoti apie dar vien\u0105 \u012frengin\u012f, kur\u012f reikia nuolat krauti \u2013 ypa\u010d jei viena diena baigiasi ramiai, kita mieste, o tre\u010dia prie vandens.<\/p>\n<p>Nor\u0117dami gauti reguliarias \u201eHuawei Consumer BG\u201c naujienas, sekite mus:<\/p>\n<p>Instagram: https:\/\/www.instagram.com\/huaweimobilelt\/<\/p>\n<p>YouTube: https:\/\/www.youtube.com\/@huaweimobilelithuania4572<\/p>\n<p>Prane\u0161im\u0105 pareng\u0117 Huawei. U\u017e pateiktos informacijos atitikim\u0105 tikrovei ir teis\u0117tum\u0105 atsako prane\u0161imo reng\u0117jas.<\/p>\n<p>       <script async src=\"\/\/www.instagram.com\/embed.js\"><\/script><\/p>\n","protected":false},"excerpt":{"rendered":"\u201eVasar\u0105 norisi daugiau veikl\u0173, kurios i\u0161traukt\u0173 i\u0161 \u012fprasto dienos ritmo \u2013 po darb\u0173 ne visada norisi tiesiog gr\u012f\u017eti&hellip;\n","protected":false},"author":2,"featured_media":199223,"comment_status":"","ping_status":"","sticky":false,"template":"","format":"standard","meta":{"footnotes":"","_share_on_mastodon":"0"},"categories":[15],"tags":[25,30,31,34,35,5279,24,4577,4578,32,33,37,39,36,38,40,23,22,44,28,29,26,27,74,75,76],"class_list":["post-199222","post","type-post","status-publish","format-standard","has-post-thumbnail","category-pasaulis","tag-antrastes","tag-breaking-news","tag-breakingnews","tag-featured-news","tag-featurednews","tag-goda-problema","tag-headlines","tag-huawei","tag-ismanusis-laikrodis","tag-latest-news","tag-latestnews","tag-lietuva","tag-lietuviu","tag-lithuania","tag-lithuanian","tag-lt","tag-naujienos","tag-news","tag-pasaulis","tag-populiariausios-naujienos","tag-populiariausiosnaujienos","tag-top-stories","tag-topstories","tag-world","tag-world-news","tag-worldnews"],"share_on_mastodon":{"url":"https:\/\/pubeurope.com\/@lt\/116721727001852866","error":""},"_links":{"self":[{"href":"https:\/\/www.europesays.com\/lt\/wp-json\/wp\/v2\/posts\/199222","targetHints":{"allow":["GET"]}}],"collection":[{"href":"https:\/\/www.europesays.com\/lt\/wp-json\/wp\/v2\/posts"}],"about":[{"href":"https:\/\/www.europesays.com\/lt\/wp-json\/wp\/v2\/types\/post"}],"author":[{"embeddable":true,"href":"https:\/\/www.europesays.com\/lt\/wp-json\/wp\/v2\/users\/2"}],"replies":[{"embeddable":true,"href":"https:\/\/www.europesays.com\/lt\/wp-json\/wp\/v2\/comments?post=199222"}],"version-history":[{"count":0,"href":"https:\/\/www.europesays.com\/lt\/wp-json\/wp\/v2\/posts\/199222\/revisions"}],"wp:featuredmedia":[{"embeddable":true,"href":"https:\/\/www.europesays.com\/lt\/wp-json\/wp\/v2\/media\/199223"}],"wp:attachment":[{"href":"https:\/\/www.europesays.com\/lt\/wp-json\/wp\/v2\/media?parent=199222"}],"wp:term":[{"taxonomy":"category","embeddable":true,"href":"https:\/\/www.europesays.com\/lt\/wp-json\/wp\/v2\/categories?post=199222"},{"taxonomy":"post_tag","embeddable":true,"href":"https:\/\/www.europesays.com\/lt\/wp-json\/wp\/v2\/tags?post=199222"}],"curies":[{"name":"wp","href":"https:\/\/api.w.org\/{rel}","templated":true}]}}