{"id":199427,"date":"2026-06-10T04:05:55","date_gmt":"2026-06-10T04:05:55","guid":{"rendered":"https:\/\/www.europesays.com\/lt\/199427\/"},"modified":"2026-06-10T04:05:55","modified_gmt":"2026-06-10T04:05:55","slug":"ukrainieciai-smogia-rusijos-naftos-infrastrukturai","status":"publish","type":"post","link":"https:\/\/www.europesays.com\/lt\/199427\/","title":{"rendered":"Ukrainie\u010diai smogia Rusijos naftos infrastrukt\u016brai"},"content":{"rendered":"<p>Ukrainie\u010diai toliau atakuoja rus\u0173 naftos infrastrukt\u016br\u0105<\/p>\n<p>Ukrainie\u010diai toliau baladoja agresoriaus naftos perdirbimo infrastrukt\u016br\u0105. Sprogimai vyko net keliuose objektuose Krasnodaro srityje, kuriais naftos produktai keliauja \u012f Volgogrado naftos produkt\u0173 perdirbimo gamykl\u0105 ir \u201e\u0161e\u0161\u0117lin\u0117s\u201c naftos eksporto terminal\u0105 \u201e\u0160e\u0161karis\u201c. <\/p>\n<p>    <img decoding=\"async\" src=\"https:\/\/www.europesays.com\/lt\/wp-content\/uploads\/2026\/06\/1781064354_36_498a3090-e5f3-4dec-84b8-1d48b96f6cb2.jpg\" loading=\"lazy\" alt=\"Ukrainos paj\u0117gos puol\u0117 strategin\u012f Rusijos naftotiekio mazg\u0105\"\/>    <\/p>\n<p>Taip pat Ukrainos paj\u0117gos v\u0117l sm\u016bgiavo Kryme \u2013 sutrikdytas gele\u017einkelio darbas. Rus\u0173 logistikos kapojimas t\u0119siasi.  <\/p>\n<p>    <img decoding=\"async\" src=\"https:\/\/www.europesays.com\/lt\/wp-content\/uploads\/2026\/06\/67a8bc24-f52b-4546-86b4-195b2385cf4f.jpg\" loading=\"lazy\" alt=\"Per Ukrainos dron\u0173 sm\u016bg\u012f prie\u0161 traukin\u012f Kryme \u017euvo \u017emogus\"\/>    <\/p>\n<p>\u012e Ukrain\u0105 Rusija pasiunt\u0117 per pusantro \u0161imto dron\u0173<\/p>\n<p>Agresorius Ukrainos teritorij\u0105 atakavo 155 \u012fvairi\u0173 tip\u0173 ilgo nuotolio atakos dronais. Ukrainie\u010diai teigia numu\u0161\u0119 ar elektronin\u0117mis karybos priemon\u0117mis nuo taikini\u0173 nukreip\u0119 124 dronus. <\/p>\n<p>Atakuota Odesa, Charkivas ir kiti regionai. Dien\u0105 be dron\u0173 rusai naudojo ir raketas. Tik\u0117tina raketomis atakuota Odesos sritis.<\/p>\n<p>       <img decoding=\"async\" src=\"https:\/\/www.europesays.com\/lt\/wp-content\/uploads\/2026\/06\/2cdde7e9-ee6f-480c-9a3f-989f38c7642d.jpg\" loading=\"lazy\" alt=\"Per Rusijos sm\u016bgius Charkivo srityje \u017euvo penki \u017emon\u0117s\"\/>    <\/p>\n<p>Luhansko kryptis<\/p>\n<p>Kupjanskas. Pana\u0161u, suintensyv\u0117jo m\u016b\u0161iai Kupjansko miesto \u0161iaur\u0117s rytin\u0117se prieigose. Kontaktin\u0117je linijoje pakitim\u0173 nefiksuota.  <\/p>\n<p>Slovianskas. Rusams pavyko pasigerinti pad\u0117t\u012f Raj-Oleksandrivkos ruo\u017ee. Jie pasist\u016bm\u0117jo niekieno \u017eem\u0117je prie Kryva Lykos, t.y. ir toliau pagrindin\u0117s rus\u0173 pastangos nukreiptos \u012f \u0161iaurin\u012f Raj-Oleksandrivkos\/pietin\u012f Lymano flangus.   <\/p>\n<p>Donecko kryptis<\/p>\n<p>Kostiantynivka. Ukrainos gyn\u0117j\u0173 pad\u0117tis mieste sud\u0117tinga. Pietin\u0117 Kostiantynivkos dalis spaud\u017eiama i\u0161 vakar\u0173, ryt\u0173 ir piet\u0173, taip pat agresorius intensyviai atakuoja ukrainie\u010di\u0173 logistinius kelius i\u0161 Kramatorsko \u2013 Sloviansko.  <\/p>\n<p>Pokrovskas \u2013 Iskra. Kontaktin\u0117je linijoje toliau kar\u0161ta, ta\u010diau esmini\u0173 pakitim\u0173 nefiksuota.  <\/p>\n<p>Zapori\u017eios kryptis<\/p>\n<p>Agresoriaus logistin\u0117s problemos t\u0119siasi, tai pripa\u017e\u012fsta ir rus\u0173 karo propagandistai. Kontaktin\u0117je linijoje \u2013 be esmini\u0173 pakitim\u0173.<\/p>\n","protected":false},"excerpt":{"rendered":"Ukrainie\u010diai toliau atakuoja rus\u0173 naftos infrastrukt\u016br\u0105 Ukrainie\u010diai toliau baladoja agresoriaus naftos perdirbimo infrastrukt\u016br\u0105. Sprogimai vyko net keliuose objektuose&hellip;\n","protected":false},"author":2,"featured_media":199428,"comment_status":"","ping_status":"","sticky":false,"template":"","format":"standard","meta":{"footnotes":"","_share_on_mastodon":"0"},"categories":[15],"tags":[25,30,31,34,35,24,121,2146,32,33,37,39,36,38,40,23,22,3215,44,28,29,26,27,74,75,76],"class_list":["post-199427","post","type-post","status-publish","format-standard","has-post-thumbnail","category-pasaulis","tag-antrastes","tag-breaking-news","tag-breakingnews","tag-featured-news","tag-featurednews","tag-headlines","tag-karas-ukrainoje","tag-krymas","tag-latest-news","tag-latestnews","tag-lietuva","tag-lietuviu","tag-lithuania","tag-lithuanian","tag-lt","tag-naujienos","tag-news","tag-odesa","tag-pasaulis","tag-populiariausios-naujienos","tag-populiariausiosnaujienos","tag-top-stories","tag-topstories","tag-world","tag-world-news","tag-worldnews"],"share_on_mastodon":{"url":"https:\/\/pubeurope.com\/@lt\/116723842337924700","error":""},"_links":{"self":[{"href":"https:\/\/www.europesays.com\/lt\/wp-json\/wp\/v2\/posts\/199427","targetHints":{"allow":["GET"]}}],"collection":[{"href":"https:\/\/www.europesays.com\/lt\/wp-json\/wp\/v2\/posts"}],"about":[{"href":"https:\/\/www.europesays.com\/lt\/wp-json\/wp\/v2\/types\/post"}],"author":[{"embeddable":true,"href":"https:\/\/www.europesays.com\/lt\/wp-json\/wp\/v2\/users\/2"}],"replies":[{"embeddable":true,"href":"https:\/\/www.europesays.com\/lt\/wp-json\/wp\/v2\/comments?post=199427"}],"version-history":[{"count":0,"href":"https:\/\/www.europesays.com\/lt\/wp-json\/wp\/v2\/posts\/199427\/revisions"}],"wp:featuredmedia":[{"embeddable":true,"href":"https:\/\/www.europesays.com\/lt\/wp-json\/wp\/v2\/media\/199428"}],"wp:attachment":[{"href":"https:\/\/www.europesays.com\/lt\/wp-json\/wp\/v2\/media?parent=199427"}],"wp:term":[{"taxonomy":"category","embeddable":true,"href":"https:\/\/www.europesays.com\/lt\/wp-json\/wp\/v2\/categories?post=199427"},{"taxonomy":"post_tag","embeddable":true,"href":"https:\/\/www.europesays.com\/lt\/wp-json\/wp\/v2\/tags?post=199427"}],"curies":[{"name":"wp","href":"https:\/\/api.w.org\/{rel}","templated":true}]}}