{"id":199506,"date":"2026-06-10T06:18:09","date_gmt":"2026-06-10T06:18:09","guid":{"rendered":"https:\/\/www.europesays.com\/lt\/199506\/"},"modified":"2026-06-10T06:18:09","modified_gmt":"2026-06-10T06:18:09","slug":"vytautas-rubavicius-scenoje-zmones-kurie-tarsi-uz-nieka-neatsako-respublika-lt","status":"publish","type":"post","link":"https:\/\/www.europesays.com\/lt\/199506\/","title":{"rendered":"Vytautas Rubavi\u010dius: Scenoje \u017emon\u0117s, kurie tarsi u\u017e niek\u0105 neatsako &#8211; Respublika.lt"},"content":{"rendered":"<p style=\"text-align: justify;\" class=\"desktop_banner\">\u00a0<\/p>\n<p>&#8211; Koks buvo J\u016bs\u0173 pirmas \u012fsp\u016bdis, kai i\u0161girdote, buvo nutekinti duomenys i\u0161 Registr\u0173 centro, \u017emoni\u0173 duomenys?<\/p>\n<p>&#8211; Mano pirmas \u012fsp\u016bdis buvo toks, kad tai &#8211; did\u017eiul\u0117 nacionalinio saugumo lygio b\u0117da. Did\u017eiul\u0117 valstyb\u0117s b\u0117da. Pasiklausius ir vis labiau \u012fsiklausant \u012f m\u016bs\u0173 atsaking\u0173 asmen\u0173 ai\u0161kinimus, suprantame, kad tai &#8211; did\u017eiul\u0117 valstyb\u0117s valdymo kriz\u0117.<\/p>\n<p>Prezidentas kalba, ministrai kalba, visi kalbai skirtingai, tai kas tada \u010dia valdo? Kas priima sprendimus? Pavyzd\u017eiui, sprendim\u0105 neprane\u0161ti nukent\u0117jusiems, kad jie nukent\u0117jo?<\/p>\n<p>Ministrai teisinosi Generalin\u0117s prokurat\u016bros prad\u0117tu ikiteisminiu tyrimu, bet Generalin\u0117 prokurat\u016bra neturi teis\u0117s neleisti nukent\u0117jusiems su\u017einoti, kad jie nukent\u0117jo. Juolab kad yra \u012fstatymas, kuris \u012fpareigoja prane\u0161ti i\u0161 karto.<\/p>\n<p>Vadinasi, priimtas sprendimas nesilaikyti \u012fstatymo, akivaizd\u017eiai turi l\u0117kti galvos ka\u017ekieno.<\/p>\n<p>Tai did\u017eiulis laiko tarpsnis, kai nieko nebuvo imtasi. Tarsi ka\u017ekas ka\u017ek\u0105 dar\u0117, bet s\u0117kmingi \u012fsilau\u017eimai vyko toliau. Duomenys perduodami, kaupiami. Kaip jie bus panaudoti, niekas ne\u017eino.<\/p>\n<p>Valstyb\u0117s valdymo problema yra did\u017eiul\u0117, nes visuomen\u0117, kuri dabar \u017ei\u016bri \u012f besiai\u0161kinan\u010dius, mato, kad n\u0117ra valstyb\u0117s valdymo. \u010cia yra dangstymosi strategija. Vieni dengia kitus, nepasako nenusako, bet apgail\u0117tina \u017ei\u016br\u0117ti \u012f ministrus, kurie trauko pe\u010diais, atrodo, ko \u010dia j\u016bs prie m\u016bs\u0173 kimbate, viskas \u010dia tarsi ir gerai&#8230; O kas daroma konkre\u010diai, kaip konkre\u010diai bus u\u017ekardytos visos spragos, niekas nesako.<\/p>\n<p>Pabandykime pasvarstyti, kokios j\u0117gos \u010dia gal\u0117t\u0173 b\u016bti \u012fsijungusios \u012f \u201eduomen\u0173 i\u0161vogimo operacij\u0105&#8221;. Tos j\u0117gos labai i\u0161maningos, jos naudojasi naujausiais dirbtinio intelekto \u012frankiais.<\/p>\n<p>Pasi\u017ei\u016br\u0117kime, kokios paj\u0117gos yra \u012f Lietuv\u0105 suva\u017eiavusios po Luka\u0161enkos perversmo? Tai did\u017eiausia Baltarusijos IT specialist\u0173 \u201earmija&#8221;, dalinys didelis, atvyk\u0119s i\u0161 Minsko. O kuo buvo \u017eymus Minskas? Minskas buvo nepaprastai auk\u0161to lygio IT specialist\u0173 kalv\u0117, centras. Jis buvo \u017einomas Europoje.<\/p>\n<p>Buvo ai\u0161kinama, kad mes \u010dia negalime vis\u0173 patikrinti ir taip toliau.<\/p>\n<p>Gai\u017eausko konferencija (Seimo nario Dainiaus Gai\u017eausko 2024 m. konferencija apie kibernetinio saugumo spragas, &#8211; aut. past.) parod\u0117, kad institucijos, programuotojai nesuprato ir patys negal\u0117jo padaryti to, k\u0105 m\u016bs\u0173 programuotojai, nedirbantys toje institucijoje, gal\u0117jo. Ir jie nustat\u0117 tas saugumo silpn\u0105sias grandis.<\/p>\n<p>&#8211; Po gerb. Dainiaus Gai\u017eausko konferencijos 2024 metais mes visi miegojome, kol pabudino Registr\u0173 centro \u201e\u017eadintuvas&#8221;. Ar net \u0161iandien kai kurie politikai nebando sumenkinti t\u0173 fakt\u0173, kuriuos prie\u0161 kelet\u0105 met\u0173 atskleid\u0117 D.Gai\u017eauskas? Es\u0105 buvo tirti \u201eGai\u017eausko kalb\u0117jimai&#8221;, kad nieko nerasta. Ar \u012fmanoma i\u0161tirti visk\u0105, kas tada konferencijoje buvo i\u0161sakyta? O buvo pasakyta, kad duomenys nuteka kone i\u0161 vis\u0173 sri\u010di\u0173.<\/p>\n<p>&#8211; Dangstymasis, politin\u0117s valios stoka t\u0105 ir rodo.<\/p>\n<p>Pasaulis yra nepaprastai pasikeit\u0119s ne tik technologi\u0161kai, bet ir politi\u0161kai. \u0160iuo metu did\u017eiosios pasaulio valstyb\u0117s yra valdomos rankiniu b\u016bdu. Kad autoritariniai re\u017eimai valdo rankiniu b\u016bdu, tai mes t\u0105 \u017einome.<\/p>\n<p>Dabar ir JAV valdomos rankiniu b\u016bdu, visi\u0161kai autoritari\u0161kai arba diktatori\u0161kai. Kod\u0117l tai daroma? Tod\u0117l, kad ne\u012fmanoma, esant dabartin\u0117s technologin\u0117s raidos lygiui, valdyti demokratiniu b\u016bdu, &#8211; atsilieka, stringa sprendim\u0173 pri\u0117mimas. Per l\u0117ta reakcija \u012f naujus i\u0161\u0161\u016bkius.<\/p>\n<p>Pasi\u017ei\u016br\u0117kime, kas vyksta Europos S\u0105jungoje? ES kol pasiruo\u0161ia naujai direktyvai, kol priimama nauja direktyva&#8230; O Kinijos valdovui, Rusijos ir dabar Jungtini\u0173 Valstij\u0173 tereikia pakelti telefon\u0105 ir viskas pradeda jud\u0117ti. Trampo tarifai &#8211; taigi \u010dia rankinis valdymas, apeinant Kongres\u0105.<\/p>\n<p>&#8211; Premjer\u0117 kalba, kad jos atsistatydinimas b\u016bt\u0173 geriausia dovana prie\u0161ui, Registr\u0173 centras prane\u0161\u0117, kad sustiprino sistem\u0173 apsaug\u0105, bet ar tik tokios retorikos tikisi visuomen\u0117? Jeigu yra globali problema, tai \u017emon\u0117s tikisi globali\u0173 pa\u017ead\u0173 ir sprendim\u0173, o ne kalb\u0173, kaip kas savo k\u0117d\u0119 i\u0161laikys ir kod\u0117l ta k\u0117d\u0117 svarbi?<\/p>\n<p>&#8211; K\u0105 rei\u0161kia pripa\u017einti, tai rei\u0161kia nuvainikuoti save pa\u010dius. Va \u010dia ir prasideda gynyba, visi ima gintis. Dabartin\u0117 valdan\u010dioji dauguma ir koalicija neparod\u0117 politin\u0117s vald\u017eios LRT \u012fstatymo pri\u0117mime, jie leido si\u016bbuoti LRT vadovei, paimti vis\u0105 LRT institucij\u0105 \u012f savo rankas ir ta institucija si\u016bbuoti vis\u0105 valstyb\u0119 rengiant mitingus \u012fvairiausius.<\/p>\n<p>Telkiant \u017emones visi\u0161kai demagogi\u0161ku b\u016bdu, primetant jiems neva jie &#8211; kovoje u\u017e laisv\u0105 \u017eod\u012f. \u010cia gi jokiu laisvu \u017eod\u017eiu n\u0117 nekvep\u0117jo. \u010cia vyko ir vyksta kova d\u0117l tam tikro posto. Ir t\u0105 kov\u0105 LRT vadov\u0117s palaik\u0117 ir palaiko opozicija.<\/p>\n<p>\u010cia nesimat\u0117 jokio valstyb\u0117s vadovavimo, jokios ai\u0161kios nuostatos, kas vyksta. Juk ir t\u0173 vadinam\u0173j\u0173 kult\u016brinink\u0173 protest\u0173 pagrindinis reikalavimas buvo ma\u017eumos Vyriausyb\u0117. Prie Prezident\u016bros protestuotojai i\u0161 prezidento reikalavo, kad jis sakyt\u0173, jog reikalinga ma\u017eumos Vyriausyb\u0117. Tai politinis reikalavimas, jokiais laisvais \u017eod\u017eiais \u010dia nekvepia.<\/p>\n<p>Mes matome, kad valstyb\u0117s judinimas ir dau\u017eymas s\u0117kmingai vyksta, nepaisant vis didesni\u0173 i\u0161\u0161\u016bki\u0173 ir karin\u0117s gr\u0117sm\u0117s, kurios debesys kaupiasi, ir labai spar\u010diai.<\/p>\n<p>&#8211; \u017dinoma, valstybei reikia rimties, ne visuomen\u0117s bruzd\u0117jimo, nes neramumai irgi yra ne ma\u017eiau pavojingi. Bet \u017emon\u0117s turi \u017einoti, kad vald\u017eia ka\u017eko imasi?<\/p>\n<p>&#8211; \u017dmoni\u0173 pasitik\u0117jim\u0105 ir susitelkim\u0105 sustiprint\u0173 labai ai\u0161k\u016bs valstyb\u0117s vadov\u0173 veiksmai. Bet sutartiniai veiksmai. Taip, tai yra did\u017eiul\u0117 b\u0117da, ir mes padarome tai, tai ir tai. Tuojau pat padarome. Yra atsakingi \u017emon\u0117s.<\/p>\n<p>Ai\u0161k\u0117ja, kad net Prezident\u016bros komandoje niekas tarsi ne\u017einojo. Tai atsakingiems u\u017e tam tikras sritis niekas nei paskambina? Tai kokie yra j\u0173 ry\u0161iai su ministrais, viceministrais ir taip toliau.<\/p>\n<p>Kaip gal\u0117jo tiek ilgai b\u016bti slepiamas \u0161itas dalykas nuo prezidento, kuris yra vyriausiasis ginkluot\u0173j\u0173 paj\u0117g\u0173 vadas? Tai visi\u0161kas valstyb\u0117s valdymo fiasko.<\/p>\n<p>Savo neveiklumu ir savo tais ai\u0161kinimais \u0161iurpinama visuomen\u0117.<\/p>\n<p>&#8211; Vartyti klasik\u0173 paminklai ie\u0161kant ka\u017ekoki\u0173 prie\u0161\u0173 ar gr\u0117smi\u0173, o \u0161alia toks kontekstas &#8211; kibernetinio saugumo spragos. Tai kur mes orientuojam\u0117s, kur \u0161vaistome laik\u0105?<\/p>\n<p>&#8211; Rimti dalykai u\u017etu\u0161uojami, visuomenei reikia erzelio. Prie\u0161inasi ir nemato rimt\u0173, dideli\u0173 problem\u0173. Kas valdo valstyb\u0119? Pripa\u017einkime, valstyb\u0119 valdo \u201ebuhalteriai&#8221;, labai menko akira\u010dio, net nesuvokiantys, kas yra naujosios technologijos ir kaip jos pakeit\u0117 vis\u0105 pasaul\u012f.<\/p>\n<p>Scenoje tokie \u017emon\u0117s, kurie tarsi u\u017e niek\u0105 neatsako. K\u0105 mes darome, kad \u017emogus jau nuo rytojaus jaust\u0173si saugiau nei buvo? Kas bus daroma, jei jo duomenimis bus naudojamasi netinkamai ir t.t.<\/p>\n<p>Nejaugi jis pats tur\u0117s \u012f teismus vaik\u0161\u010dioti ir ai\u0161kinti, kad ne jis \u0117m\u0117 paskolas, o jo vardu ka\u017ekas pa\u0117m\u0117? Valstyb\u0117 tur\u0117t\u0173 labai ai\u0161kiai pasakyti, kaip nuo galim\u0173 gr\u0117smi\u0173 apsaugos. \u010cia yra valstyb\u0117s aplaidumas.<\/p>\n<p>&#8211; Kaip manote, ar \u010dia vald\u017eios problema, ar sistemos, kuri i\u0161plaukia galb\u016bt i\u0161 mentaliteto ar kit\u0173 dalyk\u0173?<\/p>\n<p>&#8211; \u010cia yra sistemin\u0117 m\u016bs\u0173 valstyb\u0117s net k\u016brimo b\u0117da. Valstyb\u0119 k\u016br\u0117me ant koki\u0173 pamat\u0173? Ant i\u0161vogto, prichvatizuoto turto. O po to pl\u0117tojame diegdami vis naujas pinig\u0173 \u012fsisavinimo schemas&#8230;<\/p>\n<p>Taip valstyb\u0117 buvo kuriama ir iki \u0161iol taip veikia. Svarbiau yra \u012fsisavinti l\u0117\u0161as, ne tai, kad b\u016bt\u0173 padaryta ka\u017ekas, kad b\u016bt\u0173 u\u017eb\u0117gta u\u017e aki\u0173 galimoms gr\u0117sm\u0117ms.<\/p>\n<p>Reformos, projektai, l\u0117\u0161\u0173 \u012fsisavinimai, \u012fvairiausi mokymai, t.y. irgi l\u0117\u0161\u0173 \u012fsisavinimai.<\/p>\n<p>Vis\u0105 laik\u0105 sakoma, kad l\u0117\u0161\u0173 tr\u016bksta. L\u0117\u0161\u0173 Lietuvoje yra j\u016bros, ka\u017ekas braid\u017eioja tose j\u016brose, apkvait\u0119 nuo galimybi\u0173 semti.<\/p>\n","protected":false},"excerpt":{"rendered":"\u00a0 &#8211; Koks buvo J\u016bs\u0173 pirmas \u012fsp\u016bdis, kai i\u0161girdote, buvo nutekinti duomenys i\u0161 Registr\u0173 centro, \u017emoni\u0173 duomenys? &#8211;&hellip;\n","protected":false},"author":2,"featured_media":199507,"comment_status":"","ping_status":"","sticky":false,"template":"","format":"standard","meta":{"footnotes":"","_share_on_mastodon":"0"},"categories":[13],"tags":[25,1496,30,31,4066,994,2332,34,35,4967,24,32,33,37,39,36,38,40,23,22,28,29,684,25950,21891,5393,26,27],"class_list":["post-199506","post","type-post","status-publish","format-standard","has-post-thumbnail","category-lietuva","tag-antrastes","tag-baltarusija","tag-breaking-news","tag-breakingnews","tag-centras","tag-di","tag-duomenys","tag-featured-news","tag-featurednews","tag-gaizauskas","tag-headlines","tag-latest-news","tag-latestnews","tag-lietuva","tag-lietuviu","tag-lithuania","tag-lithuanian","tag-lt","tag-naujienos","tag-news","tag-populiariausios-naujienos","tag-populiariausiosnaujienos","tag-prezidentas","tag-registru","tag-rubavicius","tag-saugumas","tag-top-stories","tag-topstories"],"share_on_mastodon":{"url":"https:\/\/pubeurope.com\/@lt\/116724361151562801","error":""},"_links":{"self":[{"href":"https:\/\/www.europesays.com\/lt\/wp-json\/wp\/v2\/posts\/199506","targetHints":{"allow":["GET"]}}],"collection":[{"href":"https:\/\/www.europesays.com\/lt\/wp-json\/wp\/v2\/posts"}],"about":[{"href":"https:\/\/www.europesays.com\/lt\/wp-json\/wp\/v2\/types\/post"}],"author":[{"embeddable":true,"href":"https:\/\/www.europesays.com\/lt\/wp-json\/wp\/v2\/users\/2"}],"replies":[{"embeddable":true,"href":"https:\/\/www.europesays.com\/lt\/wp-json\/wp\/v2\/comments?post=199506"}],"version-history":[{"count":0,"href":"https:\/\/www.europesays.com\/lt\/wp-json\/wp\/v2\/posts\/199506\/revisions"}],"wp:featuredmedia":[{"embeddable":true,"href":"https:\/\/www.europesays.com\/lt\/wp-json\/wp\/v2\/media\/199507"}],"wp:attachment":[{"href":"https:\/\/www.europesays.com\/lt\/wp-json\/wp\/v2\/media?parent=199506"}],"wp:term":[{"taxonomy":"category","embeddable":true,"href":"https:\/\/www.europesays.com\/lt\/wp-json\/wp\/v2\/categories?post=199506"},{"taxonomy":"post_tag","embeddable":true,"href":"https:\/\/www.europesays.com\/lt\/wp-json\/wp\/v2\/tags?post=199506"}],"curies":[{"name":"wp","href":"https:\/\/api.w.org\/{rel}","templated":true}]}}