{"id":199539,"date":"2026-06-10T06:45:17","date_gmt":"2026-06-10T06:45:17","guid":{"rendered":"https:\/\/www.europesays.com\/lt\/199539\/"},"modified":"2026-06-10T06:45:17","modified_gmt":"2026-06-10T06:45:17","slug":"chaosas-belfaste-padeginejami-pastatai-ir-automobiliai","status":"publish","type":"post","link":"https:\/\/www.europesays.com\/lt\/199539\/","title":{"rendered":"Chaosas Belfaste: padegin\u0117jami pastatai ir automobiliai"},"content":{"rendered":"<p>Demonstrantai antradienio vakar\u0105 padegin\u0117jo automobilius, taip pat pastatus. Ugniagesiai gelb\u0117jo \u017emones i\u0161 degan\u010di\u0173 nam\u0173. <\/p>\n<p>Demonstracijos kilo pasirod\u017eius i\u0161puolio peiliu, d\u0117l kurio kaltinamas vienas Sudano migrantas, vaizdo \u012fra\u0161ui.<\/p>\n<p>Reaguodami \u012f \u012fra\u0161\u0105, \u012fvairiose Belfasto vietose susirinko \u0161imtai \u017emoni\u0173, daugelis j\u0173, pasak naujien\u0173 agent\u016bros AFP \u017eurnalist\u0173, buvo kauk\u0117ti. Mieste buvo padegtas autobusas ir keli automobiliai. Televizijos parodytuose vaizduose mat\u0117si degantys pastatai.<\/p>\n<p>    <img decoding=\"async\" src=\"https:\/\/www.europesays.com\/lt\/wp-content\/uploads\/2026\/06\/f9636d3d-7797-4c25-9ed4-2f135ee31c61.jpg\" loading=\"lazy\" alt=\"Belfaste padegin\u0117jami pastatai ir automobiliai.\"\/>    <\/p>\n<p>\u201e19.30 val. jie padeg\u0117 \u0161iuk\u0161li\u0173 konteinerius, \u2013 pasakojo vieno namo gyventojas, tur\u0117damas omenyje demonstrantus. \u2013 I\u0161girdome policijos automobilius ir sirenas\u201c. <\/p>\n<p>Pasak kiek daugiau nei metus Belfaste gyvenan\u010dio ind\u0173 kilm\u0117s in\u017einieriaus Eemrano, rinkosi vis daugiau \u017emoni\u0173 ir prad\u0117jo m\u0117tyti padegamuosius u\u017etaisus. Staiga ugnis prad\u0117jo plisti, pastate susidar\u0117 d\u016bmai.<\/p>\n<p>       <img decoding=\"async\" src=\"https:\/\/www.europesays.com\/lt\/wp-content\/uploads\/2026\/06\/d7b563cf-dbef-4f10-b22f-3bc46eaae5d6.jpg\" loading=\"lazy\" alt=\"Belfaste padegin\u0117jami pastatai ir automobiliai.\"\/>    <\/p>\n<p>Galiausiai atskub\u0117jo ugniagesiai ir visus i\u0161ved\u0117 \u012f lauk\u0105, sak\u0117 Eemranas lau\u017eyta angl\u0173 kalba agent\u016brai AFP. 36-eri\u0173 \u010diliet\u0117, kuri \u012f Belfast\u0105 atsikraust\u0117 tik prie\u0161 m\u0117nes\u012f, kalb\u0117jo apie \u201ebaim\u0119 kelian\u010di\u0105\u201c situacij\u0105.<\/p>\n<p>\u0160iaur\u0117s Airijos vyriausyb\u0117s vadov\u0117 Michelle O&#8217;Neill grie\u017etai pasmerk\u0117 protestus ir paragino laikytis ramyb\u0117s.<\/p>\n<p>    <img decoding=\"async\" src=\"https:\/\/www.europesays.com\/lt\/wp-content\/uploads\/2026\/06\/724ac405-2c57-428b-a25c-48e9e09ae66f.jpg\" loading=\"lazy\" alt=\"Belfaste padegin\u0117jami pastatai ir automobiliai.\"\/>    <\/p>\n<p>\u201eKauk\u0117t\u0173 vyr\u0173 grup\u0117s, vejan\u010dios \u0161eimas i\u0161 j\u0173 nam\u0173, juos padegdami \u2013 tai niekas kitas, kaip tik pasibjaur\u0117tinas bailumas\u201c, \u2013 ra\u0161\u0117 ji tinkle \u201eX\u201c.<\/p>\n<p>Prie\u0161 protestus socialiniuose tinkluose paskelbtame vaizdo \u012fra\u0161e matyti, kaip u\u017epuolikas peiliu puola ant \u017eem\u0117s gulint\u012f kraujais apsipylus\u012f vyr\u0105 ir, atrodo, m\u0117gina perr\u0117\u017eti jam gerkl\u0119. <\/p>\n<p>    <img decoding=\"async\" src=\"https:\/\/www.europesays.com\/lt\/wp-content\/uploads\/2026\/06\/d825f0e3-3c97-4694-b3b8-6e7ed466bb97.jpg\" loading=\"lazy\" alt=\"Belfaste padegin\u0117jami pastatai ir automobiliai.\"\/>    <\/p>\n<p>Policijos duomenimis, u\u017epuolikas yra sudanietis, legaliai gyvenantis Jungtin\u0117se Valstijose. 30-metis buvo suimtas, tre\u010diadien\u012f jis tur\u0117t b\u016bti atvesdintas pas teis\u0117j\u0105.\u00a0<\/p>\n","protected":false},"excerpt":{"rendered":"Demonstrantai antradienio vakar\u0105 padegin\u0117jo automobilius, taip pat pastatus. Ugniagesiai gelb\u0117jo \u017emones i\u0161 degan\u010di\u0173 nam\u0173. Demonstracijos kilo pasirod\u017eius i\u0161puolio&hellip;\n","protected":false},"author":2,"featured_media":199540,"comment_status":"","ping_status":"","sticky":false,"template":"","format":"standard","meta":{"footnotes":"","_share_on_mastodon":"0"},"categories":[15],"tags":[25,30788,30,31,3346,34,35,24,32,33,37,39,36,38,40,23,22,44,28,29,1719,894,26,27,74,75,76],"class_list":["post-199539","post","type-post","status-publish","format-standard","has-post-thumbnail","category-pasaulis","tag-antrastes","tag-belfastas","tag-breaking-news","tag-breakingnews","tag-elta-uzsienio-naujiena","tag-featured-news","tag-featurednews","tag-headlines","tag-latest-news","tag-latestnews","tag-lietuva","tag-lietuviu","tag-lithuania","tag-lithuanian","tag-lt","tag-naujienos","tag-news","tag-pasaulis","tag-populiariausios-naujienos","tag-populiariausiosnaujienos","tag-protestas","tag-riauses","tag-top-stories","tag-topstories","tag-world","tag-world-news","tag-worldnews"],"share_on_mastodon":{"url":"https:\/\/pubeurope.com\/@lt\/116724467616801482","error":""},"_links":{"self":[{"href":"https:\/\/www.europesays.com\/lt\/wp-json\/wp\/v2\/posts\/199539","targetHints":{"allow":["GET"]}}],"collection":[{"href":"https:\/\/www.europesays.com\/lt\/wp-json\/wp\/v2\/posts"}],"about":[{"href":"https:\/\/www.europesays.com\/lt\/wp-json\/wp\/v2\/types\/post"}],"author":[{"embeddable":true,"href":"https:\/\/www.europesays.com\/lt\/wp-json\/wp\/v2\/users\/2"}],"replies":[{"embeddable":true,"href":"https:\/\/www.europesays.com\/lt\/wp-json\/wp\/v2\/comments?post=199539"}],"version-history":[{"count":0,"href":"https:\/\/www.europesays.com\/lt\/wp-json\/wp\/v2\/posts\/199539\/revisions"}],"wp:featuredmedia":[{"embeddable":true,"href":"https:\/\/www.europesays.com\/lt\/wp-json\/wp\/v2\/media\/199540"}],"wp:attachment":[{"href":"https:\/\/www.europesays.com\/lt\/wp-json\/wp\/v2\/media?parent=199539"}],"wp:term":[{"taxonomy":"category","embeddable":true,"href":"https:\/\/www.europesays.com\/lt\/wp-json\/wp\/v2\/categories?post=199539"},{"taxonomy":"post_tag","embeddable":true,"href":"https:\/\/www.europesays.com\/lt\/wp-json\/wp\/v2\/tags?post=199539"}],"curies":[{"name":"wp","href":"https:\/\/api.w.org\/{rel}","templated":true}]}}