{"id":200687,"date":"2026-06-11T12:47:43","date_gmt":"2026-06-11T12:47:43","guid":{"rendered":"https:\/\/www.europesays.com\/lt\/200687\/"},"modified":"2026-06-11T12:47:43","modified_gmt":"2026-06-11T12:47:43","slug":"rusija-juodojoje-juroje-puole-du-krovininius-laivus-su-barbadoso-ir-panamos-veliavomis","status":"publish","type":"post","link":"https:\/\/www.europesays.com\/lt\/200687\/","title":{"rendered":"Rusija Juodojoje j\u016broje puol\u0117 du krovininius laivus su Barbadoso ir Panamos v\u0117liavomis"},"content":{"rendered":"<p>Apie tai \u201eTelegram\u201c kanale prane\u0161\u0117 Odesos srities karin\u0117s administracijos vadovas Olehas Kiperis.<\/p>\n<p>\u201ePrie\u0161as toliau terorizuoja taik\u0173 Odesos region\u0105 ir bando sutrikdyti Ukrainos j\u016br\u0173 koridoriaus veikim\u0105. \u0160iandien bepilo\u010diai orlaiviai Juodojoje j\u016broje puol\u0117 du krovininius laivus su Barbadoso ir Panamos v\u0117liavomis, plaukusius j\u016br\u0173 koridoriumi\u201c, \u2013 sakoma prane\u0161ime.\u00a0<\/p>\n<p>Rusija taip pat sureng\u0117 kelias atak\u0173 bangas prie\u0161 pietines Odesos regiono dalis, smog\u0117 \u012f civilin\u0119 infrastrukt\u016br\u0105 ir energetikos objektus. Apie nukent\u0117jusiuosius per \u0161ias atakas \u00a0neprane\u0161ta.<\/p>\n<p>Ukrainos Bendruomeni\u0173 ir teritorij\u0173 pl\u0117tros ministerija per \u201eTelegram\u201c prane\u0161\u0117, kad <a rel=\"noopener nofollow\" target=\"_blank\" href=\"https:\/\/www.delfi.lt\/temos\/laivas\" tag-id=\"39496289\">laivas<\/a> su <a rel=\"noopener nofollow\" target=\"_blank\" href=\"https:\/\/www.delfi.lt\/temos\/panama\" tag-id=\"21801792\">Panamos<\/a> v\u0117liava plauk\u0117 \u012f Odesos srities uost\u0105 pasikrauti metalo. Laive kilo gaisras, ta\u010diau \u012fgula j\u012f greitai u\u017egesino.\u00a0<\/p>\n<p>Taip pat buvo apgadintas kvie\u010dius gaben\u0119s laivas su <a rel=\"noopener nofollow\" target=\"_blank\" href=\"https:\/\/www.delfi.lt\/temos\/barbadosas\" tag-id=\"21801144\">Barbadoso<\/a> v\u0117liava.\u00a0<\/p>\n<p>Abu laivai tinkami plaukioti ir t\u0119s\u0117 kelion\u0119 numatytais mar\u0161rutais.\u00a0<\/p>\n<p>Ministerija pabr\u0117\u017e\u0117, kad pakartotin\u0117s atakos \u00a0prie\u0161 civilinius laivus dar kart\u0105 parod\u0117, jog Rusija s\u0105moningai kelia gr\u0117sm\u0119 j\u016br\u0173 logistikai. Nepaisant to, <a rel=\"noopener nofollow\" target=\"_blank\" href=\"https:\/\/www.delfi.lt\/temos\/ukraina\" tag-id=\"21801988\">Ukrainos<\/a> j\u016br\u0173 koridorius toliau veikia, u\u017etikrindamas eksport\u0105 ir prisid\u0117damas prie pasaulio apr\u016bpinimo maistu.<\/p>\n","protected":false},"excerpt":{"rendered":"Apie tai \u201eTelegram\u201c kanale prane\u0161\u0117 Odesos srities karin\u0117s administracijos vadovas Olehas Kiperis. \u201ePrie\u0161as toliau terorizuoja taik\u0173 Odesos region\u0105&hellip;\n","protected":false},"author":2,"featured_media":200688,"comment_status":"","ping_status":"","sticky":false,"template":"","format":"standard","meta":{"footnotes":"","_share_on_mastodon":"0"},"categories":[15],"tags":[25,30952,30,31,3346,34,35,24,3561,32,33,37,39,36,38,40,23,22,11270,44,28,29,26,27,360,74,75,76],"class_list":["post-200687","post","type-post","status-publish","format-standard","has-post-thumbnail","category-pasaulis","tag-antrastes","tag-barbadosas","tag-breaking-news","tag-breakingnews","tag-elta-uzsienio-naujiena","tag-featured-news","tag-featurednews","tag-headlines","tag-laivas","tag-latest-news","tag-latestnews","tag-lietuva","tag-lietuviu","tag-lithuania","tag-lithuanian","tag-lt","tag-naujienos","tag-news","tag-panama","tag-pasaulis","tag-populiariausios-naujienos","tag-populiariausiosnaujienos","tag-top-stories","tag-topstories","tag-ukraina","tag-world","tag-world-news","tag-worldnews"],"share_on_mastodon":{"url":"https:\/\/pubeurope.com\/@lt\/116731553244675945","error":""},"_links":{"self":[{"href":"https:\/\/www.europesays.com\/lt\/wp-json\/wp\/v2\/posts\/200687","targetHints":{"allow":["GET"]}}],"collection":[{"href":"https:\/\/www.europesays.com\/lt\/wp-json\/wp\/v2\/posts"}],"about":[{"href":"https:\/\/www.europesays.com\/lt\/wp-json\/wp\/v2\/types\/post"}],"author":[{"embeddable":true,"href":"https:\/\/www.europesays.com\/lt\/wp-json\/wp\/v2\/users\/2"}],"replies":[{"embeddable":true,"href":"https:\/\/www.europesays.com\/lt\/wp-json\/wp\/v2\/comments?post=200687"}],"version-history":[{"count":0,"href":"https:\/\/www.europesays.com\/lt\/wp-json\/wp\/v2\/posts\/200687\/revisions"}],"wp:featuredmedia":[{"embeddable":true,"href":"https:\/\/www.europesays.com\/lt\/wp-json\/wp\/v2\/media\/200688"}],"wp:attachment":[{"href":"https:\/\/www.europesays.com\/lt\/wp-json\/wp\/v2\/media?parent=200687"}],"wp:term":[{"taxonomy":"category","embeddable":true,"href":"https:\/\/www.europesays.com\/lt\/wp-json\/wp\/v2\/categories?post=200687"},{"taxonomy":"post_tag","embeddable":true,"href":"https:\/\/www.europesays.com\/lt\/wp-json\/wp\/v2\/tags?post=200687"}],"curies":[{"name":"wp","href":"https:\/\/api.w.org\/{rel}","templated":true}]}}