{"id":200737,"date":"2026-06-11T13:43:36","date_gmt":"2026-06-11T13:43:36","guid":{"rendered":"https:\/\/www.europesays.com\/lt\/200737\/"},"modified":"2026-06-11T13:43:36","modified_gmt":"2026-06-11T13:43:36","slug":"konservatoriai-uzmirso-kad-nera-valdzioje-respublika-lt","status":"publish","type":"post","link":"https:\/\/www.europesays.com\/lt\/200737\/","title":{"rendered":"Konservatoriai u\u017emir\u0161o, kad n\u0117ra vald\u017eioje &#8211; Respublika.lt"},"content":{"rendered":"<p><img loading=\"lazy\" decoding=\"async\" src=\"https:\/\/www.respublika.lt\/lt\/naujienos\/lietuva\/lietuvos_politika\/konservatoriai-uzmirso-kad-nera-valdzioje\/images\/ico_camera_white.gif\" class=\"camera\" width=\"22\" height=\"15\" alt=\"nuotr.\" style=\"position:relative; top:-2px; right:2px;\"\/> 1 nuotr.<\/p>\n<p>Konservatori\u0173 lyderis Laurynas Kas\u010di\u016bnas, lyg b\u016bt\u0173 premjeru, si\u016blo Vyriausyb\u0117s sud\u0117t\u012f ir sprend\u017eia, k\u0105 reik\u0117t\u0173 keisti. Stasio \u017dumbio nuotr.<\/p>\n<p style=\"text-align: justify;\" class=\"desktop_banner\">\u00a0<\/p>\n<p>Apie galimus naujus ministrus kalbama dar labai atsargiai, tuo tarpu konservatori\u0173 lyderis Laurynas Kas\u010di\u016bnas, lyg b\u016bt\u0173 premjeru, si\u016blo Vyriausyb\u0117s sud\u0117t\u012f ir sprend\u017eia, k\u0105 reik\u0117t\u0173 keisti.<\/p>\n<p>Pana\u0161u, kad konservatoriai u\u017emir\u0161o, kad yra opozicijoje ir vis dar galvoja, kad yra vald\u017eioje.<\/p>\n<p>Apie nauj\u0105 vyriausyb\u0119 L.Kas\u010di\u016bnas prakalbo sveikindamas socialdemokrat\u0173 sprendim\u0105 keisti koalicijos sud\u0117t\u012f.<\/p>\n<p>Jis i\u0161d\u0117st\u0117 i\u0161sam\u0173 plan\u0105, kaip toliau tur\u0117t\u0173 b\u016bti formuojama vald\u017eia.<\/p>\n<p>\u201eVis\u0173 pirma turi b\u016bti i\u0161laikytas demokratijos principas ir politini\u0173 partij\u0173 pirmininkai &#8211; savo politini\u0173 bendruomeni\u0173 ir atskir\u0173 ideologij\u0173 lyderiai &#8211; privalo i\u0161eiti i\u0161 patogios asmenin\u0117s erdv\u0117s, siekti ne \u012ftakos, o prisiimti atsakomyb\u0119 u\u017e valstyb\u0119 ir dirbti vykdomojoje vald\u017eioje.<\/p>\n<p>Negali b\u016bti tokios situacijos, kai vis\u0173 trij\u0173 galimos naujos koalicijos partij\u0173 lyderiai nedirba nei nacionaliniame parlamente, nei Vyriausyb\u0117je&#8221;, &#8211; sako L.Kas\u010di\u016bnas.<\/p>\n<p>Ir pateikia konkret\u0173 scenarij\u0173: \u201eSocialdemokrat\u0173 partijos pirmininkas Mindaugas Sinkevi\u010dius tur\u0117t\u0173 imtis formuoti nauj\u0105 Vyriausyb\u0119 ir tapti jos ministru pirmininku.<\/p>\n<p>Jei prie naujos koalicijos jungsis Demokrat\u0173 s\u0105jungos \u201eVardan Lietuvos&#8221; frakcija Seime, \u0161ios partijos laikinasis pirmininkas Virginijus Sinkevi\u010dius, kaip ir Lietuvos valstie\u010di\u0173 ir \u017eali\u0173j\u0173 s\u0105jungos pirmininkas Aurelijus Veryga, tur\u0117t\u0173 atsisakyti Europos Parlamento nario mandato ir prisijungti prie naujosios Vyriausyb\u0117s, tapdami atskir\u0173 sri\u010di\u0173 ministrais.<\/p>\n<p>Tai ne tik politi\u0161kai sustiprint\u0173 Vyriausyb\u0119, bet ir pademonstruot\u0173 visuomenei, kad politiniai lyderiai yra atsakingi ir atskaitingi. Remigijaus \u017demaitai\u010dio populist\u0173 pa\u0161alinimas i\u0161 koalicijos b\u016bt\u0173 nepakankamas \u017eingsnis, jei Vyriausyb\u0117 b\u016bt\u0173 atnaujinta tik kosmeti\u0161kai, o ne i\u0161 esm\u0117s.&#8221;<\/p>\n<p>Pasak L.Kas\u010di\u016bno, Ingos Ruginien\u0117s vadovaujamai Vyriausybei reikia poky\u010di\u0173 ir jis net tiksliai \u012fvardija, kokie ministrai tur\u0117t\u0173 keistis: \u201eAkivaizdu, kad naujojoje Vyriausyb\u0117je darbo negali t\u0119sti vidaus reikal\u0173 ministras Vladislavas Kondratovi\u010dius.<\/p>\n<p>I\u0161 ties\u0173 politin\u0117 kult\u016bra reikalaut\u0173 jam atsistatydinti jau dabar &#8211; tiek d\u0117l mil\u017eini\u0161k\u0105 \u017eal\u0105 valstybei padariusio kibernetinio skandalo, tiek d\u0117l VRM vadov\u0173 abejotin\u0173 ry\u0161i\u0173 su kontrabandos veik\u0117jais ir kontrabandinink\u0173 \u012ftakos teis\u0117saugos institucijose.<\/p>\n<p>D\u0117l Registr\u0173 centro skandalo pareig\u0173 toliau negali eiti ir ekonomikos bei inovacij\u0173 ministras Edvinas Grik\u0161as. Raminta Popovien\u0117 yra viena silpniausi\u0173 ministri\u0173 &#8211; be vizijos, be supratimo, kaip spar\u010diai vystosi mokslas ir technologijos, koki\u0173 pertvark\u0173 reikia auk\u0161tojo mokslo sistemai ir kaip spr\u0119sti demografinius i\u0161\u0161\u016bkius \u0161vietimo srityje.<\/p>\n<p>Socialin\u0117s apsaugos ir darbo ministr\u0117 J\u016brat\u0117 Zailskien\u0117 apskritai yra nesusipratimas. Ji neturi jokios vizijos nei d\u0117l socialin\u0117s nelygyb\u0117s ma\u017einimo, nei d\u0117l kovos su skurdu, nei d\u0117l demografijos kriz\u0117s&#8221;, &#8211; potencialiai kei\u010diamus ministrus vardija L.Kas\u010di\u016bnas.<\/p>\n<p>Jis u\u017esimena, kad kei\u010diamas tur\u0117t\u0173 b\u016bti ir u\u017esienio reikal\u0173 ministras K\u0119stutis Budrys.<\/p>\n<p>Savo \u012fra\u0161\u0105 socialiniame tinkle L.Kas\u010di\u016bnas baigia pa\u017eadu, kad konservatoriai gali pad\u0117ti formuoti Vyriausyb\u0119. Nors jiems ministr\u0173 mandatai nepriklauso, nes jie n\u0117ra valdan\u010diojoje koalicijoje.<\/p>\n<p>Tokia konservatori\u0173 lyderio iniciatyva nustebino \u201evalstie\u010di\u0173&#8221; lyder\u012f Aurelij\u0173 Veryg\u0105: \u201eA\u010di\u016b Laurynui u\u017e patarimus, bet mes kaip nors patys susid\u0117liosim ir koalicijos program\u0105, ir d\u0117l ministr\u0173 nuspr\u0119sime.<\/p>\n<p>Laurynui turiu patarim\u0105 spar\u010diau darbuotis su savo partija ir frakcija, kad joje tradicini\u0173 de\u0161ini\u0173j\u0173 pa\u017ei\u016br\u0173 politikai i\u0161 nykstan\u010dios r\u016b\u0161ies tapt\u0173 vyraujan\u010dia. Tai sunki u\u017eduotis pirmininkui, kuris ne ie\u0161ko \u012ftakos, bet imasi atsakomyb\u0117s. S\u0117km\u0117s, Laurynai. Pad\u0117sime kuo gal\u0117sime.&#8221;<\/p>\n<p>Toks L.Kas\u010di\u016bno \u012fra\u0161as suk\u0117l\u0117 ir nema\u017eai komentatori\u0173 reakcij\u0173.<\/p>\n<p>Internautai steb\u0117josi, kad konservatoriai ima vadovauti neb\u016bdami vald\u017eioje ir klaus\u0117, kas L.Kas\u010di\u016bnui suteik\u0117 \u012fgaliojimus skirti naujus ministrus ir nuo kada opozicija formuoja Vyriausyb\u0119.<\/p>\n<p>Buv\u0119s vidaus reikal\u0173 ministras Gintaras Furmanavi\u010dius L.Kas\u010di\u016bno \u012fra\u0161\u0105 pavadino nam\u0173 darbais \u201evalstie\u010diams&#8221;.<\/p>\n<p>\u201eSocialdemokratai turi nauj\u0105 premjer\u0105&#8230; Kas\u010di\u016bnas d\u0117lioja ministrus, at\u0161aukin\u0117ja europarlamentarus, nurodin\u0117ja, kas kok\u012f post\u0105 privalo u\u017eimti arba b\u016bti pa\u0161alintas&#8230;&#8221;, &#8211; steb\u0117josi VIII Vyriausyb\u0117s valdymo reform\u0173 ir savivaldybi\u0173 reikal\u0173 ministras K\u0119stutis Skrebys.<\/p>\n","protected":false},"excerpt":{"rendered":"1 nuotr. Konservatori\u0173 lyderis Laurynas Kas\u010di\u016bnas, lyg b\u016bt\u0173 premjeru, si\u016blo Vyriausyb\u0117s sud\u0117t\u012f ir sprend\u017eia, k\u0105 reik\u0117t\u0173 keisti. Stasio&hellip;\n","protected":false},"author":2,"featured_media":200738,"comment_status":"","ping_status":"","sticky":false,"template":"","format":"standard","meta":{"footnotes":"","_share_on_mastodon":"0"},"categories":[13],"tags":[25,30,31,34,35,24,3265,414,1133,32,33,37,39,36,38,40,4630,23,22,28,29,2937,2170,26,27,5207,557,413],"class_list":["post-200737","post","type-post","status-publish","format-standard","has-post-thumbnail","category-lietuva","tag-antrastes","tag-breaking-news","tag-breakingnews","tag-featured-news","tag-featurednews","tag-headlines","tag-kasciunas","tag-koalicija","tag-konservatoriai","tag-latest-news","tag-latestnews","tag-lietuva","tag-lietuviu","tag-lithuania","tag-lithuanian","tag-lt","tag-na","tag-naujienos","tag-news","tag-populiariausios-naujienos","tag-populiariausiosnaujienos","tag-sinkevicius","tag-socialdemokratai","tag-top-stories","tag-topstories","tag-veryga","tag-vyriausybe","tag-zemaitaitis"],"share_on_mastodon":{"url":"https:\/\/pubeurope.com\/@lt\/116731773608268067","error":""},"_links":{"self":[{"href":"https:\/\/www.europesays.com\/lt\/wp-json\/wp\/v2\/posts\/200737","targetHints":{"allow":["GET"]}}],"collection":[{"href":"https:\/\/www.europesays.com\/lt\/wp-json\/wp\/v2\/posts"}],"about":[{"href":"https:\/\/www.europesays.com\/lt\/wp-json\/wp\/v2\/types\/post"}],"author":[{"embeddable":true,"href":"https:\/\/www.europesays.com\/lt\/wp-json\/wp\/v2\/users\/2"}],"replies":[{"embeddable":true,"href":"https:\/\/www.europesays.com\/lt\/wp-json\/wp\/v2\/comments?post=200737"}],"version-history":[{"count":0,"href":"https:\/\/www.europesays.com\/lt\/wp-json\/wp\/v2\/posts\/200737\/revisions"}],"wp:featuredmedia":[{"embeddable":true,"href":"https:\/\/www.europesays.com\/lt\/wp-json\/wp\/v2\/media\/200738"}],"wp:attachment":[{"href":"https:\/\/www.europesays.com\/lt\/wp-json\/wp\/v2\/media?parent=200737"}],"wp:term":[{"taxonomy":"category","embeddable":true,"href":"https:\/\/www.europesays.com\/lt\/wp-json\/wp\/v2\/categories?post=200737"},{"taxonomy":"post_tag","embeddable":true,"href":"https:\/\/www.europesays.com\/lt\/wp-json\/wp\/v2\/tags?post=200737"}],"curies":[{"name":"wp","href":"https:\/\/api.w.org\/{rel}","templated":true}]}}